{"id":192230,"date":"2026-02-19T10:50:00","date_gmt":"2026-02-19T13:50:00","guid":{"rendered":"https:\/\/www.hoymercedes.com.ar\/principal\/?p=192230"},"modified":"2026-02-19T10:37:51","modified_gmt":"2026-02-19T13:37:51","slug":"auxiliares-el-consejo-escolar-inicia-actos-publicos-con-nuevas-pautas","status":"publish","type":"post","link":"https:\/\/www.hoymercedes.com.ar\/principal\/2026\/02\/19\/auxiliares-el-consejo-escolar-inicia-actos-publicos-con-nuevas-pautas\/","title":{"rendered":"Auxiliares: el Consejo Escolar inicia actos p\u00fablicos con nuevas pautas"},"content":{"rendered":"\n<p>El Consejo Escolar de Mercedes inform\u00f3 que el pr\u00f3ximo 20 de febrero comenzar\u00e1n los actos p\u00fablicos para la cobertura de suplencias de auxiliares en las escuelas del distrito. La medida apunta a garantizar la r\u00e1pida ocupaci\u00f3n de vacantes de cara al inicio del ciclo lectivo.<\/p>\n\n\n\n<figure class=\"wp-block-image size-large\"><img loading=\"lazy\" decoding=\"async\" width=\"1024\" height=\"683\" data-attachment-id=\"192231\" data-permalink=\"https:\/\/www.hoymercedes.com.ar\/principal\/2026\/02\/19\/auxiliares-el-consejo-escolar-inicia-actos-publicos-con-nuevas-pautas\/image-238\/#main\" data-orig-file=\"https:\/\/www.hoymercedes.com.ar\/principal\/wp-content\/uploads\/2026\/02\/image-40.png\" data-orig-size=\"2048,1365\" data-comments-opened=\"0\" data-image-meta=\"{&quot;aperture&quot;:&quot;0&quot;,&quot;credit&quot;:&quot;&quot;,&quot;camera&quot;:&quot;&quot;,&quot;caption&quot;:&quot;&quot;,&quot;created_timestamp&quot;:&quot;0&quot;,&quot;copyright&quot;:&quot;&quot;,&quot;focal_length&quot;:&quot;0&quot;,&quot;iso&quot;:&quot;0&quot;,&quot;shutter_speed&quot;:&quot;0&quot;,&quot;title&quot;:&quot;&quot;,&quot;orientation&quot;:&quot;0&quot;}\" data-image-title=\"image\" data-image-description=\"\" data-image-caption=\"\" data-large-file=\"https:\/\/www.hoymercedes.com.ar\/principal\/wp-content\/uploads\/2026\/02\/image-40-1024x683.png\" src=\"https:\/\/www.hoymercedes.com.ar\/principal\/wp-content\/uploads\/2026\/02\/image-40-1024x683.png\" alt=\"\" class=\"wp-image-192231\" srcset=\"https:\/\/www.hoymercedes.com.ar\/principal\/wp-content\/uploads\/2026\/02\/image-40-1024x683.png 1024w, https:\/\/www.hoymercedes.com.ar\/principal\/wp-content\/uploads\/2026\/02\/image-40-630x420.png 630w, https:\/\/www.hoymercedes.com.ar\/principal\/wp-content\/uploads\/2026\/02\/image-40-150x100.png 150w, https:\/\/www.hoymercedes.com.ar\/principal\/wp-content\/uploads\/2026\/02\/image-40-1536x1024.png 1536w, https:\/\/www.hoymercedes.com.ar\/principal\/wp-content\/uploads\/2026\/02\/image-40.png 2048w\" sizes=\"auto, (max-width: 1024px) 100vw, 1024px\" \/><\/figure>\n\n\n\n<p>De acuerdo con lo comunicado oficialmente, las designaciones se realizar\u00e1n de forma presencial todos los d\u00edas a partir de las 9.30 en la sede del organismo, ubicada en calle 6 entre 9 y 11. Para participar ser\u00e1 obligatorio presentarse con el DNI y se trabajar\u00e1 con el listado correspondiente al a\u00f1o 2026.<\/p>\n\n\n\n<p>Adem\u00e1s, se estableci\u00f3 que quienes resulten seleccionados deber\u00e1n tomar posesi\u00f3n del cargo el mismo d\u00eda, en el turno asignado. Con este esquema se busca agilizar la cobertura de reemplazos y asegurar el normal funcionamiento de los establecimientos educativos.<\/p>\n\n\n\n<p>Desde el Consejo Escolar remarcaron la importancia de asistir con la documentaci\u00f3n requerida y respetar los horarios previstos, con el fin de evitar demoras durante el proceso de designaci\u00f3n.<\/p>\n","protected":false},"excerpt":{"rendered":"<p>El Consejo Escolar de Mercedes inform\u00f3 que el pr\u00f3ximo 20 de febrero comenzar\u00e1n los actos p\u00fablicos para la cobertura de &#8230; <a title=\"Auxiliares: el Consejo Escolar inicia actos p\u00fablicos con nuevas pautas\" class=\"read-more\" href=\"https:\/\/www.hoymercedes.com.ar\/principal\/2026\/02\/19\/auxiliares-el-consejo-escolar-inicia-actos-publicos-con-nuevas-pautas\/\" aria-label=\"Leer m\u00e1s sobre Auxiliares: el Consejo Escolar inicia actos p\u00fablicos con nuevas pautas\">Leer m\u00e1s<\/a><\/p>\n","protected":false},"author":1,"featured_media":192231,"comment_status":"closed","ping_status":"open","sticky":false,"template":"","format":"standard","meta":{"_monsterinsights_skip_tracking":false,"_monsterinsights_sitenote_active":false,"_monsterinsights_sitenote_note":"","_monsterinsights_sitenote_category":0,"jetpack_post_was_ever_published":false,"_jetpack_newsletter_access":"","_jetpack_dont_email_post_to_subs":false,"_jetpack_newsletter_tier_id":0,"_jetpack_memberships_contains_paywalled_content":false,"_jetpack_memberships_contains_paid_content":false,"footnotes":"","jetpack_publicize_message":"","jetpack_publicize_feature_enabled":true,"jetpack_social_post_already_shared":true,"jetpack_social_options":{"image_generator_settings":{"template":"highway","default_image_id":0,"font":"","enabled":false},"version":2},"_wpas_customize_per_network":false},"categories":[23],"tags":[],"class_list":["post-192230","post","type-post","status-publish","format-standard","has-post-thumbnail","hentry","category-educacion","generate-columns","tablet-grid-50","mobile-grid-100","grid-parent","grid-50"],"jetpack_publicize_connections":[],"jetpack_featured_media_url":"https:\/\/www.hoymercedes.com.ar\/principal\/wp-content\/uploads\/2026\/02\/image-40.png","wps_subtitle":"","jetpack_sharing_enabled":true,"_links":{"self":[{"href":"https:\/\/www.hoymercedes.com.ar\/principal\/wp-json\/wp\/v2\/posts\/192230","targetHints":{"allow":["GET"]}}],"collection":[{"href":"https:\/\/www.hoymercedes.com.ar\/principal\/wp-json\/wp\/v2\/posts"}],"about":[{"href":"https:\/\/www.hoymercedes.com.ar\/principal\/wp-json\/wp\/v2\/types\/post"}],"author":[{"embeddable":true,"href":"https:\/\/www.hoymercedes.com.ar\/principal\/wp-json\/wp\/v2\/users\/1"}],"replies":[{"embeddable":true,"href":"https:\/\/www.hoymercedes.com.ar\/principal\/wp-json\/wp\/v2\/comments?post=192230"}],"version-history":[{"count":1,"href":"https:\/\/www.hoymercedes.com.ar\/principal\/wp-json\/wp\/v2\/posts\/192230\/revisions"}],"predecessor-version":[{"id":192232,"href":"https:\/\/www.hoymercedes.com.ar\/principal\/wp-json\/wp\/v2\/posts\/192230\/revisions\/192232"}],"wp:featuredmedia":[{"embeddable":true,"href":"https:\/\/www.hoymercedes.com.ar\/principal\/wp-json\/wp\/v2\/media\/192231"}],"wp:attachment":[{"href":"https:\/\/www.hoymercedes.com.ar\/principal\/wp-json\/wp\/v2\/media?parent=192230"}],"wp:term":[{"taxonomy":"category","embeddable":true,"href":"https:\/\/www.hoymercedes.com.ar\/principal\/wp-json\/wp\/v2\/categories?post=192230"},{"taxonomy":"post_tag","embeddable":true,"href":"https:\/\/www.hoymercedes.com.ar\/principal\/wp-json\/wp\/v2\/tags?post=192230"}],"curies":[{"name":"wp","href":"https:\/\/api.w.org\/{rel}","templated":true}]}}