{"id":192236,"date":"2026-02-19T11:41:00","date_gmt":"2026-02-19T14:41:00","guid":{"rendered":"https:\/\/www.hoymercedes.com.ar\/principal\/?p=192236"},"modified":"2026-02-19T10:42:25","modified_gmt":"2026-02-19T13:42:25","slug":"el-colegio-de-abogados-de-mercedes-sumo-trece-nuevos-profesionales-a-su-matricula","status":"publish","type":"post","link":"https:\/\/www.hoymercedes.com.ar\/principal\/2026\/02\/19\/el-colegio-de-abogados-de-mercedes-sumo-trece-nuevos-profesionales-a-su-matricula\/","title":{"rendered":"El Colegio de Abogados de Mercedes sum\u00f3 trece nuevos profesionales a su matr\u00edcula"},"content":{"rendered":"\n<p>El Colegio de Abogados del Departamento Judicial de Mercedes realiz\u00f3 una nueva ceremonia de jura mediante la cual quedaron formalmente incorporados trece letrados a la matr\u00edcula institucional. El acto fue encabezado por el presidente de la entidad, el Dr. Hern\u00e1n Alberto Salaverri.<\/p>\n\n\n\n<figure class=\"wp-block-image size-full\"><img loading=\"lazy\" decoding=\"async\" width=\"640\" height=\"345\" data-attachment-id=\"192237\" data-permalink=\"https:\/\/www.hoymercedes.com.ar\/principal\/2026\/02\/19\/el-colegio-de-abogados-de-mercedes-sumo-trece-nuevos-profesionales-a-su-matricula\/image-240\/#main\" data-orig-file=\"https:\/\/www.hoymercedes.com.ar\/principal\/wp-content\/uploads\/2026\/02\/image-42.png\" data-orig-size=\"640,345\" data-comments-opened=\"0\" data-image-meta=\"{&quot;aperture&quot;:&quot;0&quot;,&quot;credit&quot;:&quot;&quot;,&quot;camera&quot;:&quot;&quot;,&quot;caption&quot;:&quot;&quot;,&quot;created_timestamp&quot;:&quot;0&quot;,&quot;copyright&quot;:&quot;&quot;,&quot;focal_length&quot;:&quot;0&quot;,&quot;iso&quot;:&quot;0&quot;,&quot;shutter_speed&quot;:&quot;0&quot;,&quot;title&quot;:&quot;&quot;,&quot;orientation&quot;:&quot;0&quot;}\" data-image-title=\"image\" data-image-description=\"\" data-image-caption=\"\" data-large-file=\"https:\/\/www.hoymercedes.com.ar\/principal\/wp-content\/uploads\/2026\/02\/image-42.png\" src=\"https:\/\/www.hoymercedes.com.ar\/principal\/wp-content\/uploads\/2026\/02\/image-42.png\" alt=\"\" class=\"wp-image-192237\" srcset=\"https:\/\/www.hoymercedes.com.ar\/principal\/wp-content\/uploads\/2026\/02\/image-42.png 640w, https:\/\/www.hoymercedes.com.ar\/principal\/wp-content\/uploads\/2026\/02\/image-42-630x340.png 630w, https:\/\/www.hoymercedes.com.ar\/principal\/wp-content\/uploads\/2026\/02\/image-42-150x81.png 150w\" sizes=\"auto, (max-width: 640px) 100vw, 640px\" \/><\/figure>\n\n\n\n<p>La actividad tuvo lugar el mi\u00e9rcoles 18 de febrero en el Sal\u00f3n de Actos \u201cDr. Arturo Acu\u00f1a Anzorena\u201d. All\u00ed, los flamantes matriculados se acercaron al estrado para firmar la documentaci\u00f3n correspondiente y recibir sus diplomas, paso necesario para poder ejercer la profesi\u00f3n en la jurisdicci\u00f3n.<\/p>\n\n\n\n<p>Los abogados que prestaron juramento fueron Camila Ben\u00edtez, Miguel \u00c1ngel Brunacci, Florencia Macarena Conte, Meggie Fitzsimons, Julia Gandolfo, Silvio Oscar Regules, Am\u00edlcar Nicol\u00e1s Tesoni, Alejo Blas Devechi, Federico Duffo, Felipe L\u00f3pez, Mar\u00eda P\u00eda Mart\u00ednez Lemmo, Natalia Pagliaricci y Mar\u00eda Celeste Poy.<\/p>\n\n\n\n<p>Durante su mensaje, Salaverri dio la bienvenida a los nuevos profesionales y remarc\u00f3 la relevancia \u00e9tica y social del compromiso que asumen al integrarse al Colegio. Desde la instituci\u00f3n tambi\u00e9n felicitaron a los ingresantes y les desearon una trayectoria exitosa en esta nueva etapa profesional.<\/p>\n","protected":false},"excerpt":{"rendered":"<p>El Colegio de Abogados del Departamento Judicial de Mercedes realiz\u00f3 una nueva ceremonia de jura mediante la cual quedaron formalmente &#8230; <a title=\"El Colegio de Abogados de Mercedes sum\u00f3 trece nuevos profesionales a su matr\u00edcula\" class=\"read-more\" href=\"https:\/\/www.hoymercedes.com.ar\/principal\/2026\/02\/19\/el-colegio-de-abogados-de-mercedes-sumo-trece-nuevos-profesionales-a-su-matricula\/\" aria-label=\"Leer m\u00e1s sobre El Colegio de Abogados de Mercedes sum\u00f3 trece nuevos profesionales a su matr\u00edcula\">Leer m\u00e1s<\/a><\/p>\n","protected":false},"author":1,"featured_media":192237,"comment_status":"closed","ping_status":"open","sticky":false,"template":"","format":"standard","meta":{"_monsterinsights_skip_tracking":false,"_monsterinsights_sitenote_active":false,"_monsterinsights_sitenote_note":"","_monsterinsights_sitenote_category":0,"jetpack_post_was_ever_published":false,"_jetpack_newsletter_access":"","_jetpack_dont_email_post_to_subs":false,"_jetpack_newsletter_tier_id":0,"_jetpack_memberships_contains_paywalled_content":false,"_jetpack_memberships_contains_paid_content":false,"footnotes":"","jetpack_publicize_message":"","jetpack_publicize_feature_enabled":true,"jetpack_social_post_already_shared":true,"jetpack_social_options":{"image_generator_settings":{"template":"highway","default_image_id":0,"font":"","enabled":false},"version":2},"_wpas_customize_per_network":false},"categories":[8],"tags":[],"class_list":["post-192236","post","type-post","status-publish","format-standard","has-post-thumbnail","hentry","category-sociedad","generate-columns","tablet-grid-50","mobile-grid-100","grid-parent","grid-50"],"jetpack_publicize_connections":[],"jetpack_featured_media_url":"https:\/\/www.hoymercedes.com.ar\/principal\/wp-content\/uploads\/2026\/02\/image-42.png","wps_subtitle":"","jetpack_sharing_enabled":true,"_links":{"self":[{"href":"https:\/\/www.hoymercedes.com.ar\/principal\/wp-json\/wp\/v2\/posts\/192236","targetHints":{"allow":["GET"]}}],"collection":[{"href":"https:\/\/www.hoymercedes.com.ar\/principal\/wp-json\/wp\/v2\/posts"}],"about":[{"href":"https:\/\/www.hoymercedes.com.ar\/principal\/wp-json\/wp\/v2\/types\/post"}],"author":[{"embeddable":true,"href":"https:\/\/www.hoymercedes.com.ar\/principal\/wp-json\/wp\/v2\/users\/1"}],"replies":[{"embeddable":true,"href":"https:\/\/www.hoymercedes.com.ar\/principal\/wp-json\/wp\/v2\/comments?post=192236"}],"version-history":[{"count":1,"href":"https:\/\/www.hoymercedes.com.ar\/principal\/wp-json\/wp\/v2\/posts\/192236\/revisions"}],"predecessor-version":[{"id":192238,"href":"https:\/\/www.hoymercedes.com.ar\/principal\/wp-json\/wp\/v2\/posts\/192236\/revisions\/192238"}],"wp:featuredmedia":[{"embeddable":true,"href":"https:\/\/www.hoymercedes.com.ar\/principal\/wp-json\/wp\/v2\/media\/192237"}],"wp:attachment":[{"href":"https:\/\/www.hoymercedes.com.ar\/principal\/wp-json\/wp\/v2\/media?parent=192236"}],"wp:term":[{"taxonomy":"category","embeddable":true,"href":"https:\/\/www.hoymercedes.com.ar\/principal\/wp-json\/wp\/v2\/categories?post=192236"},{"taxonomy":"post_tag","embeddable":true,"href":"https:\/\/www.hoymercedes.com.ar\/principal\/wp-json\/wp\/v2\/tags?post=192236"}],"curies":[{"name":"wp","href":"https:\/\/api.w.org\/{rel}","templated":true}]}}