{"id":192239,"date":"2026-02-19T12:23:00","date_gmt":"2026-02-19T15:23:00","guid":{"rendered":"https:\/\/www.hoymercedes.com.ar\/principal\/?p=192239"},"modified":"2026-02-19T10:45:07","modified_gmt":"2026-02-19T13:45:07","slug":"el-dr-mario-ackerman-brindara-en-mercedes-una-capacitacion-sobre-modernizacion-laboral","status":"publish","type":"post","link":"https:\/\/www.hoymercedes.com.ar\/principal\/2026\/02\/19\/el-dr-mario-ackerman-brindara-en-mercedes-una-capacitacion-sobre-modernizacion-laboral\/","title":{"rendered":"El Dr. Mario Ackerman brindar\u00e1 en Mercedes una capacitaci\u00f3n sobre modernizaci\u00f3n laboral"},"content":{"rendered":"\n<p>El Colegio de Abogados del Departamento Judicial de Mercedes anunci\u00f3 la realizaci\u00f3n del ciclo acad\u00e9mico <strong>\u201cProyecto de Modernizaci\u00f3n Laboral\u201d<\/strong>, que contar\u00e1 con la disertaci\u00f3n del reconocido jurista <strong>Dr. Mario Ackerman<\/strong>.<\/p>\n\n\n\n<figure class=\"wp-block-image size-large\"><img loading=\"lazy\" decoding=\"async\" width=\"1024\" height=\"747\" data-attachment-id=\"192240\" data-permalink=\"https:\/\/www.hoymercedes.com.ar\/principal\/2026\/02\/19\/el-dr-mario-ackerman-brindara-en-mercedes-una-capacitacion-sobre-modernizacion-laboral\/image-241\/#main\" data-orig-file=\"https:\/\/www.hoymercedes.com.ar\/principal\/wp-content\/uploads\/2026\/02\/image-43.png\" data-orig-size=\"1600,1167\" data-comments-opened=\"0\" data-image-meta=\"{&quot;aperture&quot;:&quot;0&quot;,&quot;credit&quot;:&quot;&quot;,&quot;camera&quot;:&quot;&quot;,&quot;caption&quot;:&quot;&quot;,&quot;created_timestamp&quot;:&quot;0&quot;,&quot;copyright&quot;:&quot;&quot;,&quot;focal_length&quot;:&quot;0&quot;,&quot;iso&quot;:&quot;0&quot;,&quot;shutter_speed&quot;:&quot;0&quot;,&quot;title&quot;:&quot;&quot;,&quot;orientation&quot;:&quot;0&quot;}\" data-image-title=\"image\" data-image-description=\"\" data-image-caption=\"\" data-large-file=\"https:\/\/www.hoymercedes.com.ar\/principal\/wp-content\/uploads\/2026\/02\/image-43-1024x747.png\" src=\"https:\/\/www.hoymercedes.com.ar\/principal\/wp-content\/uploads\/2026\/02\/image-43-1024x747.png\" alt=\"\" class=\"wp-image-192240\" srcset=\"https:\/\/www.hoymercedes.com.ar\/principal\/wp-content\/uploads\/2026\/02\/image-43-1024x747.png 1024w, https:\/\/www.hoymercedes.com.ar\/principal\/wp-content\/uploads\/2026\/02\/image-43-630x460.png 630w, https:\/\/www.hoymercedes.com.ar\/principal\/wp-content\/uploads\/2026\/02\/image-43-150x109.png 150w, https:\/\/www.hoymercedes.com.ar\/principal\/wp-content\/uploads\/2026\/02\/image-43-1536x1120.png 1536w, https:\/\/www.hoymercedes.com.ar\/principal\/wp-content\/uploads\/2026\/02\/image-43.png 1600w\" sizes=\"auto, (max-width: 1024px) 100vw, 1024px\" \/><\/figure>\n\n\n\n<p>Las jornadas se desarrollar\u00e1n <strong>los d\u00edas 11 de marzo y 14 de abril<\/strong>, en modalidad presencial, dentro del <strong>Sal\u00f3n de Actos \u201cDr. Arturo Acu\u00f1a Anzorena\u201d<\/strong> de la sede institucional, con inicio previsto para las <strong>17:00 horas<\/strong>.<\/p>\n\n\n\n<p>Desde el \u00c1rea Acad\u00e9mica explicaron que el objetivo central del encuentro es <strong>generar un espacio de actualizaci\u00f3n y an\u00e1lisis profundo<\/strong> sobre los procesos de modernizaci\u00f3n normativa que atraviesa actualmente el derecho del trabajo.<\/p>\n\n\n\n<h3 class=\"wp-block-heading\"><strong>Una figura de trayectoria internacional<\/strong><\/h3>\n\n\n\n<p>La participaci\u00f3n de Ackerman es considerada de relevancia para la formaci\u00f3n profesional en la regi\u00f3n. El expositor es <strong>Doctor en Derecho<\/strong>, profesor invitado en la <strong>UBA<\/strong> y en distintas universidades de Am\u00e9rica Latina y Europa. Adem\u00e1s, dirige la <strong>Revista de Derecho Laboral<\/strong> y el <strong>Tratado de Derecho del Trabajo<\/strong> de la editorial Rubinzal Culzoni, y se desempe\u00f1a como consultor de organismos internacionales.<\/p>\n\n\n\n<h3 class=\"wp-block-heading\"><strong>Inscripci\u00f3n y aranceles<\/strong><\/h3>\n\n\n\n<p>La inscripci\u00f3n ya se encuentra abierta de manera online. Los valores establecidos para el ciclo completo de dos encuentros son:<\/p>\n\n\n\n<ul class=\"wp-block-list\">\n<li><strong>Estudiantes de abogac\u00eda y j\u00f3venes abogados:<\/strong> $20.000.<\/li>\n\n\n\n<li><strong>Matriculados del Colegio de Mercedes:<\/strong> $30.000.<\/li>\n\n\n\n<li><strong>Matriculados de otros departamentos judiciales:<\/strong> $60.000.<\/li>\n<\/ul>\n\n\n\n<p>La propuesta se integra a la agenda de <strong>formaci\u00f3n continua<\/strong> del Colegio, con la finalidad de brindar herramientas actualizadas que permitan a los profesionales del derecho <strong>afrontar los desaf\u00edos del cambiante mundo laboral<\/strong>.<\/p>\n","protected":false},"excerpt":{"rendered":"<p>El Colegio de Abogados del Departamento Judicial de Mercedes anunci\u00f3 la realizaci\u00f3n del ciclo acad\u00e9mico \u201cProyecto de Modernizaci\u00f3n Laboral\u201d, que &#8230; <a title=\"El Dr. Mario Ackerman brindar\u00e1 en Mercedes una capacitaci\u00f3n sobre modernizaci\u00f3n laboral\" class=\"read-more\" href=\"https:\/\/www.hoymercedes.com.ar\/principal\/2026\/02\/19\/el-dr-mario-ackerman-brindara-en-mercedes-una-capacitacion-sobre-modernizacion-laboral\/\" aria-label=\"Leer m\u00e1s sobre El Dr. Mario Ackerman brindar\u00e1 en Mercedes una capacitaci\u00f3n sobre modernizaci\u00f3n laboral\">Leer m\u00e1s<\/a><\/p>\n","protected":false},"author":1,"featured_media":192240,"comment_status":"closed","ping_status":"open","sticky":false,"template":"","format":"standard","meta":{"_monsterinsights_skip_tracking":false,"_monsterinsights_sitenote_active":false,"_monsterinsights_sitenote_note":"","_monsterinsights_sitenote_category":0,"jetpack_post_was_ever_published":false,"_jetpack_newsletter_access":"","_jetpack_dont_email_post_to_subs":false,"_jetpack_newsletter_tier_id":0,"_jetpack_memberships_contains_paywalled_content":false,"_jetpack_memberships_contains_paid_content":false,"footnotes":"","jetpack_publicize_message":"","jetpack_publicize_feature_enabled":true,"jetpack_social_post_already_shared":true,"jetpack_social_options":{"image_generator_settings":{"template":"highway","default_image_id":0,"font":"","enabled":false},"version":2},"_wpas_customize_per_network":false},"categories":[8],"tags":[],"class_list":["post-192239","post","type-post","status-publish","format-standard","has-post-thumbnail","hentry","category-sociedad","generate-columns","tablet-grid-50","mobile-grid-100","grid-parent","grid-50"],"jetpack_publicize_connections":[],"jetpack_featured_media_url":"https:\/\/www.hoymercedes.com.ar\/principal\/wp-content\/uploads\/2026\/02\/image-43.png","wps_subtitle":"","jetpack_sharing_enabled":true,"_links":{"self":[{"href":"https:\/\/www.hoymercedes.com.ar\/principal\/wp-json\/wp\/v2\/posts\/192239","targetHints":{"allow":["GET"]}}],"collection":[{"href":"https:\/\/www.hoymercedes.com.ar\/principal\/wp-json\/wp\/v2\/posts"}],"about":[{"href":"https:\/\/www.hoymercedes.com.ar\/principal\/wp-json\/wp\/v2\/types\/post"}],"author":[{"embeddable":true,"href":"https:\/\/www.hoymercedes.com.ar\/principal\/wp-json\/wp\/v2\/users\/1"}],"replies":[{"embeddable":true,"href":"https:\/\/www.hoymercedes.com.ar\/principal\/wp-json\/wp\/v2\/comments?post=192239"}],"version-history":[{"count":1,"href":"https:\/\/www.hoymercedes.com.ar\/principal\/wp-json\/wp\/v2\/posts\/192239\/revisions"}],"predecessor-version":[{"id":192241,"href":"https:\/\/www.hoymercedes.com.ar\/principal\/wp-json\/wp\/v2\/posts\/192239\/revisions\/192241"}],"wp:featuredmedia":[{"embeddable":true,"href":"https:\/\/www.hoymercedes.com.ar\/principal\/wp-json\/wp\/v2\/media\/192240"}],"wp:attachment":[{"href":"https:\/\/www.hoymercedes.com.ar\/principal\/wp-json\/wp\/v2\/media?parent=192239"}],"wp:term":[{"taxonomy":"category","embeddable":true,"href":"https:\/\/www.hoymercedes.com.ar\/principal\/wp-json\/wp\/v2\/categories?post=192239"},{"taxonomy":"post_tag","embeddable":true,"href":"https:\/\/www.hoymercedes.com.ar\/principal\/wp-json\/wp\/v2\/tags?post=192239"}],"curies":[{"name":"wp","href":"https:\/\/api.w.org\/{rel}","templated":true}]}}