{"id":192242,"date":"2026-02-19T13:45:00","date_gmt":"2026-02-19T16:45:00","guid":{"rendered":"https:\/\/www.hoymercedes.com.ar\/principal\/?p=192242"},"modified":"2026-02-19T10:48:02","modified_gmt":"2026-02-19T13:48:02","slug":"plan-m-llega-a-magnolia-quinta-con-una-propuesta-de-teatro-y-gastronomia-al-aire-libre","status":"publish","type":"post","link":"https:\/\/www.hoymercedes.com.ar\/principal\/2026\/02\/19\/plan-m-llega-a-magnolia-quinta-con-una-propuesta-de-teatro-y-gastronomia-al-aire-libre\/","title":{"rendered":"\u201cPlan M\u201d llega a Magnolia Quinta con una propuesta de teatro y gastronom\u00eda al aire libre"},"content":{"rendered":"\n<p>El ciclo teatral <strong>\u201cPlan M\u201d<\/strong> tendr\u00e1 una nueva presentaci\u00f3n en la ciudad: ser\u00e1 el <strong>jueves 26 de febrero desde las 20:30<\/strong>, cuando el espacio cultural y gastron\u00f3mico Magnolia Quinta \u2014ubicado en calle 19 entre 144 y 148\u2014 se transforme en el escenario de esta propuesta esc\u00e9nica.<\/p>\n\n\n\n<figure class=\"wp-block-image size-large\"><img loading=\"lazy\" decoding=\"async\" width=\"819\" height=\"1024\" data-attachment-id=\"192243\" data-permalink=\"https:\/\/www.hoymercedes.com.ar\/principal\/2026\/02\/19\/plan-m-llega-a-magnolia-quinta-con-una-propuesta-de-teatro-y-gastronomia-al-aire-libre\/image-242\/#main\" data-orig-file=\"https:\/\/www.hoymercedes.com.ar\/principal\/wp-content\/uploads\/2026\/02\/image-44.png\" data-orig-size=\"1080,1350\" data-comments-opened=\"0\" data-image-meta=\"{&quot;aperture&quot;:&quot;0&quot;,&quot;credit&quot;:&quot;&quot;,&quot;camera&quot;:&quot;&quot;,&quot;caption&quot;:&quot;&quot;,&quot;created_timestamp&quot;:&quot;0&quot;,&quot;copyright&quot;:&quot;&quot;,&quot;focal_length&quot;:&quot;0&quot;,&quot;iso&quot;:&quot;0&quot;,&quot;shutter_speed&quot;:&quot;0&quot;,&quot;title&quot;:&quot;&quot;,&quot;orientation&quot;:&quot;0&quot;}\" data-image-title=\"image\" data-image-description=\"\" data-image-caption=\"\" data-large-file=\"https:\/\/www.hoymercedes.com.ar\/principal\/wp-content\/uploads\/2026\/02\/image-44-819x1024.png\" src=\"https:\/\/www.hoymercedes.com.ar\/principal\/wp-content\/uploads\/2026\/02\/image-44-819x1024.png\" alt=\"\" class=\"wp-image-192243\" srcset=\"https:\/\/www.hoymercedes.com.ar\/principal\/wp-content\/uploads\/2026\/02\/image-44-819x1024.png 819w, https:\/\/www.hoymercedes.com.ar\/principal\/wp-content\/uploads\/2026\/02\/image-44-496x620.png 496w, https:\/\/www.hoymercedes.com.ar\/principal\/wp-content\/uploads\/2026\/02\/image-44-120x150.png 120w, https:\/\/www.hoymercedes.com.ar\/principal\/wp-content\/uploads\/2026\/02\/image-44.png 1080w\" sizes=\"auto, (max-width: 819px) 100vw, 819px\" \/><\/figure>\n\n\n\n<p>La iniciativa, que ya se consolid\u00f3 en la agenda cultural local tras sus exitosos pasos por el Complejo Cultural La Trocha y La Dumer, ofrece <strong>una experiencia \u00edntima que combina teatro de mon\u00f3logos con la propuesta culinaria del predio<\/strong>.<\/p>\n\n\n\n<p>La funci\u00f3n estar\u00e1 compuesta por <strong>cinco piezas breves de fuerte intensidad dram\u00e1tica y humor\u00edstica<\/strong>, interpretadas por figuras reconocidas de la escena. El programa incluye:<\/p>\n\n\n\n<ul class=\"wp-block-list\">\n<li><strong>Colo Uncal<\/strong> con <em>\u201cEl portero\u201d<\/em> (versi\u00f3n extendida).<\/li>\n\n\n\n<li><strong>Coca Lamothe<\/strong> en <em>\u201cLa monja\u201d<\/em>.<\/li>\n\n\n\n<li><strong>Caro Ezcurra<\/strong> como <em>\u201cMarta Borghi\u201d<\/em>.<\/li>\n\n\n\n<li><strong>Paula Bote<\/strong> interpretando a <em>\u201cCorina\u201d<\/em>.<\/li>\n\n\n\n<li><strong>Lula Matteucci<\/strong> cerrando con <em>\u201cRita Rodr\u00edguez\u201d<\/em>.<\/li>\n<\/ul>\n\n\n\n<p>Desde la organizaci\u00f3n explicaron que la din\u00e1mica busca que el p\u00fablico disfrute <strong>muy cerca de los actores y bajo las estrellas<\/strong>, mientras puede degustar tapeos y platos cl\u00e1sicos del lugar. El objetivo es sostener la cercan\u00eda entre la narrativa teatral y el ambiente distendido de la quinta.<\/p>\n\n\n\n<p>Debido a las caracter\u00edsticas del espect\u00e1culo, <strong>la capacidad ser\u00e1 limitada<\/strong>, por lo que se recomienda adquirir las ubicaciones con anticipaci\u00f3n. El valor de la entrada es de <strong>$10.000 por persona<\/strong>, monto que <strong>no incluye consumiciones ni men\u00fa<\/strong>.<\/p>\n\n\n\n<p>Quienes deseen asistir pueden realizar reservas <strong>v\u00eda WhatsApp al 2324-503800<\/strong>.<\/p>\n","protected":false},"excerpt":{"rendered":"<p>El ciclo teatral \u201cPlan M\u201d tendr\u00e1 una nueva presentaci\u00f3n en la ciudad: ser\u00e1 el jueves 26 de febrero desde las &#8230; <a title=\"\u201cPlan M\u201d llega a Magnolia Quinta con una propuesta de teatro y gastronom\u00eda al aire libre\" class=\"read-more\" href=\"https:\/\/www.hoymercedes.com.ar\/principal\/2026\/02\/19\/plan-m-llega-a-magnolia-quinta-con-una-propuesta-de-teatro-y-gastronomia-al-aire-libre\/\" aria-label=\"Leer m\u00e1s sobre \u201cPlan M\u201d llega a Magnolia Quinta con una propuesta de teatro y gastronom\u00eda al aire libre\">Leer m\u00e1s<\/a><\/p>\n","protected":false},"author":1,"featured_media":192243,"comment_status":"closed","ping_status":"open","sticky":false,"template":"","format":"standard","meta":{"_monsterinsights_skip_tracking":false,"_monsterinsights_sitenote_active":false,"_monsterinsights_sitenote_note":"","_monsterinsights_sitenote_category":0,"jetpack_post_was_ever_published":false,"_jetpack_newsletter_access":"","_jetpack_dont_email_post_to_subs":false,"_jetpack_newsletter_tier_id":0,"_jetpack_memberships_contains_paywalled_content":false,"_jetpack_memberships_contains_paid_content":false,"footnotes":"","jetpack_publicize_message":"","jetpack_publicize_feature_enabled":true,"jetpack_social_post_already_shared":true,"jetpack_social_options":{"image_generator_settings":{"template":"highway","default_image_id":0,"font":"","enabled":false},"version":2},"_wpas_customize_per_network":false},"categories":[104],"tags":[],"class_list":["post-192242","post","type-post","status-publish","format-standard","has-post-thumbnail","hentry","category-cultura","generate-columns","tablet-grid-50","mobile-grid-100","grid-parent","grid-50"],"jetpack_publicize_connections":[],"jetpack_featured_media_url":"https:\/\/www.hoymercedes.com.ar\/principal\/wp-content\/uploads\/2026\/02\/image-44.png","wps_subtitle":"","jetpack_sharing_enabled":true,"_links":{"self":[{"href":"https:\/\/www.hoymercedes.com.ar\/principal\/wp-json\/wp\/v2\/posts\/192242","targetHints":{"allow":["GET"]}}],"collection":[{"href":"https:\/\/www.hoymercedes.com.ar\/principal\/wp-json\/wp\/v2\/posts"}],"about":[{"href":"https:\/\/www.hoymercedes.com.ar\/principal\/wp-json\/wp\/v2\/types\/post"}],"author":[{"embeddable":true,"href":"https:\/\/www.hoymercedes.com.ar\/principal\/wp-json\/wp\/v2\/users\/1"}],"replies":[{"embeddable":true,"href":"https:\/\/www.hoymercedes.com.ar\/principal\/wp-json\/wp\/v2\/comments?post=192242"}],"version-history":[{"count":1,"href":"https:\/\/www.hoymercedes.com.ar\/principal\/wp-json\/wp\/v2\/posts\/192242\/revisions"}],"predecessor-version":[{"id":192244,"href":"https:\/\/www.hoymercedes.com.ar\/principal\/wp-json\/wp\/v2\/posts\/192242\/revisions\/192244"}],"wp:featuredmedia":[{"embeddable":true,"href":"https:\/\/www.hoymercedes.com.ar\/principal\/wp-json\/wp\/v2\/media\/192243"}],"wp:attachment":[{"href":"https:\/\/www.hoymercedes.com.ar\/principal\/wp-json\/wp\/v2\/media?parent=192242"}],"wp:term":[{"taxonomy":"category","embeddable":true,"href":"https:\/\/www.hoymercedes.com.ar\/principal\/wp-json\/wp\/v2\/categories?post=192242"},{"taxonomy":"post_tag","embeddable":true,"href":"https:\/\/www.hoymercedes.com.ar\/principal\/wp-json\/wp\/v2\/tags?post=192242"}],"curies":[{"name":"wp","href":"https:\/\/api.w.org\/{rel}","templated":true}]}}