{"id":192261,"date":"2026-02-20T11:13:00","date_gmt":"2026-02-20T14:13:00","guid":{"rendered":"https:\/\/www.hoymercedes.com.ar\/principal\/?p=192261"},"modified":"2026-02-19T17:26:35","modified_gmt":"2026-02-19T20:26:35","slug":"el-cine-mercedes-se-suma-a-la-fiesta-del-cine","status":"publish","type":"post","link":"https:\/\/www.hoymercedes.com.ar\/principal\/2026\/02\/20\/el-cine-mercedes-se-suma-a-la-fiesta-del-cine\/","title":{"rendered":"El Cine Mercedes se suma a la Fiesta del Cine"},"content":{"rendered":"\n<p><em><strong>Hasta el martes 24 de febrero, las entradas salen 4000 pesos. El evento repercute en distintas salas de todo el pa\u00eds. <\/strong><\/em><\/p>\n\n\n\n<p>Desde el jueves 19, en las salas de cine del pa\u00eds se lleva adelante la \u00abFiesta del Cine\u00bb y el Cine Mercedes se suma al evento ofreciendo el valor de las entradas a $4000. Por este valor, en la pantalla grande local, se podr\u00e1 optar por cualquiera de las tres pel\u00edculas que se proponen hasta el martes 24 de febrero. <\/p>\n\n\n\n<p>La s\u00e9ptima edici\u00f3n en el pa\u00eds busca m\u00e1s all\u00e1 del precio promocional, incentivar el regreso del p\u00fablico a las salas. Es as\u00ed que en las salas argentinas se proponen pel\u00edculas estreno, as\u00ed como cl\u00e1sicos internacionales para que m\u00e1s gente se sume a ver pel\u00edculas ante una gran pantalla. <\/p>\n\n\n\n<p><\/p>\n","protected":false},"excerpt":{"rendered":"<p>Hasta el martes 24 de febrero, las entradas salen 4000 pesos. El evento repercute en distintas salas de todo el &#8230; <a title=\"El Cine Mercedes se suma a la Fiesta del Cine\" class=\"read-more\" href=\"https:\/\/www.hoymercedes.com.ar\/principal\/2026\/02\/20\/el-cine-mercedes-se-suma-a-la-fiesta-del-cine\/\" aria-label=\"Leer m\u00e1s sobre El Cine Mercedes se suma a la Fiesta del Cine\">Leer m\u00e1s<\/a><\/p>\n","protected":false},"author":1,"featured_media":192265,"comment_status":"closed","ping_status":"open","sticky":false,"template":"","format":"standard","meta":{"_monsterinsights_skip_tracking":false,"_monsterinsights_sitenote_active":false,"_monsterinsights_sitenote_note":"","_monsterinsights_sitenote_category":0,"jetpack_post_was_ever_published":false,"_jetpack_newsletter_access":"","_jetpack_dont_email_post_to_subs":false,"_jetpack_newsletter_tier_id":0,"_jetpack_memberships_contains_paywalled_content":false,"_jetpack_memberships_contains_paid_content":false,"footnotes":"","jetpack_publicize_message":"","jetpack_publicize_feature_enabled":true,"jetpack_social_post_already_shared":true,"jetpack_social_options":{"image_generator_settings":{"template":"highway","default_image_id":0,"font":"","enabled":false},"version":2},"_wpas_customize_per_network":false},"categories":[8],"tags":[],"class_list":["post-192261","post","type-post","status-publish","format-standard","has-post-thumbnail","hentry","category-sociedad","generate-columns","tablet-grid-50","mobile-grid-100","grid-parent","grid-50"],"jetpack_publicize_connections":[],"jetpack_featured_media_url":"https:\/\/www.hoymercedes.com.ar\/principal\/wp-content\/uploads\/2026\/02\/cine-mercedes-fachada2.jpg","wps_subtitle":"","jetpack_sharing_enabled":true,"_links":{"self":[{"href":"https:\/\/www.hoymercedes.com.ar\/principal\/wp-json\/wp\/v2\/posts\/192261","targetHints":{"allow":["GET"]}}],"collection":[{"href":"https:\/\/www.hoymercedes.com.ar\/principal\/wp-json\/wp\/v2\/posts"}],"about":[{"href":"https:\/\/www.hoymercedes.com.ar\/principal\/wp-json\/wp\/v2\/types\/post"}],"author":[{"embeddable":true,"href":"https:\/\/www.hoymercedes.com.ar\/principal\/wp-json\/wp\/v2\/users\/1"}],"replies":[{"embeddable":true,"href":"https:\/\/www.hoymercedes.com.ar\/principal\/wp-json\/wp\/v2\/comments?post=192261"}],"version-history":[{"count":1,"href":"https:\/\/www.hoymercedes.com.ar\/principal\/wp-json\/wp\/v2\/posts\/192261\/revisions"}],"predecessor-version":[{"id":192266,"href":"https:\/\/www.hoymercedes.com.ar\/principal\/wp-json\/wp\/v2\/posts\/192261\/revisions\/192266"}],"wp:featuredmedia":[{"embeddable":true,"href":"https:\/\/www.hoymercedes.com.ar\/principal\/wp-json\/wp\/v2\/media\/192265"}],"wp:attachment":[{"href":"https:\/\/www.hoymercedes.com.ar\/principal\/wp-json\/wp\/v2\/media?parent=192261"}],"wp:term":[{"taxonomy":"category","embeddable":true,"href":"https:\/\/www.hoymercedes.com.ar\/principal\/wp-json\/wp\/v2\/categories?post=192261"},{"taxonomy":"post_tag","embeddable":true,"href":"https:\/\/www.hoymercedes.com.ar\/principal\/wp-json\/wp\/v2\/tags?post=192261"}],"curies":[{"name":"wp","href":"https:\/\/api.w.org\/{rel}","templated":true}]}}