{"id":192270,"date":"2026-02-19T21:30:00","date_gmt":"2026-02-20T00:30:00","guid":{"rendered":"https:\/\/www.hoymercedes.com.ar\/principal\/?p=192270"},"modified":"2026-02-19T20:24:15","modified_gmt":"2026-02-19T23:24:15","slug":"detenidos-por-droga-liberados-por-la-justicia-de-mercedes","status":"publish","type":"post","link":"https:\/\/www.hoymercedes.com.ar\/principal\/2026\/02\/19\/detenidos-por-droga-liberados-por-la-justicia-de-mercedes\/","title":{"rendered":"Detenidos por droga liberados por la Justicia de Mercedes"},"content":{"rendered":"\n<figure class=\"wp-block-image size-large is-resized\"><img loading=\"lazy\" decoding=\"async\" width=\"1024\" height=\"576\" data-attachment-id=\"192271\" data-permalink=\"https:\/\/www.hoymercedes.com.ar\/principal\/2026\/02\/19\/detenidos-por-droga-liberados-por-la-justicia-de-mercedes\/droga-chivilcoy\/#main\" data-orig-file=\"https:\/\/www.hoymercedes.com.ar\/principal\/wp-content\/uploads\/2026\/02\/Droga-Chivilcoy.webp\" data-orig-size=\"1280,720\" data-comments-opened=\"0\" data-image-meta=\"{&quot;aperture&quot;:&quot;0&quot;,&quot;credit&quot;:&quot;&quot;,&quot;camera&quot;:&quot;&quot;,&quot;caption&quot;:&quot;&quot;,&quot;created_timestamp&quot;:&quot;0&quot;,&quot;copyright&quot;:&quot;&quot;,&quot;focal_length&quot;:&quot;0&quot;,&quot;iso&quot;:&quot;0&quot;,&quot;shutter_speed&quot;:&quot;0&quot;,&quot;title&quot;:&quot;&quot;,&quot;orientation&quot;:&quot;0&quot;}\" data-image-title=\"Droga-Chivilcoy\" data-image-description=\"&lt;p&gt;Detenidos por droga liberados&lt;\/p&gt;\n\" data-image-caption=\"&lt;p&gt;Detenidos por droga liberados&lt;\/p&gt;\n\" data-large-file=\"https:\/\/www.hoymercedes.com.ar\/principal\/wp-content\/uploads\/2026\/02\/Droga-Chivilcoy-1024x576.webp\" src=\"https:\/\/www.hoymercedes.com.ar\/principal\/wp-content\/uploads\/2026\/02\/Droga-Chivilcoy-1024x576.webp\" alt=\"\" class=\"wp-image-192271\" style=\"width:1060px;height:auto\" srcset=\"https:\/\/www.hoymercedes.com.ar\/principal\/wp-content\/uploads\/2026\/02\/Droga-Chivilcoy-1024x576.webp 1024w, https:\/\/www.hoymercedes.com.ar\/principal\/wp-content\/uploads\/2026\/02\/Droga-Chivilcoy-630x354.webp 630w, https:\/\/www.hoymercedes.com.ar\/principal\/wp-content\/uploads\/2026\/02\/Droga-Chivilcoy-150x84.webp 150w, https:\/\/www.hoymercedes.com.ar\/principal\/wp-content\/uploads\/2026\/02\/Droga-Chivilcoy.webp 1280w\" sizes=\"auto, (max-width: 1024px) 100vw, 1024px\" \/><\/figure>\n\n\n\n<p>Cuatro hombres hab\u00edan sido detenidos por un operativo de control en Ruta Nacional N\u00b05, en jurisdicci\u00f3n de Chivilcoy. Tras las actuaciones de la justicia de Mercedes fueron puestos en libertad.<\/p>\n\n\n\n<p>Bajo las directivas de la Justicia de Mercedes, los cuatro hombres fueron trasladados para prestar declaraci\u00f3n. Tras ser notificados de la formaci\u00f3n de la causa y de los derechos que los asisten como imputados, el juzgado interviniente dispuso que recuperaran la libertad.<\/p>\n\n\n\n<p>Seg\u00fan fuentes policiales ligadas al caso, la resoluci\u00f3n judicial de no dictar medidas restrictivas de la libertad \u2014pese al volumen de la droga incautada\u2014 se fundament\u00f3 en que ninguno de los involucrados presentaba antecedentes penales previos.<\/p>\n\n\n\n<p><strong>El hecho<\/strong><\/p>\n\n\n\n<p>Tras una persecuci\u00f3n y el secuestro de coca\u00edna y marihuana en la Ruta 5, los involucrados prestaron declaraci\u00f3n ante los tribunales mercedinos. Pese a la magnitud del secuestro, la ausencia de antecedentes penales permiti\u00f3 que sigan el proceso fuera de prisi\u00f3n.<\/p>\n\n\n\n<p>En una jornada marcada por intensos operativos de control en los accesos a la regi\u00f3n, la Justicia Federal con asiento en Mercedes tom\u00f3 intervenci\u00f3n en una causa por infracci\u00f3n a la Ley 23.737, luego de que efectivos de la Polic\u00eda Vial de Chivilcoy interceptaran dos veh\u00edculos con estupefacientes en su interior.<\/p>\n\n\n\n<p>Los procedimientos se originaron en la intersecci\u00f3n de la Ruta Nacional N\u00ba 5 y la Ruta Provincial N\u00ba 30. En el primer episodio, una camioneta Ford Ranger intent\u00f3 evadir el ret\u00e9n policial, lo que dio inicio a un \u00abseguimiento controlado\u00bb que finaliz\u00f3 a la altura del kil\u00f3metro 159. En el rodado circulaban dos hombres oriundos de 25 de Mayo.<\/p>\n\n\n\n<p>Minutos m\u00e1s tarde, en el mismo puesto de control, fue interceptado un Citro\u00ebn C4 ocupado por dos hombres procedentes de La Matanza. Tras la requisa de rigor, el personal policial hall\u00f3 una bolsa con una \u00abcantidad significativa\u00bb de marihuana.<\/p>\n","protected":false},"excerpt":{"rendered":"<p>Cuatro hombres hab\u00edan sido detenidos por un operativo de control en Ruta Nacional N\u00b05, en jurisdicci\u00f3n de Chivilcoy. Tras las &#8230; <a title=\"Detenidos por droga liberados por la Justicia de Mercedes\" class=\"read-more\" href=\"https:\/\/www.hoymercedes.com.ar\/principal\/2026\/02\/19\/detenidos-por-droga-liberados-por-la-justicia-de-mercedes\/\" aria-label=\"Leer m\u00e1s sobre Detenidos por droga liberados por la Justicia de Mercedes\">Leer m\u00e1s<\/a><\/p>\n","protected":false},"author":1,"featured_media":192271,"comment_status":"closed","ping_status":"open","sticky":false,"template":"","format":"standard","meta":{"_monsterinsights_skip_tracking":false,"_monsterinsights_sitenote_active":false,"_monsterinsights_sitenote_note":"","_monsterinsights_sitenote_category":0,"jetpack_post_was_ever_published":false,"_jetpack_newsletter_access":"","_jetpack_dont_email_post_to_subs":false,"_jetpack_newsletter_tier_id":0,"_jetpack_memberships_contains_paywalled_content":false,"_jetpack_memberships_contains_paid_content":false,"footnotes":"","jetpack_publicize_message":"","jetpack_publicize_feature_enabled":true,"jetpack_social_post_already_shared":true,"jetpack_social_options":{"image_generator_settings":{"template":"highway","default_image_id":0,"font":"","enabled":false},"version":2},"_wpas_customize_per_network":false},"categories":[85],"tags":[20981,12474],"class_list":["post-192270","post","type-post","status-publish","format-standard","has-post-thumbnail","hentry","category-policial","tag-detenidos-por-droga","tag-justicia-de-mercedes","generate-columns","tablet-grid-50","mobile-grid-100","grid-parent","grid-50"],"jetpack_publicize_connections":[],"jetpack_featured_media_url":"https:\/\/www.hoymercedes.com.ar\/principal\/wp-content\/uploads\/2026\/02\/Droga-Chivilcoy.webp","wps_subtitle":"","jetpack_sharing_enabled":true,"_links":{"self":[{"href":"https:\/\/www.hoymercedes.com.ar\/principal\/wp-json\/wp\/v2\/posts\/192270","targetHints":{"allow":["GET"]}}],"collection":[{"href":"https:\/\/www.hoymercedes.com.ar\/principal\/wp-json\/wp\/v2\/posts"}],"about":[{"href":"https:\/\/www.hoymercedes.com.ar\/principal\/wp-json\/wp\/v2\/types\/post"}],"author":[{"embeddable":true,"href":"https:\/\/www.hoymercedes.com.ar\/principal\/wp-json\/wp\/v2\/users\/1"}],"replies":[{"embeddable":true,"href":"https:\/\/www.hoymercedes.com.ar\/principal\/wp-json\/wp\/v2\/comments?post=192270"}],"version-history":[{"count":1,"href":"https:\/\/www.hoymercedes.com.ar\/principal\/wp-json\/wp\/v2\/posts\/192270\/revisions"}],"predecessor-version":[{"id":192272,"href":"https:\/\/www.hoymercedes.com.ar\/principal\/wp-json\/wp\/v2\/posts\/192270\/revisions\/192272"}],"wp:featuredmedia":[{"embeddable":true,"href":"https:\/\/www.hoymercedes.com.ar\/principal\/wp-json\/wp\/v2\/media\/192271"}],"wp:attachment":[{"href":"https:\/\/www.hoymercedes.com.ar\/principal\/wp-json\/wp\/v2\/media?parent=192270"}],"wp:term":[{"taxonomy":"category","embeddable":true,"href":"https:\/\/www.hoymercedes.com.ar\/principal\/wp-json\/wp\/v2\/categories?post=192270"},{"taxonomy":"post_tag","embeddable":true,"href":"https:\/\/www.hoymercedes.com.ar\/principal\/wp-json\/wp\/v2\/tags?post=192270"}],"curies":[{"name":"wp","href":"https:\/\/api.w.org\/{rel}","templated":true}]}}