{"id":192299,"date":"2026-02-20T11:25:00","date_gmt":"2026-02-20T14:25:00","guid":{"rendered":"https:\/\/www.hoymercedes.com.ar\/principal\/?p=192299"},"modified":"2026-02-19T23:29:45","modified_gmt":"2026-02-20T02:29:45","slug":"caso-braian-cabrera-la-asociacion-de-mujeres-mercedinas-emitio-un-comunicado","status":"publish","type":"post","link":"https:\/\/www.hoymercedes.com.ar\/principal\/2026\/02\/20\/caso-braian-cabrera-la-asociacion-de-mujeres-mercedinas-emitio-un-comunicado\/","title":{"rendered":"Caso Braian Cabrera: La Asociaci\u00f3n de Mujeres Mercedinas emiti\u00f3 un comunicado"},"content":{"rendered":"\n<p>La Asamblea de Mujeres Mercedinas Diversa y Feminista (AMMDYF) difundi\u00f3 un en\u00e9rgico comunicado tras los graves hechos de violencia ocurridos durante las \u00faltimas jornadas de carnaval en la ciudad.<\/p>\n\n\n\n<figure class=\"wp-block-image size-large\"><img loading=\"lazy\" decoding=\"async\" width=\"1024\" height=\"1024\" data-attachment-id=\"192300\" data-permalink=\"https:\/\/www.hoymercedes.com.ar\/principal\/2026\/02\/20\/caso-braian-cabrera-la-asociacion-de-mujeres-mercedinas-emitio-un-comunicado\/image-244\/#main\" data-orig-file=\"https:\/\/www.hoymercedes.com.ar\/principal\/wp-content\/uploads\/2026\/02\/image-46.png\" data-orig-size=\"1920,1920\" data-comments-opened=\"0\" data-image-meta=\"{&quot;aperture&quot;:&quot;0&quot;,&quot;credit&quot;:&quot;&quot;,&quot;camera&quot;:&quot;&quot;,&quot;caption&quot;:&quot;&quot;,&quot;created_timestamp&quot;:&quot;0&quot;,&quot;copyright&quot;:&quot;&quot;,&quot;focal_length&quot;:&quot;0&quot;,&quot;iso&quot;:&quot;0&quot;,&quot;shutter_speed&quot;:&quot;0&quot;,&quot;title&quot;:&quot;&quot;,&quot;orientation&quot;:&quot;0&quot;}\" data-image-title=\"image\" data-image-description=\"\" data-image-caption=\"\" data-large-file=\"https:\/\/www.hoymercedes.com.ar\/principal\/wp-content\/uploads\/2026\/02\/image-46-1024x1024.png\" src=\"https:\/\/www.hoymercedes.com.ar\/principal\/wp-content\/uploads\/2026\/02\/image-46-1024x1024.png\" alt=\"\" class=\"wp-image-192300\" srcset=\"https:\/\/www.hoymercedes.com.ar\/principal\/wp-content\/uploads\/2026\/02\/image-46-1024x1024.png 1024w, https:\/\/www.hoymercedes.com.ar\/principal\/wp-content\/uploads\/2026\/02\/image-46-620x620.png 620w, https:\/\/www.hoymercedes.com.ar\/principal\/wp-content\/uploads\/2026\/02\/image-46-150x150.png 150w, https:\/\/www.hoymercedes.com.ar\/principal\/wp-content\/uploads\/2026\/02\/image-46-1536x1536.png 1536w, https:\/\/www.hoymercedes.com.ar\/principal\/wp-content\/uploads\/2026\/02\/image-46.png 1920w\" sizes=\"auto, (max-width: 1024px) 100vw, 1024px\" \/><\/figure>\n\n\n\n<p>Desde el espacio expresaron un contundente rechazo a lo sucedido y manifestaron su solidaridad con las familias afectadas, con especial menci\u00f3n al caso de Braian Cabrera, el joven de 18 a\u00f1os que falleci\u00f3 en ese marco.<\/p>\n\n\n\n<p>No somos ajenas a la violencia vivida este carnaval en nuestra ciudad. Repudiamos categ\u00f3ricamente lo sucedido y nos solidarizamos con las familias de las v\u00edctimas de los hechos de violencia, sobre todo con los familiares y amigos del joven Braian Cabrera, fallecido, de tan solo 18 a\u00f1os de edad.<\/p>\n\n\n\n<p>No hace mucho estuvimos acompa\u00f1ando a otra familia en Olivera -ac\u00e1 nom\u00e1s &#8211; quien sufre por el linchamiento de Jerem\u00edas, asesinado por un grupo de vecinos que decidi\u00f3 atacarlo de manera brutal provocando su muerte, solo por juzgar su apariencia.<\/p>\n\n\n\n<p>Podr\u00edamos escribir un pergamino con todos los casos de violencia que conocemos y que suceden en nuestra ciudad y alrededores, pero nos parece oportuno aclarar que, lejos de polemizar sobre el destino de los eventos populares y los espacios de encuentros que se dan en estas fechas, defendemos la inclusi\u00f3n de todos los mercedinos a la alegr\u00eda que el carnaval busca contagiar.<\/p>\n\n\n\n<p>Desde la AMMDYF hacemos hincapi\u00e9 en la lectura urgente de los s\u00edntomas que emergen en las grandes crisis econ\u00f3micas y sociales. Sobretodo en los discursos de odio que trascienden la palabra, el tuit, el comentario en redes y cenas familiares, para volverse reales.<\/p>\n\n\n\n<p>Existen muchos organismos de inclusi\u00f3n del Estado que llegan tarde y de manera deficiente hace demasiadas d\u00e9cadas, sobre una sociedad que se ha vuelto, cada d\u00eda m\u00e1s individualista y agresiva, actualmente avalada por las altas esferas del poder pol\u00edtico.<\/p>\n\n\n\n<p>As\u00ed como cada comparsa, cada tribu, cada grupo de pertenencia, leemos estos hechos como mujeres de la ciudad que hemos enfrentado siempre la violencia de todo tipo convocando para debatir y ceder la palabra, para protegernos y trabajar para que se produzca el cambio que esperamos.<\/p>\n\n\n\n<p>Acerca de esta reflexi\u00f3n concluimos que estos hechos no son aislados y que es urgente sostener y abrazar los lazos sociales, as\u00ed como tambi\u00e9n abordar la crisis social de esta ciudad, reflejo del mundo que habitamos.<\/p>\n","protected":false},"excerpt":{"rendered":"<p>La Asamblea de Mujeres Mercedinas Diversa y Feminista (AMMDYF) difundi\u00f3 un en\u00e9rgico comunicado tras los graves hechos de violencia ocurridos &#8230; <a title=\"Caso Braian Cabrera: La Asociaci\u00f3n de Mujeres Mercedinas emiti\u00f3 un comunicado\" class=\"read-more\" href=\"https:\/\/www.hoymercedes.com.ar\/principal\/2026\/02\/20\/caso-braian-cabrera-la-asociacion-de-mujeres-mercedinas-emitio-un-comunicado\/\" aria-label=\"Leer m\u00e1s sobre Caso Braian Cabrera: La Asociaci\u00f3n de Mujeres Mercedinas emiti\u00f3 un comunicado\">Leer m\u00e1s<\/a><\/p>\n","protected":false},"author":1,"featured_media":192300,"comment_status":"closed","ping_status":"open","sticky":false,"template":"","format":"standard","meta":{"_monsterinsights_skip_tracking":false,"_monsterinsights_sitenote_active":false,"_monsterinsights_sitenote_note":"","_monsterinsights_sitenote_category":0,"jetpack_post_was_ever_published":false,"_jetpack_newsletter_access":"","_jetpack_dont_email_post_to_subs":false,"_jetpack_newsletter_tier_id":0,"_jetpack_memberships_contains_paywalled_content":false,"_jetpack_memberships_contains_paid_content":false,"footnotes":"","jetpack_publicize_message":"","jetpack_publicize_feature_enabled":true,"jetpack_social_post_already_shared":true,"jetpack_social_options":{"image_generator_settings":{"template":"highway","default_image_id":0,"font":"","enabled":false},"version":2},"_wpas_customize_per_network":false},"categories":[85],"tags":[],"class_list":["post-192299","post","type-post","status-publish","format-standard","has-post-thumbnail","hentry","category-policial","generate-columns","tablet-grid-50","mobile-grid-100","grid-parent","grid-50"],"jetpack_publicize_connections":[],"jetpack_featured_media_url":"https:\/\/www.hoymercedes.com.ar\/principal\/wp-content\/uploads\/2026\/02\/image-46.png","wps_subtitle":"","jetpack_sharing_enabled":true,"_links":{"self":[{"href":"https:\/\/www.hoymercedes.com.ar\/principal\/wp-json\/wp\/v2\/posts\/192299","targetHints":{"allow":["GET"]}}],"collection":[{"href":"https:\/\/www.hoymercedes.com.ar\/principal\/wp-json\/wp\/v2\/posts"}],"about":[{"href":"https:\/\/www.hoymercedes.com.ar\/principal\/wp-json\/wp\/v2\/types\/post"}],"author":[{"embeddable":true,"href":"https:\/\/www.hoymercedes.com.ar\/principal\/wp-json\/wp\/v2\/users\/1"}],"replies":[{"embeddable":true,"href":"https:\/\/www.hoymercedes.com.ar\/principal\/wp-json\/wp\/v2\/comments?post=192299"}],"version-history":[{"count":1,"href":"https:\/\/www.hoymercedes.com.ar\/principal\/wp-json\/wp\/v2\/posts\/192299\/revisions"}],"predecessor-version":[{"id":192301,"href":"https:\/\/www.hoymercedes.com.ar\/principal\/wp-json\/wp\/v2\/posts\/192299\/revisions\/192301"}],"wp:featuredmedia":[{"embeddable":true,"href":"https:\/\/www.hoymercedes.com.ar\/principal\/wp-json\/wp\/v2\/media\/192300"}],"wp:attachment":[{"href":"https:\/\/www.hoymercedes.com.ar\/principal\/wp-json\/wp\/v2\/media?parent=192299"}],"wp:term":[{"taxonomy":"category","embeddable":true,"href":"https:\/\/www.hoymercedes.com.ar\/principal\/wp-json\/wp\/v2\/categories?post=192299"},{"taxonomy":"post_tag","embeddable":true,"href":"https:\/\/www.hoymercedes.com.ar\/principal\/wp-json\/wp\/v2\/tags?post=192299"}],"curies":[{"name":"wp","href":"https:\/\/api.w.org\/{rel}","templated":true}]}}