{"id":19230,"date":"2013-01-06T20:54:22","date_gmt":"2013-01-06T20:54:22","guid":{"rendered":"http:\/\/www.hoymercedes.com.ar\/principal\/?p=19230"},"modified":"2013-01-06T20:55:11","modified_gmt":"2013-01-06T20:55:11","slug":"fito-se-distanciara-del-selvismo-y-armara-monobloque","status":"publish","type":"post","link":"https:\/\/www.hoymercedes.com.ar\/principal\/2013\/01\/06\/fito-se-distanciara-del-selvismo-y-armara-monobloque\/","title":{"rendered":"Fito se distanciar\u00e1 del selvismo y armar\u00e1 monobloque"},"content":{"rendered":"<figure id=\"attachment_19233\" aria-describedby=\"caption-attachment-19233\" style=\"width: 608px\" class=\"wp-caption aligncenter\"><a href=\"https:\/\/www.hoymercedes.com.ar\/principal\/wp-content\/uploads\/2013\/01\/Pr\u00edncipi-Rodolfo.jpg\"><img loading=\"lazy\" decoding=\"async\" data-attachment-id=\"19233\" data-permalink=\"https:\/\/www.hoymercedes.com.ar\/principal\/2013\/01\/06\/fito-se-distanciara-del-selvismo-y-armara-monobloque\/sanyo-digital-camera-13\/#main\" data-orig-file=\"https:\/\/www.hoymercedes.com.ar\/principal\/wp-content\/uploads\/2013\/01\/Pr\u00edncipi-Rodolfo.jpg\" data-orig-size=\"618,310\" data-comments-opened=\"1\" data-image-meta=\"{&quot;aperture&quot;:&quot;2.8&quot;,&quot;credit&quot;:&quot;&quot;,&quot;camera&quot;:&quot;S770&quot;,&quot;caption&quot;:&quot;&quot;,&quot;created_timestamp&quot;:&quot;1200349439&quot;,&quot;copyright&quot;:&quot;&quot;,&quot;focal_length&quot;:&quot;5.8&quot;,&quot;iso&quot;:&quot;80&quot;,&quot;shutter_speed&quot;:&quot;0.025&quot;,&quot;title&quot;:&quot;SANYO DIGITAL CAMERA&quot;}\" data-image-title=\"Fito Principi\" data-image-description=\"&lt;p&gt;Fito Principi&lt;\/p&gt;\n\" data-image-caption=\"&lt;p&gt;Fito Principi&lt;\/p&gt;\n\" data-large-file=\"https:\/\/www.hoymercedes.com.ar\/principal\/wp-content\/uploads\/2013\/01\/Pr\u00edncipi-Rodolfo.jpg\" class=\"size-full wp-image-19233\" alt=\"Fito Principi\" src=\"https:\/\/www.hoymercedes.com.ar\/principal\/wp-content\/uploads\/2013\/01\/Pr\u00edncipi-Rodolfo.jpg\" width=\"618\" height=\"310\" \/><\/a><figcaption id=\"caption-attachment-19233\" class=\"wp-caption-text\">Fito Principi<\/figcaption><\/figure>\n<p><em><strong>Fito Pr\u00edncip\u00ed anunci\u00f3 que armar\u00e1 un monobloque dado su alejamiento del Sselvismo. Tambi\u00e9n sostuvo que no le avis\u00f3 al intendente porque \u201cla banca es del pueblo\u201d. A su vez reconoci\u00f3 problemas en pediatr\u00eda, pero, neg\u00f3 situaci\u00f3n en oncolog\u00eda.<\/strong><\/em><\/p>\n<p>Las declaraciones de Pr\u00edncipi las efectu\u00f3 el pasado viernes en el programa radial: \u201cPerdidas en la Tribuna\u201d conducido por Clarisa Altieri y Y\u00e9sica L\u00e1ndola en una extensa entrevista en la que hizo fuertes declaraciones.<\/p>\n<p><strong>El Hospital<\/strong><\/p>\n<p>En relaci\u00f3n a la realidad del nosocomio local desminti\u00f3 la idea circulante de que oncolog\u00eda podr\u00eda ser cerrada. Sostuvo que fue un logro de su gesti\u00f3n ante lo cual no est\u00e1 en sus planes. Tambi\u00e9n neg\u00f3 las internas existentes en el personal que merman la calidad del servicio. En cuanto a Pediatr\u00eda reconoci\u00f3 que tienen fuertes problemas en el \u00e1rea. Que varios m\u00e9dicos de dicha especialidad est\u00e1n con licencia sufriendo ampliamente la posibilidad de dar prestaciones a la ciudadan\u00eda.<\/p>\n<p><strong>El aspecto pol\u00edtico<\/strong><\/p>\n<p>La relaci\u00f3n a la cuesti\u00f3n pol\u00edtica Fito Pr\u00edncipi confirm\u00f3 lo que los pasillos especulaban. Se separa del selvismo con el cual ya no tiene relaci\u00f3n pol\u00edtica entendiendo nunca recibi\u00f3 el apoyo debido siendo el Frente Mercedino y en especial el Diputado Espa\u00f1a qui\u00e9n s\u00ed lo hizo en el \u00faltimo tiempo. A su vez coment\u00f3 que se separa del bloque pol\u00edtico en el Concejo Deliberante, pero, no del Partido donde juzga hay gente muy valiosa.<\/p>\n<p>De esta manera, Pr\u00edncipi, de el gran paso pol\u00edtico de los primeros d\u00edas del 2013. Se especula ahora con dos chances futuras: o se podr\u00eda sumar al Frente o bien armar su propia casa pol\u00edtica en la ciudad, pero, esto, en terreno de los potenciales.<\/p>\n","protected":false},"excerpt":{"rendered":"<p>Fito Pr\u00edncip\u00ed anunci\u00f3 que armar\u00e1 un monobloque dado su alejamiento del Sselvismo. Tambi\u00e9n sostuvo que no le avis\u00f3 al intendente &#8230; <a title=\"Fito se distanciar\u00e1 del selvismo y armar\u00e1 monobloque\" class=\"read-more\" href=\"https:\/\/www.hoymercedes.com.ar\/principal\/2013\/01\/06\/fito-se-distanciara-del-selvismo-y-armara-monobloque\/\" aria-label=\"Leer m\u00e1s sobre Fito se distanciar\u00e1 del selvismo y armar\u00e1 monobloque\">Leer m\u00e1s<\/a><\/p>\n","protected":false},"author":1,"featured_media":0,"comment_status":"open","ping_status":"open","sticky":false,"template":"","format":"standard","meta":{"_monsterinsights_skip_tracking":false,"_monsterinsights_sitenote_active":false,"_monsterinsights_sitenote_note":"","_monsterinsights_sitenote_category":0,"jetpack_post_was_ever_published":false,"_jetpack_newsletter_access":"","_jetpack_dont_email_post_to_subs":false,"_jetpack_newsletter_tier_id":0,"_jetpack_memberships_contains_paywalled_content":false,"_jetpack_memberships_contains_paid_content":false,"footnotes":"","jetpack_publicize_message":"","jetpack_publicize_feature_enabled":true,"jetpack_social_post_already_shared":false,"jetpack_social_options":{"image_generator_settings":{"template":"highway","default_image_id":0,"font":"","enabled":false},"version":2},"_wpas_customize_per_network":false},"categories":[5],"tags":[],"class_list":["post-19230","post","type-post","status-publish","format-standard","hentry","category-politica","generate-columns","tablet-grid-50","mobile-grid-100","grid-parent","grid-50"],"jetpack_publicize_connections":[],"jetpack_featured_media_url":"","wps_subtitle":"","jetpack_sharing_enabled":true,"_links":{"self":[{"href":"https:\/\/www.hoymercedes.com.ar\/principal\/wp-json\/wp\/v2\/posts\/19230","targetHints":{"allow":["GET"]}}],"collection":[{"href":"https:\/\/www.hoymercedes.com.ar\/principal\/wp-json\/wp\/v2\/posts"}],"about":[{"href":"https:\/\/www.hoymercedes.com.ar\/principal\/wp-json\/wp\/v2\/types\/post"}],"author":[{"embeddable":true,"href":"https:\/\/www.hoymercedes.com.ar\/principal\/wp-json\/wp\/v2\/users\/1"}],"replies":[{"embeddable":true,"href":"https:\/\/www.hoymercedes.com.ar\/principal\/wp-json\/wp\/v2\/comments?post=19230"}],"version-history":[{"count":0,"href":"https:\/\/www.hoymercedes.com.ar\/principal\/wp-json\/wp\/v2\/posts\/19230\/revisions"}],"wp:attachment":[{"href":"https:\/\/www.hoymercedes.com.ar\/principal\/wp-json\/wp\/v2\/media?parent=19230"}],"wp:term":[{"taxonomy":"category","embeddable":true,"href":"https:\/\/www.hoymercedes.com.ar\/principal\/wp-json\/wp\/v2\/categories?post=19230"},{"taxonomy":"post_tag","embeddable":true,"href":"https:\/\/www.hoymercedes.com.ar\/principal\/wp-json\/wp\/v2\/tags?post=19230"}],"curies":[{"name":"wp","href":"https:\/\/api.w.org\/{rel}","templated":true}]}}