{"id":192302,"date":"2026-02-20T12:32:00","date_gmt":"2026-02-20T15:32:00","guid":{"rendered":"https:\/\/www.hoymercedes.com.ar\/principal\/?p=192302"},"modified":"2026-02-19T23:34:13","modified_gmt":"2026-02-20T02:34:13","slug":"convocan-a-aspirantes-para-el-nuevo-destacamento-de-bomberos-en-gowland","status":"publish","type":"post","link":"https:\/\/www.hoymercedes.com.ar\/principal\/2026\/02\/20\/convocan-a-aspirantes-para-el-nuevo-destacamento-de-bomberos-en-gowland\/","title":{"rendered":"Convocan a aspirantes para el nuevo destacamento de Bomberos en Gowland"},"content":{"rendered":"\n<p>La Asociaci\u00f3n de Bomberos Voluntarios de Mercedes (Destacamento 27) inform\u00f3 que se encuentra abierta la inscripci\u00f3n al Curso de Ingreso destinado a sumar personal para el futuro destacamento de Gowland y su zona de influencia.<\/p>\n\n\n\n<figure class=\"wp-block-image size-large\"><img loading=\"lazy\" decoding=\"async\" width=\"1024\" height=\"682\" data-attachment-id=\"187242\" data-permalink=\"https:\/\/www.hoymercedes.com.ar\/principal\/2025\/08\/26\/bomberos-voluntarios-de-mercedes-realizaron-49-salidas-en-julio\/bomberos-voluntarios-mercedes\/#main\" data-orig-file=\"https:\/\/www.hoymercedes.com.ar\/principal\/wp-content\/uploads\/2025\/08\/Bomberos-Voluntarios-Mercedes.jpg\" data-orig-size=\"1319,879\" data-comments-opened=\"0\" data-image-meta=\"{&quot;aperture&quot;:&quot;0&quot;,&quot;credit&quot;:&quot;&quot;,&quot;camera&quot;:&quot;&quot;,&quot;caption&quot;:&quot;&quot;,&quot;created_timestamp&quot;:&quot;0&quot;,&quot;copyright&quot;:&quot;&quot;,&quot;focal_length&quot;:&quot;0&quot;,&quot;iso&quot;:&quot;0&quot;,&quot;shutter_speed&quot;:&quot;0&quot;,&quot;title&quot;:&quot;&quot;,&quot;orientation&quot;:&quot;0&quot;}\" data-image-title=\"Bomberos Voluntarios Mercedes\" data-image-description=\"&lt;p&gt;Bomberos Voluntarios Mercedes &lt;\/p&gt;\n\" data-image-caption=\"&lt;p&gt;Bomberos Voluntarios Mercedes &lt;\/p&gt;\n\" data-large-file=\"https:\/\/www.hoymercedes.com.ar\/principal\/wp-content\/uploads\/2025\/08\/Bomberos-Voluntarios-Mercedes-1024x682.jpg\" src=\"https:\/\/www.hoymercedes.com.ar\/principal\/wp-content\/uploads\/2025\/08\/Bomberos-Voluntarios-Mercedes-1024x682.jpg\" alt=\"Bomberos Voluntarios Mercedes\" class=\"wp-image-187242\" srcset=\"https:\/\/www.hoymercedes.com.ar\/principal\/wp-content\/uploads\/2025\/08\/Bomberos-Voluntarios-Mercedes-1024x682.jpg 1024w, https:\/\/www.hoymercedes.com.ar\/principal\/wp-content\/uploads\/2025\/08\/Bomberos-Voluntarios-Mercedes-630x420.jpg 630w, https:\/\/www.hoymercedes.com.ar\/principal\/wp-content\/uploads\/2025\/08\/Bomberos-Voluntarios-Mercedes-150x100.jpg 150w, https:\/\/www.hoymercedes.com.ar\/principal\/wp-content\/uploads\/2025\/08\/Bomberos-Voluntarios-Mercedes-700x465.jpg 700w, https:\/\/www.hoymercedes.com.ar\/principal\/wp-content\/uploads\/2025\/08\/Bomberos-Voluntarios-Mercedes.jpg 1319w\" sizes=\"auto, (max-width: 1024px) 100vw, 1024px\" \/><figcaption class=\"wp-element-caption\">Bomberos Voluntarios Mercedes <\/figcaption><\/figure>\n\n\n\n<p>La iniciativa apunta a reforzar la capacidad de respuesta ante emergencias en el \u00e1rea rural y en localidades cercanas del partido, en el marco de la construcci\u00f3n del nuevo predio donde funcionar\u00e1 la dependencia.<\/p>\n\n\n\n<p>Para postularse, los aspirantes deber\u00e1n cumplir con requisitos espec\u00edficos: ser argentinos nativos o por opci\u00f3n; tener domicilio en Gowland, Altamira o Agote; contar con entre 18 y 38 a\u00f1os; poseer el Ciclo B\u00e1sico completo; y presentar certificado de antecedentes penales junto con aptitud psicof\u00edsica.<\/p>\n\n\n\n<p>Quienes est\u00e9n interesados pueden inscribirse mediante distintas v\u00edas: a trav\u00e9s del formulario online disponible en las redes oficiales de la instituci\u00f3n; de manera presencial en las oficinas de calle 15 entre 20 y 22, de lunes a viernes de 9:00 a 12:30 y de 15:00 a 18:00; o por WhatsApp al 2324-585242 y al tel\u00e9fono 2324-427300.<\/p>\n\n\n\n<p>Desde la entidad destacaron que la convocatoria busca fortalecer el servicio en la zona y acompa\u00f1ar el crecimiento del nuevo destacamento.<\/p>\n","protected":false},"excerpt":{"rendered":"<p>La Asociaci\u00f3n de Bomberos Voluntarios de Mercedes (Destacamento 27) inform\u00f3 que se encuentra abierta la inscripci\u00f3n al Curso de Ingreso &#8230; <a title=\"Convocan a aspirantes para el nuevo destacamento de Bomberos en Gowland\" class=\"read-more\" href=\"https:\/\/www.hoymercedes.com.ar\/principal\/2026\/02\/20\/convocan-a-aspirantes-para-el-nuevo-destacamento-de-bomberos-en-gowland\/\" aria-label=\"Leer m\u00e1s sobre Convocan a aspirantes para el nuevo destacamento de Bomberos en Gowland\">Leer m\u00e1s<\/a><\/p>\n","protected":false},"author":1,"featured_media":187242,"comment_status":"closed","ping_status":"open","sticky":false,"template":"","format":"standard","meta":{"_monsterinsights_skip_tracking":false,"_monsterinsights_sitenote_active":false,"_monsterinsights_sitenote_note":"","_monsterinsights_sitenote_category":0,"jetpack_post_was_ever_published":false,"_jetpack_newsletter_access":"","_jetpack_dont_email_post_to_subs":false,"_jetpack_newsletter_tier_id":0,"_jetpack_memberships_contains_paywalled_content":false,"_jetpack_memberships_contains_paid_content":false,"footnotes":"","jetpack_publicize_message":"","jetpack_publicize_feature_enabled":true,"jetpack_social_post_already_shared":true,"jetpack_social_options":{"image_generator_settings":{"template":"highway","default_image_id":0,"font":"","enabled":false},"version":2},"_wpas_customize_per_network":false},"categories":[8],"tags":[],"class_list":["post-192302","post","type-post","status-publish","format-standard","has-post-thumbnail","hentry","category-sociedad","generate-columns","tablet-grid-50","mobile-grid-100","grid-parent","grid-50"],"jetpack_publicize_connections":[],"jetpack_featured_media_url":"https:\/\/www.hoymercedes.com.ar\/principal\/wp-content\/uploads\/2025\/08\/Bomberos-Voluntarios-Mercedes.jpg","wps_subtitle":"","jetpack_sharing_enabled":true,"_links":{"self":[{"href":"https:\/\/www.hoymercedes.com.ar\/principal\/wp-json\/wp\/v2\/posts\/192302","targetHints":{"allow":["GET"]}}],"collection":[{"href":"https:\/\/www.hoymercedes.com.ar\/principal\/wp-json\/wp\/v2\/posts"}],"about":[{"href":"https:\/\/www.hoymercedes.com.ar\/principal\/wp-json\/wp\/v2\/types\/post"}],"author":[{"embeddable":true,"href":"https:\/\/www.hoymercedes.com.ar\/principal\/wp-json\/wp\/v2\/users\/1"}],"replies":[{"embeddable":true,"href":"https:\/\/www.hoymercedes.com.ar\/principal\/wp-json\/wp\/v2\/comments?post=192302"}],"version-history":[{"count":1,"href":"https:\/\/www.hoymercedes.com.ar\/principal\/wp-json\/wp\/v2\/posts\/192302\/revisions"}],"predecessor-version":[{"id":192305,"href":"https:\/\/www.hoymercedes.com.ar\/principal\/wp-json\/wp\/v2\/posts\/192302\/revisions\/192305"}],"wp:featuredmedia":[{"embeddable":true,"href":"https:\/\/www.hoymercedes.com.ar\/principal\/wp-json\/wp\/v2\/media\/187242"}],"wp:attachment":[{"href":"https:\/\/www.hoymercedes.com.ar\/principal\/wp-json\/wp\/v2\/media?parent=192302"}],"wp:term":[{"taxonomy":"category","embeddable":true,"href":"https:\/\/www.hoymercedes.com.ar\/principal\/wp-json\/wp\/v2\/categories?post=192302"},{"taxonomy":"post_tag","embeddable":true,"href":"https:\/\/www.hoymercedes.com.ar\/principal\/wp-json\/wp\/v2\/tags?post=192302"}],"curies":[{"name":"wp","href":"https:\/\/api.w.org\/{rel}","templated":true}]}}