{"id":192329,"date":"2026-02-20T20:11:40","date_gmt":"2026-02-20T23:11:40","guid":{"rendered":"https:\/\/www.hoymercedes.com.ar\/principal\/?p=192329"},"modified":"2026-02-20T20:11:42","modified_gmt":"2026-02-20T23:11:42","slug":"caso-braian-cabrera-marchan-a-fiscalia-para-exigir-justicia","status":"publish","type":"post","link":"https:\/\/www.hoymercedes.com.ar\/principal\/2026\/02\/20\/caso-braian-cabrera-marchan-a-fiscalia-para-exigir-justicia\/","title":{"rendered":"Caso Braian Cabrera: Marchan a fiscal\u00eda para exigir justicia"},"content":{"rendered":"\n<p>Familiares y amigos de Brian Cabrera se movilizaron a las dependencias judiciales de Mercedes para solicitar que no se libere a los acusados del asesinato del joven vecino.<\/p>\n\n\n\n<figure class=\"wp-block-image size-full\"><img loading=\"lazy\" decoding=\"async\" width=\"900\" height=\"600\" data-attachment-id=\"192330\" data-permalink=\"https:\/\/www.hoymercedes.com.ar\/principal\/2026\/02\/20\/caso-braian-cabrera-marchan-a-fiscalia-para-exigir-justicia\/whatsapp-image-2026-02-20-at-15-13-00\/#main\" data-orig-file=\"https:\/\/www.hoymercedes.com.ar\/principal\/wp-content\/uploads\/2026\/02\/WhatsApp-Image-2026-02-20-at-15.13.00.jpeg\" data-orig-size=\"900,600\" data-comments-opened=\"0\" data-image-meta=\"{&quot;aperture&quot;:&quot;0&quot;,&quot;credit&quot;:&quot;&quot;,&quot;camera&quot;:&quot;&quot;,&quot;caption&quot;:&quot;&quot;,&quot;created_timestamp&quot;:&quot;0&quot;,&quot;copyright&quot;:&quot;&quot;,&quot;focal_length&quot;:&quot;0&quot;,&quot;iso&quot;:&quot;0&quot;,&quot;shutter_speed&quot;:&quot;0&quot;,&quot;title&quot;:&quot;&quot;,&quot;orientation&quot;:&quot;0&quot;}\" data-image-title=\"WhatsApp Image 2026-02-20 at 15.13.00\" data-image-description=\"\" data-image-caption=\"\" data-large-file=\"https:\/\/www.hoymercedes.com.ar\/principal\/wp-content\/uploads\/2026\/02\/WhatsApp-Image-2026-02-20-at-15.13.00.jpeg\" src=\"https:\/\/www.hoymercedes.com.ar\/principal\/wp-content\/uploads\/2026\/02\/WhatsApp-Image-2026-02-20-at-15.13.00.jpeg\" alt=\"\" class=\"wp-image-192330\" srcset=\"https:\/\/www.hoymercedes.com.ar\/principal\/wp-content\/uploads\/2026\/02\/WhatsApp-Image-2026-02-20-at-15.13.00.jpeg 900w, https:\/\/www.hoymercedes.com.ar\/principal\/wp-content\/uploads\/2026\/02\/WhatsApp-Image-2026-02-20-at-15.13.00-630x420.jpeg 630w, https:\/\/www.hoymercedes.com.ar\/principal\/wp-content\/uploads\/2026\/02\/WhatsApp-Image-2026-02-20-at-15.13.00-150x100.jpeg 150w\" sizes=\"auto, (max-width: 900px) 100vw, 900px\" \/><\/figure>\n\n\n\n<p>Bajo la consigna \u00abJusticia por Brian Cabrera\u00bb, el reclamo fue encabezado por su c\u00edrculo \u00edntimo, quienes marcharon hacia las oficinas del Poder Judicial para visibilizar el pedido de la familia.<\/p>\n\n\n\n<p>El caso, cuyas primeras actuaciones estuvieron bajo la \u00f3rbita del fiscal Lattaro y el defensor Sanzol, se encuentra radicado actualmente en la Unidad Funcional de Instrucci\u00f3n N\u00ba 2.<\/p>\n\n\n\n<p>La manifestaci\u00f3n tuvo lugar frente al edificio de la calle 26 entre 37 y 39 (o la ubicaci\u00f3n correspondiente seg\u00fan la fiscal\u00eda interviniente), donde los allegados de Cabrera insistieron en la necesidad de celeridad y respuestas concretas por parte de las autoridades judiciales.<\/p>\n","protected":false},"excerpt":{"rendered":"<p>Familiares y amigos de Brian Cabrera se movilizaron a las dependencias judiciales de Mercedes para solicitar que no se libere &#8230; <a title=\"Caso Braian Cabrera: Marchan a fiscal\u00eda para exigir justicia\" class=\"read-more\" href=\"https:\/\/www.hoymercedes.com.ar\/principal\/2026\/02\/20\/caso-braian-cabrera-marchan-a-fiscalia-para-exigir-justicia\/\" aria-label=\"Leer m\u00e1s sobre Caso Braian Cabrera: Marchan a fiscal\u00eda para exigir justicia\">Leer m\u00e1s<\/a><\/p>\n","protected":false},"author":1,"featured_media":192330,"comment_status":"closed","ping_status":"open","sticky":false,"template":"","format":"standard","meta":{"_monsterinsights_skip_tracking":false,"_monsterinsights_sitenote_active":false,"_monsterinsights_sitenote_note":"","_monsterinsights_sitenote_category":0,"jetpack_post_was_ever_published":false,"_jetpack_newsletter_access":"","_jetpack_dont_email_post_to_subs":false,"_jetpack_newsletter_tier_id":0,"_jetpack_memberships_contains_paywalled_content":false,"_jetpack_memberships_contains_paid_content":false,"footnotes":"","jetpack_publicize_message":"","jetpack_publicize_feature_enabled":true,"jetpack_social_post_already_shared":true,"jetpack_social_options":{"image_generator_settings":{"template":"highway","default_image_id":0,"font":"","enabled":false},"version":2},"_wpas_customize_per_network":false},"categories":[85],"tags":[],"class_list":["post-192329","post","type-post","status-publish","format-standard","has-post-thumbnail","hentry","category-policial","generate-columns","tablet-grid-50","mobile-grid-100","grid-parent","grid-50"],"jetpack_publicize_connections":[],"jetpack_featured_media_url":"https:\/\/www.hoymercedes.com.ar\/principal\/wp-content\/uploads\/2026\/02\/WhatsApp-Image-2026-02-20-at-15.13.00.jpeg","wps_subtitle":"","jetpack_sharing_enabled":true,"_links":{"self":[{"href":"https:\/\/www.hoymercedes.com.ar\/principal\/wp-json\/wp\/v2\/posts\/192329","targetHints":{"allow":["GET"]}}],"collection":[{"href":"https:\/\/www.hoymercedes.com.ar\/principal\/wp-json\/wp\/v2\/posts"}],"about":[{"href":"https:\/\/www.hoymercedes.com.ar\/principal\/wp-json\/wp\/v2\/types\/post"}],"author":[{"embeddable":true,"href":"https:\/\/www.hoymercedes.com.ar\/principal\/wp-json\/wp\/v2\/users\/1"}],"replies":[{"embeddable":true,"href":"https:\/\/www.hoymercedes.com.ar\/principal\/wp-json\/wp\/v2\/comments?post=192329"}],"version-history":[{"count":1,"href":"https:\/\/www.hoymercedes.com.ar\/principal\/wp-json\/wp\/v2\/posts\/192329\/revisions"}],"predecessor-version":[{"id":192331,"href":"https:\/\/www.hoymercedes.com.ar\/principal\/wp-json\/wp\/v2\/posts\/192329\/revisions\/192331"}],"wp:featuredmedia":[{"embeddable":true,"href":"https:\/\/www.hoymercedes.com.ar\/principal\/wp-json\/wp\/v2\/media\/192330"}],"wp:attachment":[{"href":"https:\/\/www.hoymercedes.com.ar\/principal\/wp-json\/wp\/v2\/media?parent=192329"}],"wp:term":[{"taxonomy":"category","embeddable":true,"href":"https:\/\/www.hoymercedes.com.ar\/principal\/wp-json\/wp\/v2\/categories?post=192329"},{"taxonomy":"post_tag","embeddable":true,"href":"https:\/\/www.hoymercedes.com.ar\/principal\/wp-json\/wp\/v2\/tags?post=192329"}],"curies":[{"name":"wp","href":"https:\/\/api.w.org\/{rel}","templated":true}]}}