{"id":192332,"date":"2026-02-21T09:26:00","date_gmt":"2026-02-21T12:26:00","guid":{"rendered":"https:\/\/www.hoymercedes.com.ar\/principal\/?p=192332"},"modified":"2026-02-20T20:27:03","modified_gmt":"2026-02-20T23:27:03","slug":"paro-docente-masivo-pone-en-riesgo-el-inicio-de-clases-en-la-provincia","status":"publish","type":"post","link":"https:\/\/www.hoymercedes.com.ar\/principal\/2026\/02\/21\/paro-docente-masivo-pone-en-riesgo-el-inicio-de-clases-en-la-provincia\/","title":{"rendered":"Paro docente masivo pone en riesgo el inicio de clases en la Provincia"},"content":{"rendered":"\n<p>Todos los gremios docentes bonaerenses confirmaron su adhesi\u00f3n a un paro previsto para el <strong>2 de marzo<\/strong>, lo que deja seriamente comprometido el comienzo del ciclo lectivo 2026 en la provincia de Buenos Aires.<\/p>\n\n\n\n<figure class=\"wp-block-image size-large\"><img loading=\"lazy\" decoding=\"async\" width=\"1024\" height=\"682\" data-attachment-id=\"192333\" data-permalink=\"https:\/\/www.hoymercedes.com.ar\/principal\/2026\/02\/21\/paro-docente-masivo-pone-en-riesgo-el-inicio-de-clases-en-la-provincia\/whatsapp-image-2026-02-20-at-20-26-17\/#main\" data-orig-file=\"https:\/\/www.hoymercedes.com.ar\/principal\/wp-content\/uploads\/2026\/02\/WhatsApp-Image-2026-02-20-at-20.26.17.jpeg\" data-orig-size=\"1400,932\" data-comments-opened=\"0\" data-image-meta=\"{&quot;aperture&quot;:&quot;0&quot;,&quot;credit&quot;:&quot;&quot;,&quot;camera&quot;:&quot;&quot;,&quot;caption&quot;:&quot;&quot;,&quot;created_timestamp&quot;:&quot;0&quot;,&quot;copyright&quot;:&quot;&quot;,&quot;focal_length&quot;:&quot;0&quot;,&quot;iso&quot;:&quot;0&quot;,&quot;shutter_speed&quot;:&quot;0&quot;,&quot;title&quot;:&quot;&quot;,&quot;orientation&quot;:&quot;0&quot;}\" data-image-title=\"WhatsApp Image 2026-02-20 at 20.26.17\" data-image-description=\"\" data-image-caption=\"\" data-large-file=\"https:\/\/www.hoymercedes.com.ar\/principal\/wp-content\/uploads\/2026\/02\/WhatsApp-Image-2026-02-20-at-20.26.17-1024x682.jpeg\" src=\"https:\/\/www.hoymercedes.com.ar\/principal\/wp-content\/uploads\/2026\/02\/WhatsApp-Image-2026-02-20-at-20.26.17-1024x682.jpeg\" alt=\"\" class=\"wp-image-192333\" srcset=\"https:\/\/www.hoymercedes.com.ar\/principal\/wp-content\/uploads\/2026\/02\/WhatsApp-Image-2026-02-20-at-20.26.17-1024x682.jpeg 1024w, https:\/\/www.hoymercedes.com.ar\/principal\/wp-content\/uploads\/2026\/02\/WhatsApp-Image-2026-02-20-at-20.26.17-630x419.jpeg 630w, https:\/\/www.hoymercedes.com.ar\/principal\/wp-content\/uploads\/2026\/02\/WhatsApp-Image-2026-02-20-at-20.26.17-150x100.jpeg 150w, https:\/\/www.hoymercedes.com.ar\/principal\/wp-content\/uploads\/2026\/02\/WhatsApp-Image-2026-02-20-at-20.26.17.jpeg 1400w\" sizes=\"auto, (max-width: 1024px) 100vw, 1024px\" \/><\/figure>\n\n\n\n<p>La medida de fuerza se consolid\u00f3 luego de que la FEB anunciara la huelga y el sindicato Suteba impulsara tambi\u00e9n un paro \u2014en este caso con alcance nacional\u2014, profundizando el conflicto en el sector educativo.<\/p>\n\n\n\n<p>Al reclamo se sumaron adem\u00e1s AMET, SADOP y UDOCBA, todos integrantes del Frente de Unidad Docente Bonaerense (FUDB), que ratificaron la protesta en rechazo a la \u00faltima oferta salarial del gobierno provincial.<\/p>\n\n\n\n<h3 class=\"wp-block-heading\">Rechazo a la propuesta salarial<\/h3>\n\n\n\n<p>El conflicto se origin\u00f3 tras la negativa de los sindicatos a aceptar el aumento del <strong>3%<\/strong> ofrecido en paritarias. Las organizaciones consideraron que la suba resulta insuficiente frente a la inflaci\u00f3n y se\u00f1alaron que, en t\u00e9rminos reales, el impacto en el salario de bolsillo ser\u00eda cercano al <strong>1,5%<\/strong>.<\/p>\n\n\n\n<p>Desde Suteba advirtieron que el poder adquisitivo docente contin\u00faa deterior\u00e1ndose y reclamaron una recomposici\u00f3n que permita recuperar ingresos.<\/p>\n\n\n\n<h3 class=\"wp-block-heading\">Qu\u00e9 puede pasar con el inicio del ciclo lectivo<\/h3>\n\n\n\n<p>Con la adhesi\u00f3n total de los gremios, el paro de 24 horas previsto para el 2 de marzo podr\u00eda impedir un comienzo normal de clases en toda la provincia, a menos que el Ejecutivo mejore su propuesta en los pr\u00f3ximos d\u00edas.<\/p>\n\n\n\n<p>Entre los puntos del reclamo, los sindicatos tambi\u00e9n exigen la restituci\u00f3n del Fondo Nacional de Incentivo Docente, la convocatoria a una paritaria nacional, mayor presupuesto educativo y manifestaron su rechazo a iniciativas como la denominada \u201cLey de Libertad Educativa\u201d.<\/p>\n\n\n\n<p>El escenario permanece abierto y las negociaciones de las pr\u00f3ximas jornadas ser\u00e1n clave para definir si el ciclo lectivo puede iniciar con normalidad.<\/p>\n","protected":false},"excerpt":{"rendered":"<p>Todos los gremios docentes bonaerenses confirmaron su adhesi\u00f3n a un paro previsto para el 2 de marzo, lo que deja &#8230; <a title=\"Paro docente masivo pone en riesgo el inicio de clases en la Provincia\" class=\"read-more\" href=\"https:\/\/www.hoymercedes.com.ar\/principal\/2026\/02\/21\/paro-docente-masivo-pone-en-riesgo-el-inicio-de-clases-en-la-provincia\/\" aria-label=\"Leer m\u00e1s sobre Paro docente masivo pone en riesgo el inicio de clases en la Provincia\">Leer m\u00e1s<\/a><\/p>\n","protected":false},"author":1,"featured_media":192333,"comment_status":"closed","ping_status":"open","sticky":false,"template":"","format":"standard","meta":{"_monsterinsights_skip_tracking":false,"_monsterinsights_sitenote_active":false,"_monsterinsights_sitenote_note":"","_monsterinsights_sitenote_category":0,"jetpack_post_was_ever_published":false,"_jetpack_newsletter_access":"","_jetpack_dont_email_post_to_subs":false,"_jetpack_newsletter_tier_id":0,"_jetpack_memberships_contains_paywalled_content":false,"_jetpack_memberships_contains_paid_content":false,"footnotes":"","jetpack_publicize_message":"","jetpack_publicize_feature_enabled":true,"jetpack_social_post_already_shared":true,"jetpack_social_options":{"image_generator_settings":{"template":"highway","default_image_id":0,"font":"","enabled":false},"version":2},"_wpas_customize_per_network":false},"categories":[23],"tags":[],"class_list":["post-192332","post","type-post","status-publish","format-standard","has-post-thumbnail","hentry","category-educacion","generate-columns","tablet-grid-50","mobile-grid-100","grid-parent","grid-50"],"jetpack_publicize_connections":[],"jetpack_featured_media_url":"https:\/\/www.hoymercedes.com.ar\/principal\/wp-content\/uploads\/2026\/02\/WhatsApp-Image-2026-02-20-at-20.26.17.jpeg","wps_subtitle":"","jetpack_sharing_enabled":true,"_links":{"self":[{"href":"https:\/\/www.hoymercedes.com.ar\/principal\/wp-json\/wp\/v2\/posts\/192332","targetHints":{"allow":["GET"]}}],"collection":[{"href":"https:\/\/www.hoymercedes.com.ar\/principal\/wp-json\/wp\/v2\/posts"}],"about":[{"href":"https:\/\/www.hoymercedes.com.ar\/principal\/wp-json\/wp\/v2\/types\/post"}],"author":[{"embeddable":true,"href":"https:\/\/www.hoymercedes.com.ar\/principal\/wp-json\/wp\/v2\/users\/1"}],"replies":[{"embeddable":true,"href":"https:\/\/www.hoymercedes.com.ar\/principal\/wp-json\/wp\/v2\/comments?post=192332"}],"version-history":[{"count":1,"href":"https:\/\/www.hoymercedes.com.ar\/principal\/wp-json\/wp\/v2\/posts\/192332\/revisions"}],"predecessor-version":[{"id":192334,"href":"https:\/\/www.hoymercedes.com.ar\/principal\/wp-json\/wp\/v2\/posts\/192332\/revisions\/192334"}],"wp:featuredmedia":[{"embeddable":true,"href":"https:\/\/www.hoymercedes.com.ar\/principal\/wp-json\/wp\/v2\/media\/192333"}],"wp:attachment":[{"href":"https:\/\/www.hoymercedes.com.ar\/principal\/wp-json\/wp\/v2\/media?parent=192332"}],"wp:term":[{"taxonomy":"category","embeddable":true,"href":"https:\/\/www.hoymercedes.com.ar\/principal\/wp-json\/wp\/v2\/categories?post=192332"},{"taxonomy":"post_tag","embeddable":true,"href":"https:\/\/www.hoymercedes.com.ar\/principal\/wp-json\/wp\/v2\/tags?post=192332"}],"curies":[{"name":"wp","href":"https:\/\/api.w.org\/{rel}","templated":true}]}}