{"id":192335,"date":"2026-02-21T10:29:00","date_gmt":"2026-02-21T13:29:00","guid":{"rendered":"https:\/\/www.hoymercedes.com.ar\/principal\/?p=192335"},"modified":"2026-02-20T20:30:55","modified_gmt":"2026-02-20T23:30:55","slug":"arba-extiende-el-vencimiento-del-impuesto-inmobiliario-urbano-hasta-el-26-de-febrero","status":"publish","type":"post","link":"https:\/\/www.hoymercedes.com.ar\/principal\/2026\/02\/21\/arba-extiende-el-vencimiento-del-impuesto-inmobiliario-urbano-hasta-el-26-de-febrero\/","title":{"rendered":"ARBA extiende el vencimiento del Impuesto Inmobiliario Urbano hasta el 26 de febrero"},"content":{"rendered":"\n<p>La Agencia de Recaudaci\u00f3n de la provincia de Buenos Aires (ARBA) anunci\u00f3 la pr\u00f3rroga del plazo para abonar en t\u00e9rmino la cuota 1 y el pago anual del Impuesto Inmobiliario Urbano correspondiente al ejercicio 2026. Con la nueva disposici\u00f3n, los contribuyentes podr\u00e1n cumplir con sus obligaciones hasta el jueves 26 de febrero.<\/p>\n\n\n\n<figure class=\"wp-block-image size-full\"><img loading=\"lazy\" decoding=\"async\" width=\"647\" height=\"647\" data-attachment-id=\"109180\" data-permalink=\"https:\/\/www.hoymercedes.com.ar\/principal\/2020\/04\/08\/coronavirus-medidas-de-arba-para-tener-en-cuenta\/08-logo-arba\/#main\" data-orig-file=\"https:\/\/www.hoymercedes.com.ar\/principal\/wp-content\/uploads\/2020\/04\/08-logo-arba.jpg\" data-orig-size=\"647,647\" data-comments-opened=\"0\" data-image-meta=\"{&quot;aperture&quot;:&quot;0&quot;,&quot;credit&quot;:&quot;&quot;,&quot;camera&quot;:&quot;&quot;,&quot;caption&quot;:&quot;&quot;,&quot;created_timestamp&quot;:&quot;0&quot;,&quot;copyright&quot;:&quot;&quot;,&quot;focal_length&quot;:&quot;0&quot;,&quot;iso&quot;:&quot;0&quot;,&quot;shutter_speed&quot;:&quot;0&quot;,&quot;title&quot;:&quot;&quot;,&quot;orientation&quot;:&quot;0&quot;}\" data-image-title=\"08 logo arba\" data-image-description=\"\" data-image-caption=\"\" data-large-file=\"https:\/\/www.hoymercedes.com.ar\/principal\/wp-content\/uploads\/2020\/04\/08-logo-arba.jpg\" src=\"https:\/\/www.hoymercedes.com.ar\/principal\/wp-content\/uploads\/2020\/04\/08-logo-arba.jpg\" alt=\"\" class=\"wp-image-109180\"\/><\/figure>\n\n\n\n<p>La medida alcanza tanto a inmuebles de la planta edificada como a la bald\u00eda y busca otorgar mayor flexibilidad para que las y los bonaerenses puedan regularizar su situaci\u00f3n fiscal sin perder beneficios por buen cumplimiento.<\/p>\n\n\n\n<h3 class=\"wp-block-heading\">Bonificaciones vigentes<\/h3>\n\n\n\n<p>Desde el organismo que conduce Cristian Girard recordaron que quienes opten por el <strong>pago anual<\/strong> antes del nuevo vencimiento podr\u00e1n acceder a un <strong>descuento del 15%<\/strong>, siempre que la partida no registre deudas previas.<\/p>\n\n\n\n<p>En tanto, quienes elijan abonar <strong>en cuotas<\/strong> obtendr\u00e1n una <strong>bonificaci\u00f3n del 10% en cada vencimiento<\/strong>, con la condici\u00f3n de no tener deudas exigibles de a\u00f1os anteriores y pagar dentro de los plazos establecidos.<\/p>\n\n\n\n<h3 class=\"wp-block-heading\">C\u00f3mo realizar el pago<\/h3>\n\n\n\n<p>ARBA inform\u00f3 que los beneficios se mantienen para cualquier medio de pago, incluyendo d\u00e9bito autom\u00e1tico y tarjeta de cr\u00e9dito. Adem\u00e1s, contin\u00faan habilitados los canales digitales de autogesti\u00f3n.<\/p>\n\n\n\n<p>Para abonar el impuesto, los contribuyentes deben ingresar al sitio oficial del organismo y dirigirse a la secci\u00f3n <strong>\u201cPagar\u201d<\/strong>, donde podr\u00e1n generar el c\u00f3digo electr\u00f3nico, descargar la boleta o elegir las alternativas disponibles para cancelar el tributo.<\/p>\n\n\n\n<p>La pr\u00f3rroga se enmarca en la pol\u00edtica del ente recaudador orientada a facilitar el cumplimiento tributario y sostener los incentivos al buen comportamiento fiscal en la provincia.<\/p>\n","protected":false},"excerpt":{"rendered":"<p>La Agencia de Recaudaci\u00f3n de la provincia de Buenos Aires (ARBA) anunci\u00f3 la pr\u00f3rroga del plazo para abonar en t\u00e9rmino &#8230; <a title=\"ARBA extiende el vencimiento del Impuesto Inmobiliario Urbano hasta el 26 de febrero\" class=\"read-more\" href=\"https:\/\/www.hoymercedes.com.ar\/principal\/2026\/02\/21\/arba-extiende-el-vencimiento-del-impuesto-inmobiliario-urbano-hasta-el-26-de-febrero\/\" aria-label=\"Leer m\u00e1s sobre ARBA extiende el vencimiento del Impuesto Inmobiliario Urbano hasta el 26 de febrero\">Leer m\u00e1s<\/a><\/p>\n","protected":false},"author":1,"featured_media":109180,"comment_status":"closed","ping_status":"open","sticky":false,"template":"","format":"standard","meta":{"_monsterinsights_skip_tracking":false,"_monsterinsights_sitenote_active":false,"_monsterinsights_sitenote_note":"","_monsterinsights_sitenote_category":0,"jetpack_post_was_ever_published":false,"_jetpack_newsletter_access":"","_jetpack_dont_email_post_to_subs":false,"_jetpack_newsletter_tier_id":0,"_jetpack_memberships_contains_paywalled_content":false,"_jetpack_memberships_contains_paid_content":false,"footnotes":"","jetpack_publicize_message":"","jetpack_publicize_feature_enabled":true,"jetpack_social_post_already_shared":true,"jetpack_social_options":{"image_generator_settings":{"template":"highway","default_image_id":0,"font":"","enabled":false},"version":2},"_wpas_customize_per_network":false},"categories":[8],"tags":[],"class_list":["post-192335","post","type-post","status-publish","format-standard","has-post-thumbnail","hentry","category-sociedad","generate-columns","tablet-grid-50","mobile-grid-100","grid-parent","grid-50"],"jetpack_publicize_connections":[],"jetpack_featured_media_url":"https:\/\/www.hoymercedes.com.ar\/principal\/wp-content\/uploads\/2020\/04\/08-logo-arba.jpg","wps_subtitle":"","jetpack_sharing_enabled":true,"_links":{"self":[{"href":"https:\/\/www.hoymercedes.com.ar\/principal\/wp-json\/wp\/v2\/posts\/192335","targetHints":{"allow":["GET"]}}],"collection":[{"href":"https:\/\/www.hoymercedes.com.ar\/principal\/wp-json\/wp\/v2\/posts"}],"about":[{"href":"https:\/\/www.hoymercedes.com.ar\/principal\/wp-json\/wp\/v2\/types\/post"}],"author":[{"embeddable":true,"href":"https:\/\/www.hoymercedes.com.ar\/principal\/wp-json\/wp\/v2\/users\/1"}],"replies":[{"embeddable":true,"href":"https:\/\/www.hoymercedes.com.ar\/principal\/wp-json\/wp\/v2\/comments?post=192335"}],"version-history":[{"count":1,"href":"https:\/\/www.hoymercedes.com.ar\/principal\/wp-json\/wp\/v2\/posts\/192335\/revisions"}],"predecessor-version":[{"id":192336,"href":"https:\/\/www.hoymercedes.com.ar\/principal\/wp-json\/wp\/v2\/posts\/192335\/revisions\/192336"}],"wp:featuredmedia":[{"embeddable":true,"href":"https:\/\/www.hoymercedes.com.ar\/principal\/wp-json\/wp\/v2\/media\/109180"}],"wp:attachment":[{"href":"https:\/\/www.hoymercedes.com.ar\/principal\/wp-json\/wp\/v2\/media?parent=192335"}],"wp:term":[{"taxonomy":"category","embeddable":true,"href":"https:\/\/www.hoymercedes.com.ar\/principal\/wp-json\/wp\/v2\/categories?post=192335"},{"taxonomy":"post_tag","embeddable":true,"href":"https:\/\/www.hoymercedes.com.ar\/principal\/wp-json\/wp\/v2\/tags?post=192335"}],"curies":[{"name":"wp","href":"https:\/\/api.w.org\/{rel}","templated":true}]}}