{"id":192344,"date":"2026-02-21T14:29:00","date_gmt":"2026-02-21T17:29:00","guid":{"rendered":"https:\/\/www.hoymercedes.com.ar\/principal\/?p=192344"},"modified":"2026-02-20T21:32:41","modified_gmt":"2026-02-21T00:32:41","slug":"municipales-acuerdan-aumento-del-5-para-este-mes","status":"publish","type":"post","link":"https:\/\/www.hoymercedes.com.ar\/principal\/2026\/02\/21\/municipales-acuerdan-aumento-del-5-para-este-mes\/","title":{"rendered":"Municipales acuerdan aumento del 5% para este mes"},"content":{"rendered":"\n<p>La mesa paritaria municipal, con representaci\u00f3n de todas las instancias de agrupamiento sindical de las y los trabajadores municipales logr\u00f3 un nuevo acuerdo de incremento salarial al b\u00e1sico. Ser\u00e1 del 5% pagadero con el sueldo de este mes.<\/p>\n\n\n\n<figure class=\"wp-block-image size-full\"><img loading=\"lazy\" decoding=\"async\" width=\"996\" height=\"662\" data-attachment-id=\"71461\" data-permalink=\"https:\/\/www.hoymercedes.com.ar\/principal\/2018\/01\/09\/municipio-ofrece-la-oportunidad-de-ingresar-en-moratoria-para-el-pago-de-tasas\/valerga-2\/#main\" data-orig-file=\"https:\/\/www.hoymercedes.com.ar\/principal\/wp-content\/uploads\/2018\/01\/Valerga.jpg\" data-orig-size=\"996,662\" data-comments-opened=\"0\" data-image-meta=\"{&quot;aperture&quot;:&quot;0&quot;,&quot;credit&quot;:&quot;SEBASTIAN_AMBROSSIO&quot;,&quot;camera&quot;:&quot;&quot;,&quot;caption&quot;:&quot;&quot;,&quot;created_timestamp&quot;:&quot;0&quot;,&quot;copyright&quot;:&quot;Sebastian Ambrossio_&quot;,&quot;focal_length&quot;:&quot;0&quot;,&quot;iso&quot;:&quot;0&quot;,&quot;shutter_speed&quot;:&quot;0&quot;,&quot;title&quot;:&quot;&quot;,&quot;orientation&quot;:&quot;0&quot;}\" data-image-title=\"Valerga\" data-image-description=\"\" data-image-caption=\"&lt;p&gt;David Valerga&lt;\/p&gt;\n\" data-large-file=\"https:\/\/www.hoymercedes.com.ar\/principal\/wp-content\/uploads\/2018\/01\/Valerga.jpg\" src=\"https:\/\/www.hoymercedes.com.ar\/principal\/wp-content\/uploads\/2018\/01\/Valerga.jpg\" alt=\"\" class=\"wp-image-71461\" srcset=\"https:\/\/www.hoymercedes.com.ar\/principal\/wp-content\/uploads\/2018\/01\/Valerga.jpg 996w, https:\/\/www.hoymercedes.com.ar\/principal\/wp-content\/uploads\/2018\/01\/Valerga-150x100.jpg 150w, https:\/\/www.hoymercedes.com.ar\/principal\/wp-content\/uploads\/2018\/01\/Valerga-630x419.jpg 630w\" sizes=\"auto, (max-width: 996px) 100vw, 996px\" \/><figcaption class=\"wp-element-caption\">David Valerga<\/figcaption><\/figure>\n\n\n\n<p>El secretario de econom\u00eda y hacienda, Dr. David Valerga, manifest\u00f3 que \u201ctal como nos insta el intendente Ustarroz buscamos trabajar junto a todas las representaciones de las y los trabajadores municipales con el objetivo de mejorar sus condiciones\u201d y \u201chemos en esta ocasi\u00f3n arribado a un acuerdo del 5% pagaderos con el mes de febrero\u201d sostuvo.<\/p>\n\n\n\n<p>Tambi\u00e9n narr\u00f3 que \u201csabemos que el a\u00f1o pasado finalizamos con aumentos por encima de la inflaci\u00f3n expuesta tanto por el \u00edndice oficial como privados, fue un gran esfuerzo, por eso es tan valioso comenzar el a\u00f1o con un acuerdo, siendo el primero del 2026\u201d coment\u00f3.<\/p>\n\n\n\n<p>En abril se espera vuelvan a reunirse, m\u00e1s all\u00e1 que con cotidianeidad semanal se efect\u00faan intercambios por diversos aspectos del d\u00eda a d\u00eda.<\/p>\n\n\n\n<p>Otro asunto importante que se conoci\u00f3 es que el 17 de marzo se abonar\u00e1 el presentismo anual, siendo de $130.000 y, tambi\u00e9n en febrero, lo correspondiente al salario escolar seg\u00fan los montos determinados por normativas nacionales.<\/p>\n\n\n\n<p>Estuvieron presentes, adem\u00e1s del mencionado secretario de hacienda, Evangelina Artaza, Gabriel Palacios, Guillermo Garceron por el STMM, Facundo Ugazio por ATM y Hugo Bonafina por ATE, como as\u00ed tambi\u00e9n Silvio Bertera y la secretaria Jorgelina Silva por parte del Ejecutivo.<\/p>\n","protected":false},"excerpt":{"rendered":"<p>La mesa paritaria municipal, con representaci\u00f3n de todas las instancias de agrupamiento sindical de las y los trabajadores municipales logr\u00f3 &#8230; <a title=\"Municipales acuerdan aumento del 5% para este mes\" class=\"read-more\" href=\"https:\/\/www.hoymercedes.com.ar\/principal\/2026\/02\/21\/municipales-acuerdan-aumento-del-5-para-este-mes\/\" aria-label=\"Leer m\u00e1s sobre Municipales acuerdan aumento del 5% para este mes\">Leer m\u00e1s<\/a><\/p>\n","protected":false},"author":1,"featured_media":71461,"comment_status":"closed","ping_status":"open","sticky":false,"template":"","format":"standard","meta":{"_monsterinsights_skip_tracking":false,"_monsterinsights_sitenote_active":false,"_monsterinsights_sitenote_note":"","_monsterinsights_sitenote_category":0,"jetpack_post_was_ever_published":false,"_jetpack_newsletter_access":"","_jetpack_dont_email_post_to_subs":false,"_jetpack_newsletter_tier_id":0,"_jetpack_memberships_contains_paywalled_content":false,"_jetpack_memberships_contains_paid_content":false,"footnotes":"","jetpack_publicize_message":"","jetpack_publicize_feature_enabled":true,"jetpack_social_post_already_shared":true,"jetpack_social_options":{"image_generator_settings":{"template":"highway","default_image_id":0,"font":"","enabled":false},"version":2},"_wpas_customize_per_network":false},"categories":[8],"tags":[],"class_list":["post-192344","post","type-post","status-publish","format-standard","has-post-thumbnail","hentry","category-sociedad","generate-columns","tablet-grid-50","mobile-grid-100","grid-parent","grid-50"],"jetpack_publicize_connections":[],"jetpack_featured_media_url":"https:\/\/www.hoymercedes.com.ar\/principal\/wp-content\/uploads\/2018\/01\/Valerga.jpg","wps_subtitle":"","jetpack_sharing_enabled":true,"_links":{"self":[{"href":"https:\/\/www.hoymercedes.com.ar\/principal\/wp-json\/wp\/v2\/posts\/192344","targetHints":{"allow":["GET"]}}],"collection":[{"href":"https:\/\/www.hoymercedes.com.ar\/principal\/wp-json\/wp\/v2\/posts"}],"about":[{"href":"https:\/\/www.hoymercedes.com.ar\/principal\/wp-json\/wp\/v2\/types\/post"}],"author":[{"embeddable":true,"href":"https:\/\/www.hoymercedes.com.ar\/principal\/wp-json\/wp\/v2\/users\/1"}],"replies":[{"embeddable":true,"href":"https:\/\/www.hoymercedes.com.ar\/principal\/wp-json\/wp\/v2\/comments?post=192344"}],"version-history":[{"count":1,"href":"https:\/\/www.hoymercedes.com.ar\/principal\/wp-json\/wp\/v2\/posts\/192344\/revisions"}],"predecessor-version":[{"id":192345,"href":"https:\/\/www.hoymercedes.com.ar\/principal\/wp-json\/wp\/v2\/posts\/192344\/revisions\/192345"}],"wp:featuredmedia":[{"embeddable":true,"href":"https:\/\/www.hoymercedes.com.ar\/principal\/wp-json\/wp\/v2\/media\/71461"}],"wp:attachment":[{"href":"https:\/\/www.hoymercedes.com.ar\/principal\/wp-json\/wp\/v2\/media?parent=192344"}],"wp:term":[{"taxonomy":"category","embeddable":true,"href":"https:\/\/www.hoymercedes.com.ar\/principal\/wp-json\/wp\/v2\/categories?post=192344"},{"taxonomy":"post_tag","embeddable":true,"href":"https:\/\/www.hoymercedes.com.ar\/principal\/wp-json\/wp\/v2\/tags?post=192344"}],"curies":[{"name":"wp","href":"https:\/\/api.w.org\/{rel}","templated":true}]}}