{"id":192346,"date":"2026-02-21T15:16:00","date_gmt":"2026-02-21T18:16:00","guid":{"rendered":"https:\/\/www.hoymercedes.com.ar\/principal\/?p=192346"},"modified":"2026-02-20T22:17:46","modified_gmt":"2026-02-21T01:17:46","slug":"anses-recordo-que-hay-plazo-hasta-el-31-de-marzo-para-presentar-la-libreta-auh-2025","status":"publish","type":"post","link":"https:\/\/www.hoymercedes.com.ar\/principal\/2026\/02\/21\/anses-recordo-que-hay-plazo-hasta-el-31-de-marzo-para-presentar-la-libreta-auh-2025\/","title":{"rendered":"ANSES record\u00f3 que hay plazo hasta el 31 de marzo para presentar la Libreta AUH 2025"},"content":{"rendered":"\n<p>La ANSES, organismo dependiente del Ministerio de Capital Humano, inform\u00f3 que contin\u00faa vigente la pr\u00f3rroga para presentar la Libreta de la Asignaci\u00f3n Universal por Hijo (AUH) correspondiente a 2025. El plazo se extiende hasta el pr\u00f3ximo 31 de marzo y permite a los titulares acceder al 20 por ciento del complemento acumulado durante 2024.<\/p>\n\n\n\n<figure class=\"wp-block-image size-full\"><img loading=\"lazy\" decoding=\"async\" width=\"812\" height=\"541\" data-attachment-id=\"172443\" data-permalink=\"https:\/\/www.hoymercedes.com.ar\/principal\/2024\/02\/01\/anses-mercedes-suspendio-su-atencion-reprograman-turnos\/anses-mercedes\/#main\" data-orig-file=\"https:\/\/www.hoymercedes.com.ar\/principal\/wp-content\/uploads\/2024\/02\/anses-mercedes.jpg\" data-orig-size=\"812,541\" data-comments-opened=\"0\" data-image-meta=\"{&quot;aperture&quot;:&quot;0&quot;,&quot;credit&quot;:&quot;&quot;,&quot;camera&quot;:&quot;&quot;,&quot;caption&quot;:&quot;&quot;,&quot;created_timestamp&quot;:&quot;0&quot;,&quot;copyright&quot;:&quot;&quot;,&quot;focal_length&quot;:&quot;0&quot;,&quot;iso&quot;:&quot;0&quot;,&quot;shutter_speed&quot;:&quot;0&quot;,&quot;title&quot;:&quot;&quot;,&quot;orientation&quot;:&quot;0&quot;}\" data-image-title=\"anses mercedes\" data-image-description=\"\" data-image-caption=\"\" data-large-file=\"https:\/\/www.hoymercedes.com.ar\/principal\/wp-content\/uploads\/2024\/02\/anses-mercedes.jpg\" src=\"https:\/\/www.hoymercedes.com.ar\/principal\/wp-content\/uploads\/2024\/02\/anses-mercedes.jpg\" alt=\"\" class=\"wp-image-172443\" srcset=\"https:\/\/www.hoymercedes.com.ar\/principal\/wp-content\/uploads\/2024\/02\/anses-mercedes.jpg 812w, https:\/\/www.hoymercedes.com.ar\/principal\/wp-content\/uploads\/2024\/02\/anses-mercedes-630x420.jpg 630w, https:\/\/www.hoymercedes.com.ar\/principal\/wp-content\/uploads\/2024\/02\/anses-mercedes-150x100.jpg 150w, https:\/\/www.hoymercedes.com.ar\/principal\/wp-content\/uploads\/2024\/02\/anses-mercedes-700x465.jpg 700w\" sizes=\"auto, (max-width: 812px) 100vw, 812px\" \/><\/figure>\n\n\n\n<p>La Libreta AUH certifica el cumplimiento de los controles de salud, el calendario de vacunaci\u00f3n y la asistencia escolar de ni\u00f1as, ni\u00f1os y adolescentes. El tr\u00e1mite puede realizarse de manera online a trav\u00e9s de mi ANSES, tanto desde el sitio oficial como mediante la aplicaci\u00f3n m\u00f3vil.<\/p>\n\n\n\n<p>Desde el organismo remarcaron que el formulario generado desde la web es el \u00fanico v\u00e1lido y debe presentarse una vez completado por las autoridades sanitarias y educativas.<\/p>\n\n\n\n<h3 class=\"wp-block-heading\">C\u00f3mo hacer el tr\u00e1mite paso a paso<\/h3>\n\n\n\n<ol class=\"wp-block-list\">\n<li>Ingresar a mi ANSES con CUIL y Clave de la Seguridad Social.<\/li>\n\n\n\n<li>En la secci\u00f3n <strong>Hijos > Libreta AUH<\/strong>, consultar la informaci\u00f3n de los hijos o personas a cargo y verificar que los datos sean correctos.<\/li>\n\n\n\n<li>Si falta completar alguna secci\u00f3n (educaci\u00f3n, salud o vacunaci\u00f3n), seleccionar <strong>Generar Libreta<\/strong> para descargarla o enviarla por correo electr\u00f3nico.<\/li>\n\n\n\n<li>Imprimir el formulario (en una sola hoja y con buena calidad) y llevarlo al centro de salud o a la escuela para que sea firmado.<\/li>\n\n\n\n<li>Tomar una foto del formulario completo sobre una superficie plana y bien iluminada, con las cuatro esquinas visibles. La imagen debe pesar menos de 3 MB y estar en formato JPG. Luego, reingresar a mi ANSES, elegir <strong>Hijos > Libreta AUH > Subir Libreta AUH<\/strong> y seguir los pasos.<\/li>\n\n\n\n<li>El tr\u00e1mite se considera finalizado cuando el titular recibe el correo electr\u00f3nico de confirmaci\u00f3n.<\/li>\n<\/ol>\n\n\n\n<h3 class=\"wp-block-heading\">Atenci\u00f3n presencial<\/h3>\n\n\n\n<p>Quienes no puedan realizar la presentaci\u00f3n de manera digital podr\u00e1n hacerlo sin turno previo en una oficina de ANSES o durante los operativos de atenci\u00f3n del organismo.<\/p>\n\n\n\n<p>Desde el organismo recordaron la importancia de cumplir con este requisito para no perder el porcentaje retenido de la asignaci\u00f3n.<\/p>\n","protected":false},"excerpt":{"rendered":"<p>La ANSES, organismo dependiente del Ministerio de Capital Humano, inform\u00f3 que contin\u00faa vigente la pr\u00f3rroga para presentar la Libreta de &#8230; <a title=\"ANSES record\u00f3 que hay plazo hasta el 31 de marzo para presentar la Libreta AUH 2025\" class=\"read-more\" href=\"https:\/\/www.hoymercedes.com.ar\/principal\/2026\/02\/21\/anses-recordo-que-hay-plazo-hasta-el-31-de-marzo-para-presentar-la-libreta-auh-2025\/\" aria-label=\"Leer m\u00e1s sobre ANSES record\u00f3 que hay plazo hasta el 31 de marzo para presentar la Libreta AUH 2025\">Leer m\u00e1s<\/a><\/p>\n","protected":false},"author":1,"featured_media":172443,"comment_status":"closed","ping_status":"open","sticky":false,"template":"","format":"standard","meta":{"_monsterinsights_skip_tracking":false,"_monsterinsights_sitenote_active":false,"_monsterinsights_sitenote_note":"","_monsterinsights_sitenote_category":0,"jetpack_post_was_ever_published":false,"_jetpack_newsletter_access":"","_jetpack_dont_email_post_to_subs":false,"_jetpack_newsletter_tier_id":0,"_jetpack_memberships_contains_paywalled_content":false,"_jetpack_memberships_contains_paid_content":false,"footnotes":"","jetpack_publicize_message":"","jetpack_publicize_feature_enabled":true,"jetpack_social_post_already_shared":true,"jetpack_social_options":{"image_generator_settings":{"template":"highway","default_image_id":0,"font":"","enabled":false},"version":2},"_wpas_customize_per_network":false},"categories":[8],"tags":[],"class_list":["post-192346","post","type-post","status-publish","format-standard","has-post-thumbnail","hentry","category-sociedad","generate-columns","tablet-grid-50","mobile-grid-100","grid-parent","grid-50"],"jetpack_publicize_connections":[],"jetpack_featured_media_url":"https:\/\/www.hoymercedes.com.ar\/principal\/wp-content\/uploads\/2024\/02\/anses-mercedes.jpg","wps_subtitle":"","jetpack_sharing_enabled":true,"_links":{"self":[{"href":"https:\/\/www.hoymercedes.com.ar\/principal\/wp-json\/wp\/v2\/posts\/192346","targetHints":{"allow":["GET"]}}],"collection":[{"href":"https:\/\/www.hoymercedes.com.ar\/principal\/wp-json\/wp\/v2\/posts"}],"about":[{"href":"https:\/\/www.hoymercedes.com.ar\/principal\/wp-json\/wp\/v2\/types\/post"}],"author":[{"embeddable":true,"href":"https:\/\/www.hoymercedes.com.ar\/principal\/wp-json\/wp\/v2\/users\/1"}],"replies":[{"embeddable":true,"href":"https:\/\/www.hoymercedes.com.ar\/principal\/wp-json\/wp\/v2\/comments?post=192346"}],"version-history":[{"count":1,"href":"https:\/\/www.hoymercedes.com.ar\/principal\/wp-json\/wp\/v2\/posts\/192346\/revisions"}],"predecessor-version":[{"id":192347,"href":"https:\/\/www.hoymercedes.com.ar\/principal\/wp-json\/wp\/v2\/posts\/192346\/revisions\/192347"}],"wp:featuredmedia":[{"embeddable":true,"href":"https:\/\/www.hoymercedes.com.ar\/principal\/wp-json\/wp\/v2\/media\/172443"}],"wp:attachment":[{"href":"https:\/\/www.hoymercedes.com.ar\/principal\/wp-json\/wp\/v2\/media?parent=192346"}],"wp:term":[{"taxonomy":"category","embeddable":true,"href":"https:\/\/www.hoymercedes.com.ar\/principal\/wp-json\/wp\/v2\/categories?post=192346"},{"taxonomy":"post_tag","embeddable":true,"href":"https:\/\/www.hoymercedes.com.ar\/principal\/wp-json\/wp\/v2\/tags?post=192346"}],"curies":[{"name":"wp","href":"https:\/\/api.w.org\/{rel}","templated":true}]}}