{"id":192348,"date":"2026-02-22T10:22:00","date_gmt":"2026-02-22T13:22:00","guid":{"rendered":"https:\/\/www.hoymercedes.com.ar\/principal\/?p=192348"},"modified":"2026-02-20T22:23:52","modified_gmt":"2026-02-21T01:23:52","slug":"visa-avanza-para-quedarse-con-prisma-banelco-y-pagomiscuentas","status":"publish","type":"post","link":"https:\/\/www.hoymercedes.com.ar\/principal\/2026\/02\/22\/visa-avanza-para-quedarse-con-prisma-banelco-y-pagomiscuentas\/","title":{"rendered":"Visa avanza para quedarse con Prisma, Banelco y PagoMisCuentas"},"content":{"rendered":"\n<p>El gigante de medios de pago Visa negocia la compra de parte del negocio de Prisma, en una operaci\u00f3n que podr\u00eda reconfigurar el sistema de cobros electr\u00f3nicos en la Argentina. El fondo Advent, actual due\u00f1o de la compa\u00f1\u00eda, analiza vender activos clave y dejar de lado la idea de salir a la Bolsa.<\/p>\n\n\n\n<figure class=\"wp-block-image size-full\"><img loading=\"lazy\" decoding=\"async\" width=\"608\" height=\"342\" data-attachment-id=\"192349\" data-permalink=\"https:\/\/www.hoymercedes.com.ar\/principal\/2026\/02\/22\/visa-avanza-para-quedarse-con-prisma-banelco-y-pagomiscuentas\/image-248\/#main\" data-orig-file=\"https:\/\/www.hoymercedes.com.ar\/principal\/wp-content\/uploads\/2026\/02\/image-50.png\" data-orig-size=\"608,342\" data-comments-opened=\"0\" data-image-meta=\"{&quot;aperture&quot;:&quot;0&quot;,&quot;credit&quot;:&quot;&quot;,&quot;camera&quot;:&quot;&quot;,&quot;caption&quot;:&quot;&quot;,&quot;created_timestamp&quot;:&quot;0&quot;,&quot;copyright&quot;:&quot;&quot;,&quot;focal_length&quot;:&quot;0&quot;,&quot;iso&quot;:&quot;0&quot;,&quot;shutter_speed&quot;:&quot;0&quot;,&quot;title&quot;:&quot;&quot;,&quot;orientation&quot;:&quot;0&quot;}\" data-image-title=\"image\" data-image-description=\"\" data-image-caption=\"\" data-large-file=\"https:\/\/www.hoymercedes.com.ar\/principal\/wp-content\/uploads\/2026\/02\/image-50.png\" src=\"https:\/\/www.hoymercedes.com.ar\/principal\/wp-content\/uploads\/2026\/02\/image-50.png\" alt=\"\" class=\"wp-image-192349\" srcset=\"https:\/\/www.hoymercedes.com.ar\/principal\/wp-content\/uploads\/2026\/02\/image-50.png 608w, https:\/\/www.hoymercedes.com.ar\/principal\/wp-content\/uploads\/2026\/02\/image-50-150x84.png 150w\" sizes=\"auto, (max-width: 608px) 100vw, 608px\" \/><\/figure>\n\n\n\n<p>La transacci\u00f3n incluir\u00eda unidades estrat\u00e9gicas vinculadas a la red de cajeros Banelco y la plataforma de pagos de servicios PagoMisCuentas, dos herramientas de fuerte presencia en el mercado local. Prisma se consolid\u00f3 en los \u00faltimos a\u00f1os como un actor central en el procesamiento de pagos, con marcas que conectan bancos, fintech y comercios.<\/p>\n\n\n\n<p>El inter\u00e9s de Visa aparece en el marco del proceso de desinversi\u00f3n de Advent, que suele permanecer entre cinco y siete a\u00f1os en las empresas antes de vender su participaci\u00f3n. La operaci\u00f3n deber\u00e1 ser analizada por las autoridades regulatorias y por el Banco Central debido al peso sist\u00e9mico de la compa\u00f1\u00eda dentro del sistema financiero.<\/p>\n\n\n\n<p>De concretarse, el movimiento marcar\u00eda un nuevo cambio en la estructura del negocio de pagos digitales en el pa\u00eds, un sector que en la \u00faltima d\u00e9cada se volvi\u00f3 cada vez m\u00e1s competitivo con la irrupci\u00f3n de billeteras virtuales y nuevas plataformas de cobro.<\/p>\n","protected":false},"excerpt":{"rendered":"<p>El gigante de medios de pago Visa negocia la compra de parte del negocio de Prisma, en una operaci\u00f3n que &#8230; <a title=\"Visa avanza para quedarse con Prisma, Banelco y PagoMisCuentas\" class=\"read-more\" href=\"https:\/\/www.hoymercedes.com.ar\/principal\/2026\/02\/22\/visa-avanza-para-quedarse-con-prisma-banelco-y-pagomiscuentas\/\" aria-label=\"Leer m\u00e1s sobre Visa avanza para quedarse con Prisma, Banelco y PagoMisCuentas\">Leer m\u00e1s<\/a><\/p>\n","protected":false},"author":1,"featured_media":192349,"comment_status":"closed","ping_status":"open","sticky":false,"template":"","format":"standard","meta":{"_monsterinsights_skip_tracking":false,"_monsterinsights_sitenote_active":false,"_monsterinsights_sitenote_note":"","_monsterinsights_sitenote_category":0,"jetpack_post_was_ever_published":false,"_jetpack_newsletter_access":"","_jetpack_dont_email_post_to_subs":false,"_jetpack_newsletter_tier_id":0,"_jetpack_memberships_contains_paywalled_content":false,"_jetpack_memberships_contains_paid_content":false,"footnotes":"","jetpack_publicize_message":"","jetpack_publicize_feature_enabled":true,"jetpack_social_post_already_shared":true,"jetpack_social_options":{"image_generator_settings":{"template":"highway","default_image_id":0,"font":"","enabled":false},"version":2},"_wpas_customize_per_network":false},"categories":[8],"tags":[],"class_list":["post-192348","post","type-post","status-publish","format-standard","has-post-thumbnail","hentry","category-sociedad","generate-columns","tablet-grid-50","mobile-grid-100","grid-parent","grid-50"],"jetpack_publicize_connections":[],"jetpack_featured_media_url":"https:\/\/www.hoymercedes.com.ar\/principal\/wp-content\/uploads\/2026\/02\/image-50.png","wps_subtitle":"","jetpack_sharing_enabled":true,"_links":{"self":[{"href":"https:\/\/www.hoymercedes.com.ar\/principal\/wp-json\/wp\/v2\/posts\/192348","targetHints":{"allow":["GET"]}}],"collection":[{"href":"https:\/\/www.hoymercedes.com.ar\/principal\/wp-json\/wp\/v2\/posts"}],"about":[{"href":"https:\/\/www.hoymercedes.com.ar\/principal\/wp-json\/wp\/v2\/types\/post"}],"author":[{"embeddable":true,"href":"https:\/\/www.hoymercedes.com.ar\/principal\/wp-json\/wp\/v2\/users\/1"}],"replies":[{"embeddable":true,"href":"https:\/\/www.hoymercedes.com.ar\/principal\/wp-json\/wp\/v2\/comments?post=192348"}],"version-history":[{"count":1,"href":"https:\/\/www.hoymercedes.com.ar\/principal\/wp-json\/wp\/v2\/posts\/192348\/revisions"}],"predecessor-version":[{"id":192350,"href":"https:\/\/www.hoymercedes.com.ar\/principal\/wp-json\/wp\/v2\/posts\/192348\/revisions\/192350"}],"wp:featuredmedia":[{"embeddable":true,"href":"https:\/\/www.hoymercedes.com.ar\/principal\/wp-json\/wp\/v2\/media\/192349"}],"wp:attachment":[{"href":"https:\/\/www.hoymercedes.com.ar\/principal\/wp-json\/wp\/v2\/media?parent=192348"}],"wp:term":[{"taxonomy":"category","embeddable":true,"href":"https:\/\/www.hoymercedes.com.ar\/principal\/wp-json\/wp\/v2\/categories?post=192348"},{"taxonomy":"post_tag","embeddable":true,"href":"https:\/\/www.hoymercedes.com.ar\/principal\/wp-json\/wp\/v2\/tags?post=192348"}],"curies":[{"name":"wp","href":"https:\/\/api.w.org\/{rel}","templated":true}]}}