{"id":192365,"date":"2026-02-21T18:00:00","date_gmt":"2026-02-21T21:00:00","guid":{"rendered":"https:\/\/www.hoymercedes.com.ar\/principal\/?p=192365"},"modified":"2026-02-21T12:04:39","modified_gmt":"2026-02-21T15:04:39","slug":"medicos-jornada-de-actualizacion-en-gastroenterologia","status":"publish","type":"post","link":"https:\/\/www.hoymercedes.com.ar\/principal\/2026\/02\/21\/medicos-jornada-de-actualizacion-en-gastroenterologia\/","title":{"rendered":"M\u00e9dicos: Jornada de actualizaci\u00f3n en Gastroenterolog\u00eda"},"content":{"rendered":"\n<p><strong><em>La Asociaci\u00f3n M\u00e9dica de Mercedes hace extensiva la invitaci\u00f3n para los profesionales de la salud para una jornada de actualizaci\u00f3n. Se realizar\u00e1 el s\u00e1bado 7 de marzo en San Antonio de Areco, con acceso gratuito y cupos limitados<\/em><\/strong><\/p>\n\n\n\n<p>El C\u00edrculo M\u00e9dico de San Antonio de Areco organizar\u00e1 el pr\u00f3ximo&nbsp;<strong>s\u00e1bado 7 de marzo de 2026<\/strong>, de&nbsp;<strong>9 a 13 horas<\/strong>, una&nbsp;<em>Jornada de Actualizaci\u00f3n en Gastroenterolog\u00eda<\/em>, con acceso gratuito y cupos limitados.<\/p>\n\n\n\n<p>La actividad tendr\u00e1 lugar en la sede ubicada en&nbsp;<strong>Bol\u00edvar 487, San Antonio de Areco<\/strong>, y est\u00e1 destinada a profesionales de la salud interesados en profundizar conocimientos en distintas \u00e1reas de la especialidad.<\/p>\n\n\n\n<p>Durante la jornada se desarrollar\u00e1n las siguientes exposiciones:<\/p>\n\n\n\n<ul class=\"wp-block-list\">\n<li><strong>Alergias Alimentarias<\/strong>, a cargo de la\u00a0<strong>Dra. Victoria Coomans<\/strong>, Pediatra, Especialista en alergia e inmunolog\u00eda cl\u00ednica del Hospital Brit\u00e1nico y Hospital Zerboni.<\/li>\n\n\n\n<li><strong>Colitis Ulcerosa y Enfermedad de Crohn<\/strong>, disertaci\u00f3n del\u00a0<strong>Dr. Estanislao G\u00f3mez<\/strong>, Gastroenter\u00f3logo de la Unidad de Enfermedad Inflamatoria Intestinal del Hospital Alem\u00e1n.<\/li>\n\n\n\n<li><strong>Sobrecrecimiento bacteriano del intestino delgado<\/strong>, presentaci\u00f3n de la\u00a0<strong>Dra. Vanina Forestier<\/strong>, Gastroenter\u00f3loga, Especialista en Neurogastroenterolog\u00eda del Hospital Brit\u00e1nico.<\/li>\n<\/ul>\n\n\n\n<p>La inscripci\u00f3n se realiza por WhatsApp al&nbsp;<strong>2326 414860<\/strong>.<\/p>\n\n\n\n<p>Desde la organizaci\u00f3n informaron que los cupos son limitados y que la participaci\u00f3n es gratuita.<\/p>\n\n\n\n<p><em>Fuente: Prensa AMMercedes<\/em><\/p>\n\n\n<div class=\"wp-block-image\">\n<figure class=\"aligncenter size-large\"><img loading=\"lazy\" decoding=\"async\" width=\"683\" height=\"1024\" data-attachment-id=\"192367\" data-permalink=\"https:\/\/www.hoymercedes.com.ar\/principal\/2026\/02\/21\/medicos-jornada-de-actualizacion-en-gastroenterologia\/jornada-de-actualizacion-en-gastroenterologia\/#main\" data-orig-file=\"https:\/\/www.hoymercedes.com.ar\/principal\/wp-content\/uploads\/2026\/02\/Jornada-de-Actualizacion-en-Gastroenterologia.jpeg\" data-orig-size=\"854,1280\" data-comments-opened=\"0\" data-image-meta=\"{&quot;aperture&quot;:&quot;0&quot;,&quot;credit&quot;:&quot;&quot;,&quot;camera&quot;:&quot;&quot;,&quot;caption&quot;:&quot;&quot;,&quot;created_timestamp&quot;:&quot;0&quot;,&quot;copyright&quot;:&quot;&quot;,&quot;focal_length&quot;:&quot;0&quot;,&quot;iso&quot;:&quot;0&quot;,&quot;shutter_speed&quot;:&quot;0&quot;,&quot;title&quot;:&quot;&quot;,&quot;orientation&quot;:&quot;0&quot;}\" data-image-title=\"Jornada de Actualizaci\u00f3n en Gastroenterolog\u00eda\" data-image-description=\"\" data-image-caption=\"\" data-large-file=\"https:\/\/www.hoymercedes.com.ar\/principal\/wp-content\/uploads\/2026\/02\/Jornada-de-Actualizacion-en-Gastroenterologia-683x1024.jpeg\" src=\"https:\/\/www.hoymercedes.com.ar\/principal\/wp-content\/uploads\/2026\/02\/Jornada-de-Actualizacion-en-Gastroenterologia-683x1024.jpeg\" alt=\"\" class=\"wp-image-192367\" srcset=\"https:\/\/www.hoymercedes.com.ar\/principal\/wp-content\/uploads\/2026\/02\/Jornada-de-Actualizacion-en-Gastroenterologia-683x1024.jpeg 683w, https:\/\/www.hoymercedes.com.ar\/principal\/wp-content\/uploads\/2026\/02\/Jornada-de-Actualizacion-en-Gastroenterologia-414x620.jpeg 414w, https:\/\/www.hoymercedes.com.ar\/principal\/wp-content\/uploads\/2026\/02\/Jornada-de-Actualizacion-en-Gastroenterologia-100x150.jpeg 100w, https:\/\/www.hoymercedes.com.ar\/principal\/wp-content\/uploads\/2026\/02\/Jornada-de-Actualizacion-en-Gastroenterologia.jpeg 854w\" sizes=\"auto, (max-width: 683px) 100vw, 683px\" \/><\/figure>\n<\/div>","protected":false},"excerpt":{"rendered":"<p>La Asociaci\u00f3n M\u00e9dica de Mercedes hace extensiva la invitaci\u00f3n para los profesionales de la salud para una jornada de actualizaci\u00f3n. &#8230; <a title=\"M\u00e9dicos: Jornada de actualizaci\u00f3n en Gastroenterolog\u00eda\" class=\"read-more\" href=\"https:\/\/www.hoymercedes.com.ar\/principal\/2026\/02\/21\/medicos-jornada-de-actualizacion-en-gastroenterologia\/\" aria-label=\"Leer m\u00e1s sobre M\u00e9dicos: Jornada de actualizaci\u00f3n en Gastroenterolog\u00eda\">Leer m\u00e1s<\/a><\/p>\n","protected":false},"author":1,"featured_media":192366,"comment_status":"closed","ping_status":"open","sticky":false,"template":"","format":"standard","meta":{"_monsterinsights_skip_tracking":false,"_monsterinsights_sitenote_active":false,"_monsterinsights_sitenote_note":"","_monsterinsights_sitenote_category":0,"jetpack_post_was_ever_published":false,"_jetpack_newsletter_access":"","_jetpack_dont_email_post_to_subs":false,"_jetpack_newsletter_tier_id":0,"_jetpack_memberships_contains_paywalled_content":false,"_jetpack_memberships_contains_paid_content":false,"footnotes":"","jetpack_publicize_message":"","jetpack_publicize_feature_enabled":true,"jetpack_social_post_already_shared":true,"jetpack_social_options":{"image_generator_settings":{"template":"highway","default_image_id":0,"font":"","enabled":false},"version":2},"_wpas_customize_per_network":false},"categories":[9791],"tags":[],"class_list":["post-192365","post","type-post","status-publish","format-standard","has-post-thumbnail","hentry","category-salud","generate-columns","tablet-grid-50","mobile-grid-100","grid-parent","grid-50"],"jetpack_publicize_connections":[],"jetpack_featured_media_url":"https:\/\/www.hoymercedes.com.ar\/principal\/wp-content\/uploads\/2026\/02\/Jornada-de-Actualizacion-en-Gastroenterologia2.jpeg","wps_subtitle":"","jetpack_sharing_enabled":true,"_links":{"self":[{"href":"https:\/\/www.hoymercedes.com.ar\/principal\/wp-json\/wp\/v2\/posts\/192365","targetHints":{"allow":["GET"]}}],"collection":[{"href":"https:\/\/www.hoymercedes.com.ar\/principal\/wp-json\/wp\/v2\/posts"}],"about":[{"href":"https:\/\/www.hoymercedes.com.ar\/principal\/wp-json\/wp\/v2\/types\/post"}],"author":[{"embeddable":true,"href":"https:\/\/www.hoymercedes.com.ar\/principal\/wp-json\/wp\/v2\/users\/1"}],"replies":[{"embeddable":true,"href":"https:\/\/www.hoymercedes.com.ar\/principal\/wp-json\/wp\/v2\/comments?post=192365"}],"version-history":[{"count":1,"href":"https:\/\/www.hoymercedes.com.ar\/principal\/wp-json\/wp\/v2\/posts\/192365\/revisions"}],"predecessor-version":[{"id":192368,"href":"https:\/\/www.hoymercedes.com.ar\/principal\/wp-json\/wp\/v2\/posts\/192365\/revisions\/192368"}],"wp:featuredmedia":[{"embeddable":true,"href":"https:\/\/www.hoymercedes.com.ar\/principal\/wp-json\/wp\/v2\/media\/192366"}],"wp:attachment":[{"href":"https:\/\/www.hoymercedes.com.ar\/principal\/wp-json\/wp\/v2\/media?parent=192365"}],"wp:term":[{"taxonomy":"category","embeddable":true,"href":"https:\/\/www.hoymercedes.com.ar\/principal\/wp-json\/wp\/v2\/categories?post=192365"},{"taxonomy":"post_tag","embeddable":true,"href":"https:\/\/www.hoymercedes.com.ar\/principal\/wp-json\/wp\/v2\/tags?post=192365"}],"curies":[{"name":"wp","href":"https:\/\/api.w.org\/{rel}","templated":true}]}}