{"id":192385,"date":"2026-02-22T08:02:00","date_gmt":"2026-02-22T11:02:00","guid":{"rendered":"https:\/\/www.hoymercedes.com.ar\/principal\/?p=192385"},"modified":"2026-02-21T23:29:50","modified_gmt":"2026-02-22T02:29:50","slug":"pj-mercedes-tiene-presidente-elegido-pero-varios-distritos-van-a-internas","status":"publish","type":"post","link":"https:\/\/www.hoymercedes.com.ar\/principal\/2026\/02\/22\/pj-mercedes-tiene-presidente-elegido-pero-varios-distritos-van-a-internas\/","title":{"rendered":"PJ: Mercedes tiene presidente elegido, pero varios distritos van a internas"},"content":{"rendered":"\n<p>&nbsp;En Mercedes se resolvi\u00f3 f\u00e1cil. Lista de unidad con presidente y vice definidos. Mientras tanto el proceso de internas en el Partido Justicialista contin\u00faa y en varios distritos bonaerenses habr\u00e1 elecciones internas el pr\u00f3ximo 15 de marzo.<\/p>\n\n\n\n<p>En nuestra ciudad ser\u00e1 Juan I. Ustarroz quien se convierta en presidente del Partido Justicialista acompa\u00f1ado de distintas figuras, nuevas e hist\u00f3ricas, tras la conformaci\u00f3n de una lista de unidad, algo muy importante para el distrito.<\/p>\n\n\n\n<p>Oficializaci\u00f3n<\/p>\n\n\n\n<p>La Junta Electoral del Partido Justicialista de la Provincia de Buenos Aires oficializ\u00f3 las identificaciones de las listas que competir\u00e1n en diversos distritos. Las opciones \u00abCeleste 2\u00bb, \u00abAzul 4\u00bb y \u00abBlanco 6\u00bb ser\u00e1n las protagonistas de la contienda territorial.<\/p>\n\n\n\n<p>A trav\u00e9s de la Resoluci\u00f3n N\u00b0 29, el peronismo bonaerense dio un paso decisivo en su cronograma electoral al asignar formalmente los n\u00fameros y colores a las n\u00f3minas oficializadas. Esta medida ordena el cuarto oscuro para las elecciones internas programadas para el pr\u00f3ximo 15 de marzo, tras no haberse logrado la unidad en puntos estrat\u00e9gicos de la provincia.<\/p>\n\n\n\n<p>Los 11 focos<\/p>\n\n\n\n<p>A pesar de los intentos de la conducci\u00f3n provincial por alcanzar listas de unidad, la competencia ya es un hecho en 11 municipios donde las tensiones territoriales persisten. Los distritos que ir\u00e1n a las urnas son: Tres de Febrero, Mor\u00f3n, San Miguel, San Antonio de Areco, Z\u00e1rate, Lincoln, Balcarce, General Pueyrred\u00f3n, Lober\u00eda, Coronel Su\u00e1rez y Tornquist. En estas localidades, diferentes sectores del peronismo medir\u00e1n sus fuerzas para definir qui\u00e9nes conducir\u00e1n los consejos de partido locales.<\/p>\n\n\n\n<p>Territorio<\/p>\n\n\n\n<p>El esquema de votaci\u00f3n se concentrar\u00e1 principalmente en tres fuerzas: Celeste 2, Azul 4 y Blanco 6. En distritos de peso pol\u00edtico como San Nicol\u00e1s o General Pueyrred\u00f3n, las listas han sumado incluso lemas espec\u00edficos para reforzar su identidad, como la consigna \u00abPatria s\u00ed, Colonia no\u00bb, en un intento de imprimirle \u00e9pica a la contienda distrital.<\/p>\n\n\n\n<p>Con esta definici\u00f3n, el PJ PBA ingresa en la recta final de una campa\u00f1a que servir\u00e1 como term\u00f3metro para medir liderazgos locales y el reordenamiento de fuerzas internas en la provincia, mientras la Junta Electoral a\u00fan mantiene bajo revisi\u00f3n algunos casos puntuales para intentar reducir la cantidad de internas antes de la fecha l\u00edmite.<\/p>\n\n\n\n<p><\/p>\n","protected":false},"excerpt":{"rendered":"<p>&nbsp;En Mercedes se resolvi\u00f3 f\u00e1cil. Lista de unidad con presidente y vice definidos. Mientras tanto el proceso de internas en &#8230; <a title=\"PJ: Mercedes tiene presidente elegido, pero varios distritos van a internas\" class=\"read-more\" href=\"https:\/\/www.hoymercedes.com.ar\/principal\/2026\/02\/22\/pj-mercedes-tiene-presidente-elegido-pero-varios-distritos-van-a-internas\/\" aria-label=\"Leer m\u00e1s sobre PJ: Mercedes tiene presidente elegido, pero varios distritos van a internas\">Leer m\u00e1s<\/a><\/p>\n","protected":false},"author":1,"featured_media":192387,"comment_status":"closed","ping_status":"open","sticky":false,"template":"","format":"standard","meta":{"_monsterinsights_skip_tracking":false,"_monsterinsights_sitenote_active":false,"_monsterinsights_sitenote_note":"","_monsterinsights_sitenote_category":0,"jetpack_post_was_ever_published":false,"_jetpack_newsletter_access":"","_jetpack_dont_email_post_to_subs":false,"_jetpack_newsletter_tier_id":0,"_jetpack_memberships_contains_paywalled_content":false,"_jetpack_memberships_contains_paid_content":false,"footnotes":"","jetpack_publicize_message":"","jetpack_publicize_feature_enabled":true,"jetpack_social_post_already_shared":true,"jetpack_social_options":{"image_generator_settings":{"template":"highway","default_image_id":0,"font":"","enabled":false},"version":2},"_wpas_customize_per_network":false},"categories":[8881],"tags":[20985,1934,424],"class_list":["post-192385","post","type-post","status-publish","format-standard","has-post-thumbnail","hentry","category-provincia","tag-partido-justicilisa","tag-pj-mercedes","tag-ustarroz","generate-columns","tablet-grid-50","mobile-grid-100","grid-parent","grid-50"],"jetpack_publicize_connections":[],"jetpack_featured_media_url":"https:\/\/www.hoymercedes.com.ar\/principal\/wp-content\/uploads\/2026\/02\/PJ-Bonaerense.jpg","wps_subtitle":"No habr\u00e1 internas","jetpack_sharing_enabled":true,"_links":{"self":[{"href":"https:\/\/www.hoymercedes.com.ar\/principal\/wp-json\/wp\/v2\/posts\/192385","targetHints":{"allow":["GET"]}}],"collection":[{"href":"https:\/\/www.hoymercedes.com.ar\/principal\/wp-json\/wp\/v2\/posts"}],"about":[{"href":"https:\/\/www.hoymercedes.com.ar\/principal\/wp-json\/wp\/v2\/types\/post"}],"author":[{"embeddable":true,"href":"https:\/\/www.hoymercedes.com.ar\/principal\/wp-json\/wp\/v2\/users\/1"}],"replies":[{"embeddable":true,"href":"https:\/\/www.hoymercedes.com.ar\/principal\/wp-json\/wp\/v2\/comments?post=192385"}],"version-history":[{"count":2,"href":"https:\/\/www.hoymercedes.com.ar\/principal\/wp-json\/wp\/v2\/posts\/192385\/revisions"}],"predecessor-version":[{"id":192389,"href":"https:\/\/www.hoymercedes.com.ar\/principal\/wp-json\/wp\/v2\/posts\/192385\/revisions\/192389"}],"wp:featuredmedia":[{"embeddable":true,"href":"https:\/\/www.hoymercedes.com.ar\/principal\/wp-json\/wp\/v2\/media\/192387"}],"wp:attachment":[{"href":"https:\/\/www.hoymercedes.com.ar\/principal\/wp-json\/wp\/v2\/media?parent=192385"}],"wp:term":[{"taxonomy":"category","embeddable":true,"href":"https:\/\/www.hoymercedes.com.ar\/principal\/wp-json\/wp\/v2\/categories?post=192385"},{"taxonomy":"post_tag","embeddable":true,"href":"https:\/\/www.hoymercedes.com.ar\/principal\/wp-json\/wp\/v2\/tags?post=192385"}],"curies":[{"name":"wp","href":"https:\/\/api.w.org\/{rel}","templated":true}]}}