{"id":192425,"date":"2026-02-22T20:22:40","date_gmt":"2026-02-22T23:22:40","guid":{"rendered":"https:\/\/www.hoymercedes.com.ar\/principal\/?p=192425"},"modified":"2026-02-22T20:22:43","modified_gmt":"2026-02-22T23:22:43","slug":"diputados-provinciales-reclamaran-por-estado-de-ruta-nacional-n5","status":"publish","type":"post","link":"https:\/\/www.hoymercedes.com.ar\/principal\/2026\/02\/22\/diputados-provinciales-reclamaran-por-estado-de-ruta-nacional-n5\/","title":{"rendered":"Diputados provinciales reclamar\u00e1n por estado de Ruta Nacional N\u00b05"},"content":{"rendered":"\n<p>Alarma por el deterioro de la Ruta Nacional 5: el reclamo llega a Diputados y afecta a Mercedes y la regi\u00f3n. Legisladores bonaerenses exigen medidas urgentes ante el avance del deterioro asf\u00e1ltico y la paralizaci\u00f3n de obras. La traza, que atraviesa el partido de Mercedes, es considerada clave para la seguridad vial y el desarrollo productivo del oeste provincial.<\/p>\n\n\n\n<p>Reclamo<\/p>\n\n\n\n<p>Se intensificaron los reclamos en la C\u00e1mara de Diputados de la Provincia de Buenos Aires ante el evidente estado de abandono y la falta de mantenimiento que presenta este corredor estrat\u00e9gico que llega hasta la provincia de La Pampa.<\/p>\n\n\n\n<p>El diputado radical Valent\u00edn Miranda present\u00f3 un proyecto para expresar su profunda preocupaci\u00f3n por el estado de la calzada. Si bien el pedido hace hincapi\u00e9 en tramos como el de 9 de Julio a Carlos Casares, la problem\u00e1tica es integral: la presencia de \u00abhuellones\u00bb marcados, el desgaste estructural del asfalto y la falta de se\u00f1alizaci\u00f3n adecuada afectan a todo el trayecto que une la Ciudad Aut\u00f3noma de Buenos Aires con el interior, <strong>pasando obligatoriamente por Mercedes.<\/strong><\/p>\n\n\n\n<p><strong>Una ruta clave para Mercedes y la producci\u00f3n<\/strong><\/p>\n\n\n\n<p>Para los mercedinos, la Ruta 5 no es solo una v\u00eda de comunicaci\u00f3n, sino el eje central por donde circula el transporte de carga, la producci\u00f3n agropecuaria y miles de vecinos que se trasladan diariamente.<\/p>\n\n\n\n<p>En su presentaci\u00f3n legislativa, Miranda solicit\u00f3 que la Provincia interceda ante el Gobierno Nacional para que se ejecuten con urgencia las obras de repavimentaci\u00f3n y mejoras estructurales. <em>\u00abLa falta de intervenciones concretas ha profundizado el deterioro\u00bb<\/em>, advirtieron desde el sector legislativo, se\u00f1alando que la seguridad vial y la log\u00edstica productiva est\u00e1n \u00aben riesgo\u00bb.<\/p>\n\n\n\n<p>Noticia con informaci\u00f3n de InfoCielo.com<\/p>\n","protected":false},"excerpt":{"rendered":"<p>Alarma por el deterioro de la Ruta Nacional 5: el reclamo llega a Diputados y afecta a Mercedes y la &#8230; <a title=\"Diputados provinciales reclamar\u00e1n por estado de Ruta Nacional N\u00b05\" class=\"read-more\" href=\"https:\/\/www.hoymercedes.com.ar\/principal\/2026\/02\/22\/diputados-provinciales-reclamaran-por-estado-de-ruta-nacional-n5\/\" aria-label=\"Leer m\u00e1s sobre Diputados provinciales reclamar\u00e1n por estado de Ruta Nacional N\u00b05\">Leer m\u00e1s<\/a><\/p>\n","protected":false},"author":1,"featured_media":189471,"comment_status":"closed","ping_status":"open","sticky":false,"template":"","format":"standard","meta":{"_monsterinsights_skip_tracking":false,"_monsterinsights_sitenote_active":false,"_monsterinsights_sitenote_note":"","_monsterinsights_sitenote_category":0,"jetpack_post_was_ever_published":false,"_jetpack_newsletter_access":"","_jetpack_dont_email_post_to_subs":false,"_jetpack_newsletter_tier_id":0,"_jetpack_memberships_contains_paywalled_content":false,"_jetpack_memberships_contains_paid_content":false,"footnotes":"","jetpack_publicize_message":"","jetpack_publicize_feature_enabled":true,"jetpack_social_post_already_shared":true,"jetpack_social_options":{"image_generator_settings":{"template":"highway","default_image_id":0,"font":"","enabled":false},"version":2},"_wpas_customize_per_network":false},"categories":[8881],"tags":[20986,538,20987],"class_list":["post-192425","post","type-post","status-publish","format-standard","has-post-thumbnail","hentry","category-provincia","tag-diputado-miranda","tag-ruta-5","tag-ruta-naciona-n5-mercedes","generate-columns","tablet-grid-50","mobile-grid-100","grid-parent","grid-50"],"jetpack_publicize_connections":[],"jetpack_featured_media_url":"https:\/\/www.hoymercedes.com.ar\/principal\/wp-content\/uploads\/2025\/11\/Mapa-StaRosa-LaPampa.png","wps_subtitle":"Reclamo","jetpack_sharing_enabled":true,"_links":{"self":[{"href":"https:\/\/www.hoymercedes.com.ar\/principal\/wp-json\/wp\/v2\/posts\/192425","targetHints":{"allow":["GET"]}}],"collection":[{"href":"https:\/\/www.hoymercedes.com.ar\/principal\/wp-json\/wp\/v2\/posts"}],"about":[{"href":"https:\/\/www.hoymercedes.com.ar\/principal\/wp-json\/wp\/v2\/types\/post"}],"author":[{"embeddable":true,"href":"https:\/\/www.hoymercedes.com.ar\/principal\/wp-json\/wp\/v2\/users\/1"}],"replies":[{"embeddable":true,"href":"https:\/\/www.hoymercedes.com.ar\/principal\/wp-json\/wp\/v2\/comments?post=192425"}],"version-history":[{"count":2,"href":"https:\/\/www.hoymercedes.com.ar\/principal\/wp-json\/wp\/v2\/posts\/192425\/revisions"}],"predecessor-version":[{"id":192427,"href":"https:\/\/www.hoymercedes.com.ar\/principal\/wp-json\/wp\/v2\/posts\/192425\/revisions\/192427"}],"wp:featuredmedia":[{"embeddable":true,"href":"https:\/\/www.hoymercedes.com.ar\/principal\/wp-json\/wp\/v2\/media\/189471"}],"wp:attachment":[{"href":"https:\/\/www.hoymercedes.com.ar\/principal\/wp-json\/wp\/v2\/media?parent=192425"}],"wp:term":[{"taxonomy":"category","embeddable":true,"href":"https:\/\/www.hoymercedes.com.ar\/principal\/wp-json\/wp\/v2\/categories?post=192425"},{"taxonomy":"post_tag","embeddable":true,"href":"https:\/\/www.hoymercedes.com.ar\/principal\/wp-json\/wp\/v2\/tags?post=192425"}],"curies":[{"name":"wp","href":"https:\/\/api.w.org\/{rel}","templated":true}]}}