{"id":192442,"date":"2026-02-23T07:30:00","date_gmt":"2026-02-23T10:30:00","guid":{"rendered":"https:\/\/www.hoymercedes.com.ar\/principal\/?p=192442"},"modified":"2026-02-22T23:50:11","modified_gmt":"2026-02-23T02:50:11","slug":"unidad-n5-cumple-150-anos-de-historia-en-la-ciudad","status":"publish","type":"post","link":"https:\/\/www.hoymercedes.com.ar\/principal\/2026\/02\/23\/unidad-n5-cumple-150-anos-de-historia-en-la-ciudad\/","title":{"rendered":"Unidad N\u00b05 cumple 150 a\u00f1os de historia en la ciudad"},"content":{"rendered":"\n<figure class=\"wp-block-image size-full is-resized\"><img loading=\"lazy\" decoding=\"async\" width=\"1000\" height=\"664\" data-attachment-id=\"192443\" data-permalink=\"https:\/\/www.hoymercedes.com.ar\/principal\/2026\/02\/23\/unidad-n5-cumple-150-anos-de-historia-en-la-ciudad\/unidadn5\/#main\" data-orig-file=\"https:\/\/www.hoymercedes.com.ar\/principal\/wp-content\/uploads\/2026\/02\/unidadn5.jpg\" data-orig-size=\"1000,664\" data-comments-opened=\"0\" data-image-meta=\"{&quot;aperture&quot;:&quot;5.6&quot;,&quot;credit&quot;:&quot;&quot;,&quot;camera&quot;:&quot;NIKON D100&quot;,&quot;caption&quot;:&quot;&quot;,&quot;created_timestamp&quot;:&quot;1139483602&quot;,&quot;copyright&quot;:&quot;&quot;,&quot;focal_length&quot;:&quot;28&quot;,&quot;iso&quot;:&quot;0&quot;,&quot;shutter_speed&quot;:&quot;0.004&quot;,&quot;title&quot;:&quot;&quot;,&quot;orientation&quot;:&quot;0&quot;}\" data-image-title=\"Unidad N\u00b05, Mercedes\" data-image-description=\"&lt;p&gt;Unidad N\u00b05, Mercedes&lt;\/p&gt;\n\" data-image-caption=\"&lt;p&gt;Unidad N\u00b05, Mercedes&lt;\/p&gt;\n\" data-large-file=\"https:\/\/www.hoymercedes.com.ar\/principal\/wp-content\/uploads\/2026\/02\/unidadn5.jpg\" src=\"https:\/\/www.hoymercedes.com.ar\/principal\/wp-content\/uploads\/2026\/02\/unidadn5.jpg\" alt=\"\" class=\"wp-image-192443\" style=\"width:1036px;height:auto\" srcset=\"https:\/\/www.hoymercedes.com.ar\/principal\/wp-content\/uploads\/2026\/02\/unidadn5.jpg 1000w, https:\/\/www.hoymercedes.com.ar\/principal\/wp-content\/uploads\/2026\/02\/unidadn5-630x418.jpg 630w, https:\/\/www.hoymercedes.com.ar\/principal\/wp-content\/uploads\/2026\/02\/unidadn5-150x100.jpg 150w\" sizes=\"auto, (max-width: 1000px) 100vw, 1000px\" \/><\/figure>\n\n\n\n<p>La unidad penitenciaria de Mercedes cumple 150 a\u00f1os, siendo una de las m\u00e1s antiguas del pa\u00eds, con una amplia historia institucional emplazada en el coraz\u00f3n del barrio San Jos\u00e9.<\/p>\n\n\n\n<p>En esta ocasi\u00f3n, se prev\u00e9 un gran acto el pr\u00f3ximo martes a las 9hs frente a su sede, en 27 entre 48 y 50. &nbsp;<\/p>\n\n\n\n<p>La Unidad Penitenciaria N\u00ba 5 de Mercedes representa una de las piezas m\u00e1s antiguas y emblem\u00e1ticas de la historia penitenciaria argentina. Desde su fundaci\u00f3n a finales del siglo XIX, el complejo ha sido testigo de la evoluci\u00f3n de las pol\u00edticas de encierro y judiciales en el pa\u00eds. Con su caracter\u00edstico estilo de torreones y muros perimetrales, la c\u00e1rcel es hoy un punto de referencia inevitable en la ciudad.<\/p>\n\n\n\n<p>No obstante, su vigencia hist\u00f3rica contrasta con una realidad compleja: la cantidad de internos supera con creces la capacidad proyectada originalmente.<\/p>\n\n\n\n<p>En este contexto cr\u00edtico, los programas de rehabilitaci\u00f3n han cobrado protagonismo. La implementaci\u00f3n de pabellones literarios y talleres educativos se presenta como la principal herramienta para mitigar el impacto del encierro y trabajar activamente en la reducci\u00f3n de la reincidencia. Cumple, adem\u00e1s, un valioso aporte social como as\u00ed tambi\u00e9n en sus talleres de reparaci\u00f3n de veh\u00edculos y estructuras para distintas instituciones de la ciudad.<\/p>\n\n\n\n<p><\/p>\n","protected":false},"excerpt":{"rendered":"<p>La unidad penitenciaria de Mercedes cumple 150 a\u00f1os, siendo una de las m\u00e1s antiguas del pa\u00eds, con una amplia historia &#8230; <a title=\"Unidad N\u00b05 cumple 150 a\u00f1os de historia en la ciudad\" class=\"read-more\" href=\"https:\/\/www.hoymercedes.com.ar\/principal\/2026\/02\/23\/unidad-n5-cumple-150-anos-de-historia-en-la-ciudad\/\" aria-label=\"Leer m\u00e1s sobre Unidad N\u00b05 cumple 150 a\u00f1os de historia en la ciudad\">Leer m\u00e1s<\/a><\/p>\n","protected":false},"author":1,"featured_media":192443,"comment_status":"closed","ping_status":"open","sticky":false,"template":"","format":"standard","meta":{"_monsterinsights_skip_tracking":false,"_monsterinsights_sitenote_active":false,"_monsterinsights_sitenote_note":"","_monsterinsights_sitenote_category":0,"jetpack_post_was_ever_published":false,"_jetpack_newsletter_access":"","_jetpack_dont_email_post_to_subs":false,"_jetpack_newsletter_tier_id":0,"_jetpack_memberships_contains_paywalled_content":false,"_jetpack_memberships_contains_paid_content":false,"footnotes":"","jetpack_publicize_message":"","jetpack_publicize_feature_enabled":true,"jetpack_social_post_already_shared":true,"jetpack_social_options":{"image_generator_settings":{"template":"highway","default_image_id":0,"font":"","enabled":false},"version":2},"_wpas_customize_per_network":false},"categories":[8],"tags":[],"class_list":["post-192442","post","type-post","status-publish","format-standard","has-post-thumbnail","hentry","category-sociedad","generate-columns","tablet-grid-50","mobile-grid-100","grid-parent","grid-50"],"jetpack_publicize_connections":[],"jetpack_featured_media_url":"https:\/\/www.hoymercedes.com.ar\/principal\/wp-content\/uploads\/2026\/02\/unidadn5.jpg","wps_subtitle":"Instituciones","jetpack_sharing_enabled":true,"_links":{"self":[{"href":"https:\/\/www.hoymercedes.com.ar\/principal\/wp-json\/wp\/v2\/posts\/192442","targetHints":{"allow":["GET"]}}],"collection":[{"href":"https:\/\/www.hoymercedes.com.ar\/principal\/wp-json\/wp\/v2\/posts"}],"about":[{"href":"https:\/\/www.hoymercedes.com.ar\/principal\/wp-json\/wp\/v2\/types\/post"}],"author":[{"embeddable":true,"href":"https:\/\/www.hoymercedes.com.ar\/principal\/wp-json\/wp\/v2\/users\/1"}],"replies":[{"embeddable":true,"href":"https:\/\/www.hoymercedes.com.ar\/principal\/wp-json\/wp\/v2\/comments?post=192442"}],"version-history":[{"count":2,"href":"https:\/\/www.hoymercedes.com.ar\/principal\/wp-json\/wp\/v2\/posts\/192442\/revisions"}],"predecessor-version":[{"id":192445,"href":"https:\/\/www.hoymercedes.com.ar\/principal\/wp-json\/wp\/v2\/posts\/192442\/revisions\/192445"}],"wp:featuredmedia":[{"embeddable":true,"href":"https:\/\/www.hoymercedes.com.ar\/principal\/wp-json\/wp\/v2\/media\/192443"}],"wp:attachment":[{"href":"https:\/\/www.hoymercedes.com.ar\/principal\/wp-json\/wp\/v2\/media?parent=192442"}],"wp:term":[{"taxonomy":"category","embeddable":true,"href":"https:\/\/www.hoymercedes.com.ar\/principal\/wp-json\/wp\/v2\/categories?post=192442"},{"taxonomy":"post_tag","embeddable":true,"href":"https:\/\/www.hoymercedes.com.ar\/principal\/wp-json\/wp\/v2\/tags?post=192442"}],"curies":[{"name":"wp","href":"https:\/\/api.w.org\/{rel}","templated":true}]}}