{"id":192447,"date":"2026-02-23T13:10:25","date_gmt":"2026-02-23T16:10:25","guid":{"rendered":"https:\/\/www.hoymercedes.com.ar\/principal\/?p=192447"},"modified":"2026-02-23T13:10:29","modified_gmt":"2026-02-23T16:10:29","slug":"los-ultimos-habitantes-del-ex-zoo-de-lujan-inician-su-viaje-hacia-santuario-en-europa","status":"publish","type":"post","link":"https:\/\/www.hoymercedes.com.ar\/principal\/2026\/02\/23\/los-ultimos-habitantes-del-ex-zoo-de-lujan-inician-su-viaje-hacia-santuario-en-europa\/","title":{"rendered":"Los \u00faltimos habitantes del ex Zoo de Luj\u00e1n inician su viaje hacia Santuario en Europa"},"content":{"rendered":"\n<figure class=\"wp-block-image size-large\"><img loading=\"lazy\" decoding=\"async\" width=\"1024\" height=\"562\" data-attachment-id=\"192452\" data-permalink=\"https:\/\/www.hoymercedes.com.ar\/principal\/2026\/02\/23\/los-ultimos-habitantes-del-ex-zoo-de-lujan-inician-su-viaje-hacia-santuario-en-europa\/oso-zoolujan\/#main\" data-orig-file=\"https:\/\/www.hoymercedes.com.ar\/principal\/wp-content\/uploads\/2026\/02\/Oso-ZooLujan.png\" data-orig-size=\"1252,687\" data-comments-opened=\"0\" data-image-meta=\"{&quot;aperture&quot;:&quot;0&quot;,&quot;credit&quot;:&quot;&quot;,&quot;camera&quot;:&quot;&quot;,&quot;caption&quot;:&quot;&quot;,&quot;created_timestamp&quot;:&quot;0&quot;,&quot;copyright&quot;:&quot;&quot;,&quot;focal_length&quot;:&quot;0&quot;,&quot;iso&quot;:&quot;0&quot;,&quot;shutter_speed&quot;:&quot;0&quot;,&quot;title&quot;:&quot;&quot;,&quot;orientation&quot;:&quot;0&quot;}\" data-image-title=\"Oso-ZooLujan\" data-image-description=\"&lt;p&gt;Traslado de animales, Zoo Luj\u00e1n&lt;\/p&gt;\n\" data-image-caption=\"&lt;p&gt;Traslado de animales, Zoo Luj\u00e1n&lt;\/p&gt;\n\" data-large-file=\"https:\/\/www.hoymercedes.com.ar\/principal\/wp-content\/uploads\/2026\/02\/Oso-ZooLujan-1024x562.png\" src=\"https:\/\/www.hoymercedes.com.ar\/principal\/wp-content\/uploads\/2026\/02\/Oso-ZooLujan-1024x562.png\" alt=\"\" class=\"wp-image-192452\" srcset=\"https:\/\/www.hoymercedes.com.ar\/principal\/wp-content\/uploads\/2026\/02\/Oso-ZooLujan-1024x562.png 1024w, https:\/\/www.hoymercedes.com.ar\/principal\/wp-content\/uploads\/2026\/02\/Oso-ZooLujan-630x346.png 630w, https:\/\/www.hoymercedes.com.ar\/principal\/wp-content\/uploads\/2026\/02\/Oso-ZooLujan-150x82.png 150w, https:\/\/www.hoymercedes.com.ar\/principal\/wp-content\/uploads\/2026\/02\/Oso-ZooLujan.png 1252w\" sizes=\"auto, (max-width: 1024px) 100vw, 1024px\" \/><\/figure>\n\n\n\n<p>En un operativo hist\u00f3rico que comenz\u00f3 este lunes, dos osos pardos y una tigresa de bengala dejaron el predio de Luj\u00e1n, un destino que durante d\u00e9cadas fue un punto de encuentro para miles de familias de la zona, entre ellas much\u00edsimas delegaciones y vecinos de Mercedes.<\/p>\n\n\n\n<p>El paisaje del otrora pol\u00e9mico y concurrido Zool\u00f3gico de Luj\u00e1n cambi\u00f3 para siempre. Aquel predio que supo recibir a miles de familias mercedinas cada fin de semana \u2014quienes recorr\u00edan los pocos kil\u00f3metros que separan ambas ciudades para ver de cerca a los animales\u2014 hoy es el escenario de un complejo operativo de rescate y traslado internacional.<\/p>\n\n\n\n<p>Este lunes, bajo la supervisi\u00f3n de la organizaci\u00f3n internacional <em>Four Paws<\/em>, se inici\u00f3 el traslado de los osos pardos <strong>Florencia y Gordo<\/strong>, junto a la tigresa de bengala <strong>Flora<\/strong>. Los tres ejemplares, que vivieron a\u00f1os en condiciones de encierro precarias tras la clausura del establecimiento, tienen como destino final santuarios especializados en Bulgaria y los Pa\u00edses Bajos (\u00c1msterdam).<\/p>\n\n\n\n<h3 class=\"wp-block-heading\">Un operativo de alta complejidad<\/h3>\n\n\n\n<p>La log\u00edstica comenz\u00f3 a las 7:30 de la ma\u00f1ana, cuando los animales fueron cargados en jaulas especiales. Seg\u00fan se inform\u00f3, los osos viajar\u00e1n en un avi\u00f3n de carga, mientras que la tigresa lo har\u00e1 en un avi\u00f3n de pasajeros acondicionado. Tras un control veterinario riguroso realizado en Ca\u00f1uelas, el grupo inici\u00f3 el camino hacia el Aeropuerto de Ezeiza para cruzar el Atl\u00e1ntico.<\/p>\n\n\n\n<p>Estos animales se encontraban en un sector alejado del resto, en jaulas reducidas donde apenas pod\u00edan moverse. Su traslado representa un alivio frente a la superpoblaci\u00f3n que sufri\u00f3 el lugar, que lleg\u00f3 a tener m\u00e1s de 110 felinos debido a la falta de control en la reproducci\u00f3n durante sus a\u00f1os de mayor actividad comercial.<\/p>\n\n\n\n<h3 class=\"wp-block-heading\">El fin de una era para la regi\u00f3n<\/h3>\n\n\n\n<p>Para los vecinos de <strong>Mercedes<\/strong>, la noticia tiene un tinte de nostalgia y reflexi\u00f3n. Durante a\u00f1os, el Zoo de Luj\u00e1n fue la salida familiar por excelencia para los mercedinos debido a su cercan\u00eda. Sin embargo, tras las denuncias por maltrato animal y el cambio de paradigma sobre el bienestar de las especies ex\u00f3ticas, el predio fue clausurado definitivamente, dejando atr\u00e1s la etapa de las \u00abfotos con leones\u00bb que tanto p\u00fablico atra\u00eda.<\/p>\n\n\n\n<h3 class=\"wp-block-heading\">El futuro del predio<\/h3>\n\n\n\n<p>Aunque la partida de Florencia, Gordo y Flora es un hito, la tarea no termina aqu\u00ed. Se estima que todav\u00eda quedan cerca de <strong>60 felinos<\/strong> en el predio que deben ser reubicados. Desde septiembre del a\u00f1o pasado, el lugar est\u00e1 bajo la gesti\u00f3n de especialistas que buscan darles una vida digna lejos de las exhibiciones.<\/p>\n\n\n\n<p>Para los habitantes de Luj\u00e1n y las ciudades vecinas como Mercedes, el cierre de este cap\u00edtulo marca el fin de una \u00e9poca y el inicio de un compromiso m\u00e1s humano con la fauna silvestre: que los animales dejen de ser un espect\u00e1culo para volver a vivir, finalmente, en entornos que respeten su naturaleza.<\/p>\n","protected":false},"excerpt":{"rendered":"<p>En un operativo hist\u00f3rico que comenz\u00f3 este lunes, dos osos pardos y una tigresa de bengala dejaron el predio de &#8230; <a title=\"Los \u00faltimos habitantes del ex Zoo de Luj\u00e1n inician su viaje hacia Santuario en Europa\" class=\"read-more\" href=\"https:\/\/www.hoymercedes.com.ar\/principal\/2026\/02\/23\/los-ultimos-habitantes-del-ex-zoo-de-lujan-inician-su-viaje-hacia-santuario-en-europa\/\" aria-label=\"Leer m\u00e1s sobre Los \u00faltimos habitantes del ex Zoo de Luj\u00e1n inician su viaje hacia Santuario en Europa\">Leer m\u00e1s<\/a><\/p>\n","protected":false},"author":1,"featured_media":192452,"comment_status":"closed","ping_status":"open","sticky":false,"template":"","format":"standard","meta":{"_monsterinsights_skip_tracking":false,"_monsterinsights_sitenote_active":false,"_monsterinsights_sitenote_note":"","_monsterinsights_sitenote_category":0,"jetpack_post_was_ever_published":false,"_jetpack_newsletter_access":"","_jetpack_dont_email_post_to_subs":false,"_jetpack_newsletter_tier_id":0,"_jetpack_memberships_contains_paywalled_content":false,"_jetpack_memberships_contains_paid_content":false,"footnotes":"","jetpack_publicize_message":"","jetpack_publicize_feature_enabled":true,"jetpack_social_post_already_shared":true,"jetpack_social_options":{"image_generator_settings":{"template":"highway","default_image_id":0,"font":"","enabled":false},"version":2},"_wpas_customize_per_network":false},"categories":[5501],"tags":[86,20991,20992],"class_list":["post-192447","post","type-post","status-publish","format-standard","has-post-thumbnail","hentry","category-region","tag-lujan","tag-traslado-de-animales","tag-zoo","generate-columns","tablet-grid-50","mobile-grid-100","grid-parent","grid-50"],"jetpack_publicize_connections":[],"jetpack_featured_media_url":"https:\/\/www.hoymercedes.com.ar\/principal\/wp-content\/uploads\/2026\/02\/Oso-ZooLujan.png","wps_subtitle":"","jetpack_sharing_enabled":true,"_links":{"self":[{"href":"https:\/\/www.hoymercedes.com.ar\/principal\/wp-json\/wp\/v2\/posts\/192447","targetHints":{"allow":["GET"]}}],"collection":[{"href":"https:\/\/www.hoymercedes.com.ar\/principal\/wp-json\/wp\/v2\/posts"}],"about":[{"href":"https:\/\/www.hoymercedes.com.ar\/principal\/wp-json\/wp\/v2\/types\/post"}],"author":[{"embeddable":true,"href":"https:\/\/www.hoymercedes.com.ar\/principal\/wp-json\/wp\/v2\/users\/1"}],"replies":[{"embeddable":true,"href":"https:\/\/www.hoymercedes.com.ar\/principal\/wp-json\/wp\/v2\/comments?post=192447"}],"version-history":[{"count":1,"href":"https:\/\/www.hoymercedes.com.ar\/principal\/wp-json\/wp\/v2\/posts\/192447\/revisions"}],"predecessor-version":[{"id":192453,"href":"https:\/\/www.hoymercedes.com.ar\/principal\/wp-json\/wp\/v2\/posts\/192447\/revisions\/192453"}],"wp:featuredmedia":[{"embeddable":true,"href":"https:\/\/www.hoymercedes.com.ar\/principal\/wp-json\/wp\/v2\/media\/192452"}],"wp:attachment":[{"href":"https:\/\/www.hoymercedes.com.ar\/principal\/wp-json\/wp\/v2\/media?parent=192447"}],"wp:term":[{"taxonomy":"category","embeddable":true,"href":"https:\/\/www.hoymercedes.com.ar\/principal\/wp-json\/wp\/v2\/categories?post=192447"},{"taxonomy":"post_tag","embeddable":true,"href":"https:\/\/www.hoymercedes.com.ar\/principal\/wp-json\/wp\/v2\/tags?post=192447"}],"curies":[{"name":"wp","href":"https:\/\/api.w.org\/{rel}","templated":true}]}}