{"id":192454,"date":"2026-02-23T14:05:02","date_gmt":"2026-02-23T17:05:02","guid":{"rendered":"https:\/\/www.hoymercedes.com.ar\/principal\/?p=192454"},"modified":"2026-02-23T14:07:15","modified_gmt":"2026-02-23T17:07:15","slug":"habria-muerto-el-carnicero-de-giles-un-historico-asesino-de-toda-su-familia","status":"publish","type":"post","link":"https:\/\/www.hoymercedes.com.ar\/principal\/2026\/02\/23\/habria-muerto-el-carnicero-de-giles-un-historico-asesino-de-toda-su-familia\/","title":{"rendered":"Muri\u00f3 \u201cEl Carnicero de Giles\u201d, un hist\u00f3rico asesino de toda su familia"},"content":{"rendered":"\n<figure class=\"wp-block-image size-full\"><img loading=\"lazy\" decoding=\"async\" width=\"1024\" height=\"768\" data-attachment-id=\"192455\" data-permalink=\"https:\/\/www.hoymercedes.com.ar\/principal\/2026\/02\/23\/habria-muerto-el-carnicero-de-giles-un-historico-asesino-de-toda-su-familia\/carnicero-de-giles-iribarne-2\/#main\" data-orig-file=\"https:\/\/www.hoymercedes.com.ar\/principal\/wp-content\/uploads\/2026\/02\/Carnicero-de-Giles-Iribarne.webp\" data-orig-size=\"1024,768\" data-comments-opened=\"0\" data-image-meta=\"{&quot;aperture&quot;:&quot;0&quot;,&quot;credit&quot;:&quot;&quot;,&quot;camera&quot;:&quot;&quot;,&quot;caption&quot;:&quot;&quot;,&quot;created_timestamp&quot;:&quot;0&quot;,&quot;copyright&quot;:&quot;&quot;,&quot;focal_length&quot;:&quot;0&quot;,&quot;iso&quot;:&quot;0&quot;,&quot;shutter_speed&quot;:&quot;0&quot;,&quot;title&quot;:&quot;&quot;,&quot;orientation&quot;:&quot;0&quot;}\" data-image-title=\"Carnicero de Giles &amp;#8211; Iribarne\" data-image-description=\"\" data-image-caption=\"\" data-large-file=\"https:\/\/www.hoymercedes.com.ar\/principal\/wp-content\/uploads\/2026\/02\/Carnicero-de-Giles-Iribarne.webp\" src=\"https:\/\/www.hoymercedes.com.ar\/principal\/wp-content\/uploads\/2026\/02\/Carnicero-de-Giles-Iribarne.webp\" alt=\"\" class=\"wp-image-192455\" srcset=\"https:\/\/www.hoymercedes.com.ar\/principal\/wp-content\/uploads\/2026\/02\/Carnicero-de-Giles-Iribarne.webp 1024w, https:\/\/www.hoymercedes.com.ar\/principal\/wp-content\/uploads\/2026\/02\/Carnicero-de-Giles-Iribarne-630x473.webp 630w, https:\/\/www.hoymercedes.com.ar\/principal\/wp-content\/uploads\/2026\/02\/Carnicero-de-Giles-Iribarne-150x113.webp 150w\" sizes=\"auto, (max-width: 1024px) 100vw, 1024px\" \/><\/figure>\n\n\n\n<p>El hist\u00f3rico <strong>Luis Fernando Iribarren<\/strong>, quien asesin\u00f3 a toda su familia hace unos a\u00f1os en San Andr\u00e9s de Giles, tuvo una canci\u00f3n de Los Fabulosos Cadillac y resonancia a nivel mundial con videos y cr\u00f3nicas de su brutal comportamiento falleci\u00f3 en las \u00faltimas horas, informan medios de la vecina ciudad. Fue apodado como <strong>\u00abEl Carnicero de Giles\u00bb<\/strong>. <\/p>\n\n\n\n<p><strong>Vigencia<\/strong><\/p>\n\n\n\n<p>A pesar de haber sido condenado a la mayor pena que el tambi\u00e9n hist\u00f3rico Robledo Puch, el Juzgado de Ejecuci\u00f3n N\u00b0 1, de Mercedes, hab\u00eda autorizado sus salidas educativas, algo que lo llev\u00f3, hace unos meses, a fugarse y esconderse en el norte del pa\u00eds, para luego ser recapturado. &nbsp;Ese hecho lo hab\u00eda vuelto a poner en todos los medios de comunicaci\u00f3n y traer su caso a la memoria colectiva.<\/p>\n\n\n\n<p><strong>Historia<\/strong><\/p>\n\n\n\n<p>La tranquilidad de San Andr\u00e9s de Giles se quebr\u00f3 para siempre una tarde de 1995, cuando el olor nauseabundo que emanaba de una vivienda en la calle C\u00e1mpora revel\u00f3 un secreto enterrado durante casi una d\u00e9cada.<\/p>\n\n\n\n<p>All\u00ed, Luis Fernando Iribarren, un joven que hasta entonces caminaba entre sus vecinos como uno m\u00e1s, confes\u00f3 sin rastros de emoci\u00f3n haber asesinado a hachazos a su t\u00eda. Pero, lo que parec\u00eda un hecho aislado, fue solo la punta del iceberg de una de las mentes m\u00e1s oscuras de la criminalidad argentina: ante los investigadores, \u00abEl Carnicero\u00bb admiti\u00f3 que a\u00f1os antes, en 1986, tambi\u00e9n hab\u00eda exterminado a tiros a sus padres y a sus dos hermanos en un campo de Tuyut\u00ed.<\/p>\n\n\n\n<p><strong>Cr\u00edmenes<\/strong><\/p>\n\n\n\n<p>El relato de los cr\u00edmenes, extra\u00eddo de los expedientes judiciales, hiela la sangre por su frialdad mec\u00e1nica. Iribarren record\u00f3 haber tomado una carabina, entrar a la habitaci\u00f3n de sus padres y su hermana y dispararles a ojos cerrados, guiado solo por la ubicaci\u00f3n de los cuerpos en la penumbra. Luego, se dirigi\u00f3 al cuarto de su hermano menor, a quien golpe\u00f3 con el ca\u00f1\u00f3n del arma antes de rematarlo. Durante nueve a\u00f1os, el asesino convivi\u00f3 con el silencio de esas ausencias, inventando excusas sobre el paradero de su familia, hasta que la impaciencia por una enfermedad de su t\u00eda lo llev\u00f3 a empu\u00f1ar un hacha y completar su macabro registro familiar.<\/p>\n\n\n\n<p><strong>Condena<\/strong><\/p>\n\n\n\n<p>A pesar de haber sido condenado en 2002 a reclusi\u00f3n perpetua m\u00e1s la accesoria por tiempo indeterminado \u2014una pena que lo colocaba al mismo nivel de peligrosidad que Carlos Robledo Puch\u2014, el sistema judicial comenz\u00f3 a abrirle puertas que el sentido com\u00fan desaconsejaba. En los \u00faltimos a\u00f1os, Iribarren logr\u00f3 lo que pocos criminales de su estirpe consiguen: la confianza de los jueces de ejecuci\u00f3n de Mercedes. Bajo el amparo de un r\u00e9gimen de est\u00edmulo educativo, se le permiti\u00f3 salir de la c\u00e1rcel de Olmos sin custodia policial, confiando apenas en su palabra y en un dispositivo de geolocalizaci\u00f3n para que asistiera a estudiar Periodismo y Ciencias Econ\u00f3micas en La Plata.<\/p>\n\n\n\n<p><strong>Muerte<\/strong><\/p>\n\n\n\n<p>Ahora, su vida de pel\u00edcula finaliz\u00f3 a los 61 a\u00f1os producto de una fuerte neumon\u00eda en Chubut, donde se encontraba alojado cumpliendo su condena. En una entrevista que dio en 2025 coment\u00f3 \u201cel fr\u00edo me va a matar\u201d, mientras se quejaba de las condiciones de detenci\u00f3n.<\/p>\n\n\n\n<p>Finalmente el famoso \u201cCarnicero de Giles\u201d falleci\u00f3, siendo uno de los casos m\u00e1s resonantes de la historia policial reciente del pa\u00eds. <\/p>\n\n\n\n<p><strong>Canci\u00f3n<\/strong><\/p>\n\n\n\n<p>Su fama fue tal, que incluso la banda Los Fabulosos Cadillacs le escribieron una canci\u00f3n que forma parte del disco \u00abFabulosos Calaveras\u00bb, album que le dio un gramy internacional a la banda de nuestro pa\u00eds.<\/p>\n\n\n\n<figure class=\"wp-block-embed is-type-video is-provider-youtube wp-block-embed-youtube wp-embed-aspect-4-3 wp-has-aspect-ratio\"><div class=\"wp-block-embed__wrapper\">\n<span class=\"embed-youtube\" style=\"text-align:center; display: block;\"><iframe loading=\"lazy\" class=\"youtube-player\" width=\"1200\" height=\"675\" src=\"https:\/\/www.youtube.com\/embed\/UQN9YSYn2t4?version=3&#038;rel=1&#038;showsearch=0&#038;showinfo=1&#038;iv_load_policy=1&#038;fs=1&#038;hl=es-ES&#038;autohide=2&#038;wmode=transparent\" allowfullscreen=\"true\" style=\"border:0;\" sandbox=\"allow-scripts allow-same-origin allow-popups allow-presentation allow-popups-to-escape-sandbox\"><\/iframe><\/span>\n<\/div><\/figure>\n","protected":false},"excerpt":{"rendered":"<p>El hist\u00f3rico Luis Fernando Iribarren, quien asesin\u00f3 a toda su familia hace unos a\u00f1os en San Andr\u00e9s de Giles, tuvo &#8230; <a title=\"Muri\u00f3 \u201cEl Carnicero de Giles\u201d, un hist\u00f3rico asesino de toda su familia\" class=\"read-more\" href=\"https:\/\/www.hoymercedes.com.ar\/principal\/2026\/02\/23\/habria-muerto-el-carnicero-de-giles-un-historico-asesino-de-toda-su-familia\/\" aria-label=\"Leer m\u00e1s sobre Muri\u00f3 \u201cEl Carnicero de Giles\u201d, un hist\u00f3rico asesino de toda su familia\">Leer m\u00e1s<\/a><\/p>\n","protected":false},"author":1,"featured_media":192456,"comment_status":"closed","ping_status":"open","sticky":false,"template":"","format":"standard","meta":{"_monsterinsights_skip_tracking":false,"_monsterinsights_sitenote_active":false,"_monsterinsights_sitenote_note":"","_monsterinsights_sitenote_category":0,"jetpack_post_was_ever_published":false,"_jetpack_newsletter_access":"","_jetpack_dont_email_post_to_subs":false,"_jetpack_newsletter_tier_id":0,"_jetpack_memberships_contains_paywalled_content":false,"_jetpack_memberships_contains_paid_content":false,"footnotes":"","jetpack_publicize_message":"","jetpack_publicize_feature_enabled":true,"jetpack_social_post_already_shared":true,"jetpack_social_options":{"image_generator_settings":{"template":"highway","default_image_id":0,"font":"","enabled":false},"version":2},"_wpas_customize_per_network":false},"categories":[5501],"tags":[20993,19733,19805],"class_list":["post-192454","post","type-post","status-publish","format-standard","has-post-thumbnail","hentry","category-region","tag-carnicero","tag-el-carnicero-de-giles","tag-luis-iribarne","generate-columns","tablet-grid-50","mobile-grid-100","grid-parent","grid-50"],"jetpack_publicize_connections":[],"jetpack_featured_media_url":"https:\/\/www.hoymercedes.com.ar\/principal\/wp-content\/uploads\/2026\/02\/Carnicero-de-Giles-A.jpg","wps_subtitle":"Hist\u00f3rica pesonalidad ","jetpack_sharing_enabled":true,"_links":{"self":[{"href":"https:\/\/www.hoymercedes.com.ar\/principal\/wp-json\/wp\/v2\/posts\/192454","targetHints":{"allow":["GET"]}}],"collection":[{"href":"https:\/\/www.hoymercedes.com.ar\/principal\/wp-json\/wp\/v2\/posts"}],"about":[{"href":"https:\/\/www.hoymercedes.com.ar\/principal\/wp-json\/wp\/v2\/types\/post"}],"author":[{"embeddable":true,"href":"https:\/\/www.hoymercedes.com.ar\/principal\/wp-json\/wp\/v2\/users\/1"}],"replies":[{"embeddable":true,"href":"https:\/\/www.hoymercedes.com.ar\/principal\/wp-json\/wp\/v2\/comments?post=192454"}],"version-history":[{"count":4,"href":"https:\/\/www.hoymercedes.com.ar\/principal\/wp-json\/wp\/v2\/posts\/192454\/revisions"}],"predecessor-version":[{"id":192461,"href":"https:\/\/www.hoymercedes.com.ar\/principal\/wp-json\/wp\/v2\/posts\/192454\/revisions\/192461"}],"wp:featuredmedia":[{"embeddable":true,"href":"https:\/\/www.hoymercedes.com.ar\/principal\/wp-json\/wp\/v2\/media\/192456"}],"wp:attachment":[{"href":"https:\/\/www.hoymercedes.com.ar\/principal\/wp-json\/wp\/v2\/media?parent=192454"}],"wp:term":[{"taxonomy":"category","embeddable":true,"href":"https:\/\/www.hoymercedes.com.ar\/principal\/wp-json\/wp\/v2\/categories?post=192454"},{"taxonomy":"post_tag","embeddable":true,"href":"https:\/\/www.hoymercedes.com.ar\/principal\/wp-json\/wp\/v2\/tags?post=192454"}],"curies":[{"name":"wp","href":"https:\/\/api.w.org\/{rel}","templated":true}]}}