{"id":192462,"date":"2026-02-23T18:54:49","date_gmt":"2026-02-23T21:54:49","guid":{"rendered":"https:\/\/www.hoymercedes.com.ar\/principal\/?p=192462"},"modified":"2026-02-23T18:57:15","modified_gmt":"2026-02-23T21:57:15","slug":"peligra-la-autonomia-distrital-en-el-colegio-de-arquitectos","status":"publish","type":"post","link":"https:\/\/www.hoymercedes.com.ar\/principal\/2026\/02\/23\/peligra-la-autonomia-distrital-en-el-colegio-de-arquitectos\/","title":{"rendered":"Peligra la autonom\u00eda distrital en el Colegio de Arquitectos"},"content":{"rendered":"\n<p>El\u00a0<strong>Colegio de Arquitectos de la Provincia de Buenos Aires \u2013 Distrito 5,\u00a0<\/strong>inform\u00f3 que, con fecha 5 de febrero de 2026, sus autoridades elevaron una nota formal al\u00a0<strong>Presidente del Consejo Superior del CAPBA, Arq. Alejandro Latorre,<\/strong>\u00a0para manifestar su postura y preocupaci\u00f3n ante la decisi\u00f3n de ese organismo de gestionar y organizar de manera directa concursos dentro de la jurisdicci\u00f3n distrital.<\/p>\n\n\n<div class=\"wp-block-image\">\n<figure class=\"aligncenter size-large\"><img loading=\"lazy\" decoding=\"async\" width=\"1024\" height=\"683\" data-attachment-id=\"192466\" data-permalink=\"https:\/\/www.hoymercedes.com.ar\/principal\/2026\/02\/23\/peligra-la-autonomia-distrital-en-el-colegio-de-arquitectos\/image-251\/#main\" data-orig-file=\"https:\/\/www.hoymercedes.com.ar\/principal\/wp-content\/uploads\/2026\/02\/image-53.png\" data-orig-size=\"1200,800\" data-comments-opened=\"0\" data-image-meta=\"{&quot;aperture&quot;:&quot;0&quot;,&quot;credit&quot;:&quot;&quot;,&quot;camera&quot;:&quot;&quot;,&quot;caption&quot;:&quot;&quot;,&quot;created_timestamp&quot;:&quot;0&quot;,&quot;copyright&quot;:&quot;&quot;,&quot;focal_length&quot;:&quot;0&quot;,&quot;iso&quot;:&quot;0&quot;,&quot;shutter_speed&quot;:&quot;0&quot;,&quot;title&quot;:&quot;&quot;,&quot;orientation&quot;:&quot;0&quot;}\" data-image-title=\"image\" data-image-description=\"\" data-image-caption=\"\" data-large-file=\"https:\/\/www.hoymercedes.com.ar\/principal\/wp-content\/uploads\/2026\/02\/image-53-1024x683.png\" src=\"https:\/\/www.hoymercedes.com.ar\/principal\/wp-content\/uploads\/2026\/02\/image-53-1024x683.png\" alt=\"\" class=\"wp-image-192466\" srcset=\"https:\/\/www.hoymercedes.com.ar\/principal\/wp-content\/uploads\/2026\/02\/image-53-1024x683.png 1024w, https:\/\/www.hoymercedes.com.ar\/principal\/wp-content\/uploads\/2026\/02\/image-53-630x420.png 630w, https:\/\/www.hoymercedes.com.ar\/principal\/wp-content\/uploads\/2026\/02\/image-53-150x100.png 150w, https:\/\/www.hoymercedes.com.ar\/principal\/wp-content\/uploads\/2026\/02\/image-53.png 1200w\" sizes=\"auto, (max-width: 1024px) 100vw, 1024px\" \/><\/figure>\n<\/div>\n\n\n<p>En la comunicaci\u00f3n, el Distrito se\u00f1al\u00f3 que esta modalidad constituye un apartamiento de las\u00a0<strong>competencias establecidas por la Ley 10.405,<\/strong>\u00a0normativa que asigna a los Distritos la potestad de administrar y controlar la matr\u00edcula profesional en su territorio, as\u00ed como de gestionar los concursos que se desarrollen en su \u00e1mbito.<\/p>\n\n\n\n<p>Las autoridades distritales destacaron que la autonom\u00eda de los Distritos es un principio central para el correcto funcionamiento institucional del Colegio, y que la organizaci\u00f3n local de concursos favorece la transparencia, el conocimiento del contexto territorial y la equidad de oportunidades para las y los profesionales matriculados.<\/p>\n\n\n\n<p><strong>En ese marco, el Distrito 5 solicit\u00f3 que se respete su potestad administrativa sobre los concursos realizados en su jurisdicci\u00f3n, que se dejen sin efecto las actuaciones de organizaci\u00f3n directa por parte del Consejo Superior y que se delegue el proceso conforme a la normativa vigente.<\/strong><\/p>\n\n\n\n<p>Finalmente, se reafirm\u00f3 el compromiso con la defensa del orden institucional, la legalidad y la adecuada representaci\u00f3n de los profesionales matriculados, quedando las autoridades a la espera de una pronta respuesta.\u00a0<\/p>\n\n\n\n<p><strong>La Mesa Directiva del Colegio de Arquitectos &#8211; Distrito 5 , est\u00e1 integrada por Arq. Jos\u00e9 Mar\u00eda Serpi\u00a0(Presidente), Arq. Marcelo Rogelio Guzm\u00e1n (Tesorero), Arq. Magalena R\u00edos (Secretaria) y<\/strong> <strong> Arq. Jorge Alberto Garc\u00eda (Del. al Consejo Superior).<\/strong><br><\/p>\n\n\n\n<figure class=\"wp-block-table aligncenter\"><table class=\"has-fixed-layout\"><tbody><tr><td><img decoding=\"async\" width=\"487.33333333333337\" height=\"auto\" src=\"https:\/\/mcusercontent.com\/eaa9bc0298a8ad6fc34ee3f61\/images\/c6de8119-f79e-ff97-3f4e-985c0edd7532.png\" alt=\"\"><img decoding=\"async\" width=\"487.33333333333337\" height=\"auto\" src=\"https:\/\/mcusercontent.com\/eaa9bc0298a8ad6fc34ee3f61\/images\/0c288bd9-6b29-ffe8-87eb-92653f4a99ff.png\" alt=\"\"><br><a href=\"http:\/\/eepurl.com\/joAllE\" target=\"_blank\" rel=\"noreferrer noopener\"><\/a><\/td><\/tr><\/tbody><\/table><\/figure>\n","protected":false},"excerpt":{"rendered":"<p>El\u00a0Colegio de Arquitectos de la Provincia de Buenos Aires \u2013 Distrito 5,\u00a0inform\u00f3 que, con fecha 5 de febrero de 2026, &#8230; <a title=\"Peligra la autonom\u00eda distrital en el Colegio de Arquitectos\" class=\"read-more\" href=\"https:\/\/www.hoymercedes.com.ar\/principal\/2026\/02\/23\/peligra-la-autonomia-distrital-en-el-colegio-de-arquitectos\/\" aria-label=\"Leer m\u00e1s sobre Peligra la autonom\u00eda distrital en el Colegio de Arquitectos\">Leer m\u00e1s<\/a><\/p>\n","protected":false},"author":1,"featured_media":192465,"comment_status":"closed","ping_status":"open","sticky":false,"template":"","format":"standard","meta":{"_monsterinsights_skip_tracking":false,"_monsterinsights_sitenote_active":false,"_monsterinsights_sitenote_note":"","_monsterinsights_sitenote_category":0,"jetpack_post_was_ever_published":false,"_jetpack_newsletter_access":"","_jetpack_dont_email_post_to_subs":false,"_jetpack_newsletter_tier_id":0,"_jetpack_memberships_contains_paywalled_content":false,"_jetpack_memberships_contains_paid_content":false,"footnotes":"","jetpack_publicize_message":"","jetpack_publicize_feature_enabled":true,"jetpack_social_post_already_shared":true,"jetpack_social_options":{"image_generator_settings":{"template":"highway","default_image_id":0,"font":"","enabled":false},"version":2},"_wpas_customize_per_network":false},"categories":[8],"tags":[],"class_list":["post-192462","post","type-post","status-publish","format-standard","has-post-thumbnail","hentry","category-sociedad","generate-columns","tablet-grid-50","mobile-grid-100","grid-parent","grid-50"],"jetpack_publicize_connections":[],"jetpack_featured_media_url":"https:\/\/www.hoymercedes.com.ar\/principal\/wp-content\/uploads\/2026\/02\/image-52.png","wps_subtitle":"","jetpack_sharing_enabled":true,"_links":{"self":[{"href":"https:\/\/www.hoymercedes.com.ar\/principal\/wp-json\/wp\/v2\/posts\/192462","targetHints":{"allow":["GET"]}}],"collection":[{"href":"https:\/\/www.hoymercedes.com.ar\/principal\/wp-json\/wp\/v2\/posts"}],"about":[{"href":"https:\/\/www.hoymercedes.com.ar\/principal\/wp-json\/wp\/v2\/types\/post"}],"author":[{"embeddable":true,"href":"https:\/\/www.hoymercedes.com.ar\/principal\/wp-json\/wp\/v2\/users\/1"}],"replies":[{"embeddable":true,"href":"https:\/\/www.hoymercedes.com.ar\/principal\/wp-json\/wp\/v2\/comments?post=192462"}],"version-history":[{"count":2,"href":"https:\/\/www.hoymercedes.com.ar\/principal\/wp-json\/wp\/v2\/posts\/192462\/revisions"}],"predecessor-version":[{"id":192467,"href":"https:\/\/www.hoymercedes.com.ar\/principal\/wp-json\/wp\/v2\/posts\/192462\/revisions\/192467"}],"wp:featuredmedia":[{"embeddable":true,"href":"https:\/\/www.hoymercedes.com.ar\/principal\/wp-json\/wp\/v2\/media\/192465"}],"wp:attachment":[{"href":"https:\/\/www.hoymercedes.com.ar\/principal\/wp-json\/wp\/v2\/media?parent=192462"}],"wp:term":[{"taxonomy":"category","embeddable":true,"href":"https:\/\/www.hoymercedes.com.ar\/principal\/wp-json\/wp\/v2\/categories?post=192462"},{"taxonomy":"post_tag","embeddable":true,"href":"https:\/\/www.hoymercedes.com.ar\/principal\/wp-json\/wp\/v2\/tags?post=192462"}],"curies":[{"name":"wp","href":"https:\/\/api.w.org\/{rel}","templated":true}]}}