{"id":192478,"date":"2026-02-24T11:09:00","date_gmt":"2026-02-24T14:09:00","guid":{"rendered":"https:\/\/www.hoymercedes.com.ar\/principal\/?p=192478"},"modified":"2026-02-23T22:12:56","modified_gmt":"2026-02-24T01:12:56","slug":"suteba-mercedes-recuerda-los-ultimos-dias-para-retirar-guardapolvos-gratuitos","status":"publish","type":"post","link":"https:\/\/www.hoymercedes.com.ar\/principal\/2026\/02\/24\/suteba-mercedes-recuerda-los-ultimos-dias-para-retirar-guardapolvos-gratuitos\/","title":{"rendered":"SUTEBA Mercedes recuerda los \u00faltimos d\u00edas para retirar guardapolvos gratuitos"},"content":{"rendered":"\n<p>La seccional local de <strong>SUTEBA<\/strong> lanz\u00f3 un llamado a sus afiliados para que completen el tr\u00e1mite de solicitud y retiro de guardapolvos gratuitos correspondientes al ciclo lectivo 2026.<\/p>\n\n\n\n<figure class=\"wp-block-image size-full\"><img loading=\"lazy\" decoding=\"async\" width=\"500\" height=\"636\" data-attachment-id=\"192479\" data-permalink=\"https:\/\/www.hoymercedes.com.ar\/principal\/2026\/02\/24\/suteba-mercedes-recuerda-los-ultimos-dias-para-retirar-guardapolvos-gratuitos\/whatsapp-image-2026-02-23-at-22-11-19\/#main\" data-orig-file=\"https:\/\/www.hoymercedes.com.ar\/principal\/wp-content\/uploads\/2026\/02\/WhatsApp-Image-2026-02-23-at-22.11.19.jpeg\" data-orig-size=\"500,636\" data-comments-opened=\"0\" data-image-meta=\"{&quot;aperture&quot;:&quot;0&quot;,&quot;credit&quot;:&quot;&quot;,&quot;camera&quot;:&quot;&quot;,&quot;caption&quot;:&quot;&quot;,&quot;created_timestamp&quot;:&quot;0&quot;,&quot;copyright&quot;:&quot;&quot;,&quot;focal_length&quot;:&quot;0&quot;,&quot;iso&quot;:&quot;0&quot;,&quot;shutter_speed&quot;:&quot;0&quot;,&quot;title&quot;:&quot;&quot;,&quot;orientation&quot;:&quot;0&quot;}\" data-image-title=\"WhatsApp Image 2026-02-23 at 22.11.19\" data-image-description=\"\" data-image-caption=\"\" data-large-file=\"https:\/\/www.hoymercedes.com.ar\/principal\/wp-content\/uploads\/2026\/02\/WhatsApp-Image-2026-02-23-at-22.11.19.jpeg\" src=\"https:\/\/www.hoymercedes.com.ar\/principal\/wp-content\/uploads\/2026\/02\/WhatsApp-Image-2026-02-23-at-22.11.19.jpeg\" alt=\"\" class=\"wp-image-192479\" srcset=\"https:\/\/www.hoymercedes.com.ar\/principal\/wp-content\/uploads\/2026\/02\/WhatsApp-Image-2026-02-23-at-22.11.19.jpeg 500w, https:\/\/www.hoymercedes.com.ar\/principal\/wp-content\/uploads\/2026\/02\/WhatsApp-Image-2026-02-23-at-22.11.19-487x620.jpeg 487w, https:\/\/www.hoymercedes.com.ar\/principal\/wp-content\/uploads\/2026\/02\/WhatsApp-Image-2026-02-23-at-22.11.19-118x150.jpeg 118w\" sizes=\"auto, (max-width: 500px) 100vw, 500px\" \/><\/figure>\n\n\n\n<p>Desde el gremio advirtieron que el beneficio, incluido dentro del programa de Asignaciones Solidarias, tiene como fecha l\u00edmite el viernes 28 de febrero, por lo que instaron a no dejar pasar los \u00faltimos d\u00edas disponibles.<\/p>\n\n\n\n<p>La iniciativa apunta a que los hijos e hijas de trabajadores de la educaci\u00f3n cuenten con la indumentaria escolar antes del inicio de clases. Est\u00e1 destinada a estudiantes de Nivel Inicial (salas de 3, 4 y 5 a\u00f1os), Nivel Primario (de 1\u00b0 a 6\u00b0) y tambi\u00e9n a las modalidades T\u00e9cnica y Especial.<\/p>\n\n\n\n<p>Para acceder al beneficio, los afiliados deben acercarse personalmente a la sede de la seccional Mercedes. Ante dudas sobre documentaci\u00f3n o disponibilidad de talles, desde la conducci\u00f3n recomendaron comunicarse con delegados o representantes locales para agilizar el proceso.<\/p>\n\n\n\n<p>La organizaci\u00f3n sindical remarc\u00f3 que se trata de la etapa final de entrega previa al comienzo del nuevo a\u00f1o escolar.<\/p>\n","protected":false},"excerpt":{"rendered":"<p>La seccional local de SUTEBA lanz\u00f3 un llamado a sus afiliados para que completen el tr\u00e1mite de solicitud y retiro &#8230; <a title=\"SUTEBA Mercedes recuerda los \u00faltimos d\u00edas para retirar guardapolvos gratuitos\" class=\"read-more\" href=\"https:\/\/www.hoymercedes.com.ar\/principal\/2026\/02\/24\/suteba-mercedes-recuerda-los-ultimos-dias-para-retirar-guardapolvos-gratuitos\/\" aria-label=\"Leer m\u00e1s sobre SUTEBA Mercedes recuerda los \u00faltimos d\u00edas para retirar guardapolvos gratuitos\">Leer m\u00e1s<\/a><\/p>\n","protected":false},"author":1,"featured_media":192479,"comment_status":"closed","ping_status":"open","sticky":false,"template":"","format":"standard","meta":{"_monsterinsights_skip_tracking":false,"_monsterinsights_sitenote_active":false,"_monsterinsights_sitenote_note":"","_monsterinsights_sitenote_category":0,"jetpack_post_was_ever_published":false,"_jetpack_newsletter_access":"","_jetpack_dont_email_post_to_subs":false,"_jetpack_newsletter_tier_id":0,"_jetpack_memberships_contains_paywalled_content":false,"_jetpack_memberships_contains_paid_content":false,"footnotes":"","jetpack_publicize_message":"","jetpack_publicize_feature_enabled":true,"jetpack_social_post_already_shared":true,"jetpack_social_options":{"image_generator_settings":{"template":"highway","default_image_id":0,"font":"","enabled":false},"version":2},"_wpas_customize_per_network":false},"categories":[23],"tags":[],"class_list":["post-192478","post","type-post","status-publish","format-standard","has-post-thumbnail","hentry","category-educacion","generate-columns","tablet-grid-50","mobile-grid-100","grid-parent","grid-50"],"jetpack_publicize_connections":[],"jetpack_featured_media_url":"https:\/\/www.hoymercedes.com.ar\/principal\/wp-content\/uploads\/2026\/02\/WhatsApp-Image-2026-02-23-at-22.11.19.jpeg","wps_subtitle":"","jetpack_sharing_enabled":true,"_links":{"self":[{"href":"https:\/\/www.hoymercedes.com.ar\/principal\/wp-json\/wp\/v2\/posts\/192478","targetHints":{"allow":["GET"]}}],"collection":[{"href":"https:\/\/www.hoymercedes.com.ar\/principal\/wp-json\/wp\/v2\/posts"}],"about":[{"href":"https:\/\/www.hoymercedes.com.ar\/principal\/wp-json\/wp\/v2\/types\/post"}],"author":[{"embeddable":true,"href":"https:\/\/www.hoymercedes.com.ar\/principal\/wp-json\/wp\/v2\/users\/1"}],"replies":[{"embeddable":true,"href":"https:\/\/www.hoymercedes.com.ar\/principal\/wp-json\/wp\/v2\/comments?post=192478"}],"version-history":[{"count":1,"href":"https:\/\/www.hoymercedes.com.ar\/principal\/wp-json\/wp\/v2\/posts\/192478\/revisions"}],"predecessor-version":[{"id":192480,"href":"https:\/\/www.hoymercedes.com.ar\/principal\/wp-json\/wp\/v2\/posts\/192478\/revisions\/192480"}],"wp:featuredmedia":[{"embeddable":true,"href":"https:\/\/www.hoymercedes.com.ar\/principal\/wp-json\/wp\/v2\/media\/192479"}],"wp:attachment":[{"href":"https:\/\/www.hoymercedes.com.ar\/principal\/wp-json\/wp\/v2\/media?parent=192478"}],"wp:term":[{"taxonomy":"category","embeddable":true,"href":"https:\/\/www.hoymercedes.com.ar\/principal\/wp-json\/wp\/v2\/categories?post=192478"},{"taxonomy":"post_tag","embeddable":true,"href":"https:\/\/www.hoymercedes.com.ar\/principal\/wp-json\/wp\/v2\/tags?post=192478"}],"curies":[{"name":"wp","href":"https:\/\/api.w.org\/{rel}","templated":true}]}}