{"id":192481,"date":"2026-02-24T12:16:00","date_gmt":"2026-02-24T15:16:00","guid":{"rendered":"https:\/\/www.hoymercedes.com.ar\/principal\/?p=192481"},"modified":"2026-02-23T22:18:14","modified_gmt":"2026-02-24T01:18:14","slug":"judiciales-bonaerenses-rechazan-la-oferta-salarial-y-evaluan-medidas-de-fuerza","status":"publish","type":"post","link":"https:\/\/www.hoymercedes.com.ar\/principal\/2026\/02\/24\/judiciales-bonaerenses-rechazan-la-oferta-salarial-y-evaluan-medidas-de-fuerza\/","title":{"rendered":"Judiciales bonaerenses rechazan la oferta salarial y eval\u00faan medidas de fuerza"},"content":{"rendered":"\n<p>La Asociaci\u00f3n Judicial Bonaerense (AJB) declar\u00f3 el estado de alerta luego de rechazar la propuesta salarial presentada por el Gobierno provincial en la \u00faltima mesa paritaria.<\/p>\n\n\n\n<figure class=\"wp-block-image size-large\"><img loading=\"lazy\" decoding=\"async\" width=\"1024\" height=\"683\" data-attachment-id=\"174142\" data-permalink=\"https:\/\/www.hoymercedes.com.ar\/principal\/2024\/03\/20\/tres-condenados-por-un-caso-de-abuso-sexual-a-varias-victimas-en-moreno\/tribunales-2\/#main\" data-orig-file=\"https:\/\/www.hoymercedes.com.ar\/principal\/wp-content\/uploads\/2024\/03\/Tribunales.jpg\" data-orig-size=\"1080,720\" data-comments-opened=\"0\" data-image-meta=\"{&quot;aperture&quot;:&quot;0&quot;,&quot;credit&quot;:&quot;&quot;,&quot;camera&quot;:&quot;&quot;,&quot;caption&quot;:&quot;&quot;,&quot;created_timestamp&quot;:&quot;0&quot;,&quot;copyright&quot;:&quot;&quot;,&quot;focal_length&quot;:&quot;0&quot;,&quot;iso&quot;:&quot;0&quot;,&quot;shutter_speed&quot;:&quot;0&quot;,&quot;title&quot;:&quot;&quot;,&quot;orientation&quot;:&quot;0&quot;}\" data-image-title=\"Tribunales Mercedes\" data-image-description=\"&lt;p&gt;Tribunales Mercedes &lt;\/p&gt;\n\" data-image-caption=\"&lt;p&gt;Tribunales Mercedes &lt;\/p&gt;\n\" data-large-file=\"https:\/\/www.hoymercedes.com.ar\/principal\/wp-content\/uploads\/2024\/03\/Tribunales-1024x683.jpg\" src=\"https:\/\/www.hoymercedes.com.ar\/principal\/wp-content\/uploads\/2024\/03\/Tribunales-1024x683.jpg\" alt=\"Tribunales Mercedes\" class=\"wp-image-174142\" srcset=\"https:\/\/www.hoymercedes.com.ar\/principal\/wp-content\/uploads\/2024\/03\/Tribunales-1024x683.jpg 1024w, https:\/\/www.hoymercedes.com.ar\/principal\/wp-content\/uploads\/2024\/03\/Tribunales-630x420.jpg 630w, https:\/\/www.hoymercedes.com.ar\/principal\/wp-content\/uploads\/2024\/03\/Tribunales-150x100.jpg 150w, https:\/\/www.hoymercedes.com.ar\/principal\/wp-content\/uploads\/2024\/03\/Tribunales.jpg 1080w\" sizes=\"auto, (max-width: 1024px) 100vw, 1024px\" \/><figcaption class=\"wp-element-caption\">Tribunales Mercedes <\/figcaption><\/figure>\n\n\n\n<p>Ante la falta de acuerdo, el gremio convoc\u00f3 a asambleas este lunes 23 de febrero en las 20 departamentales de la provincia para ratificar la postura y definir posibles medidas de acci\u00f3n gremial.<\/p>\n\n\n\n<p>En Mercedes, el encuentro se realiza en el Palacio de Tribunales de calles 26 y 27, donde los trabajadores analizan los pasos a seguir tras considerar que la oferta oficial \u2014un incremento del 3% para febrero sobre los haberes de enero de 2026\u2014 resulta insuficiente frente al avance de la inflaci\u00f3n.<\/p>\n\n\n\n<p>Desde el sindicato sostienen que el aumento propuesto no permite recuperar el poder adquisitivo perdido y reclamaron una mejora sustancial en la negociaci\u00f3n.<\/p>\n\n\n\n<p>Tras el rechazo gremial, el Ministerio de Econom\u00eda bonaerense inform\u00f3 que liquidar\u00e1 con los sueldos de febrero un 1,5% a cuenta de futuros acuerdos, calculado sobre salarios de octubre de 2025, con el objetivo de evitar que los ingresos queden por debajo de los percibidos el mes anterior.<\/p>\n\n\n\n<p>Adem\u00e1s del reclamo salarial, la AJB mantiene otros planteos, entre ellos la recuperaci\u00f3n del poder adquisitivo, la jerarquizaci\u00f3n de la carrera judicial, la atenci\u00f3n de problemas edilicios y la sanci\u00f3n de una ley de paritarias propia para el sector.<\/p>\n\n\n\n<p>Las definiciones que surjan de las asambleas marcar\u00e1n los pr\u00f3ximos pasos del conflicto.<\/p>\n","protected":false},"excerpt":{"rendered":"<p>La Asociaci\u00f3n Judicial Bonaerense (AJB) declar\u00f3 el estado de alerta luego de rechazar la propuesta salarial presentada por el Gobierno &#8230; <a title=\"Judiciales bonaerenses rechazan la oferta salarial y eval\u00faan medidas de fuerza\" class=\"read-more\" href=\"https:\/\/www.hoymercedes.com.ar\/principal\/2026\/02\/24\/judiciales-bonaerenses-rechazan-la-oferta-salarial-y-evaluan-medidas-de-fuerza\/\" aria-label=\"Leer m\u00e1s sobre Judiciales bonaerenses rechazan la oferta salarial y eval\u00faan medidas de fuerza\">Leer m\u00e1s<\/a><\/p>\n","protected":false},"author":1,"featured_media":174142,"comment_status":"closed","ping_status":"open","sticky":false,"template":"","format":"standard","meta":{"_monsterinsights_skip_tracking":false,"_monsterinsights_sitenote_active":false,"_monsterinsights_sitenote_note":"","_monsterinsights_sitenote_category":0,"jetpack_post_was_ever_published":false,"_jetpack_newsletter_access":"","_jetpack_dont_email_post_to_subs":false,"_jetpack_newsletter_tier_id":0,"_jetpack_memberships_contains_paywalled_content":false,"_jetpack_memberships_contains_paid_content":false,"footnotes":"","jetpack_publicize_message":"","jetpack_publicize_feature_enabled":true,"jetpack_social_post_already_shared":true,"jetpack_social_options":{"image_generator_settings":{"template":"highway","default_image_id":0,"font":"","enabled":false},"version":2},"_wpas_customize_per_network":false},"categories":[8],"tags":[],"class_list":["post-192481","post","type-post","status-publish","format-standard","has-post-thumbnail","hentry","category-sociedad","generate-columns","tablet-grid-50","mobile-grid-100","grid-parent","grid-50"],"jetpack_publicize_connections":[],"jetpack_featured_media_url":"https:\/\/www.hoymercedes.com.ar\/principal\/wp-content\/uploads\/2024\/03\/Tribunales.jpg","wps_subtitle":"","jetpack_sharing_enabled":true,"_links":{"self":[{"href":"https:\/\/www.hoymercedes.com.ar\/principal\/wp-json\/wp\/v2\/posts\/192481","targetHints":{"allow":["GET"]}}],"collection":[{"href":"https:\/\/www.hoymercedes.com.ar\/principal\/wp-json\/wp\/v2\/posts"}],"about":[{"href":"https:\/\/www.hoymercedes.com.ar\/principal\/wp-json\/wp\/v2\/types\/post"}],"author":[{"embeddable":true,"href":"https:\/\/www.hoymercedes.com.ar\/principal\/wp-json\/wp\/v2\/users\/1"}],"replies":[{"embeddable":true,"href":"https:\/\/www.hoymercedes.com.ar\/principal\/wp-json\/wp\/v2\/comments?post=192481"}],"version-history":[{"count":1,"href":"https:\/\/www.hoymercedes.com.ar\/principal\/wp-json\/wp\/v2\/posts\/192481\/revisions"}],"predecessor-version":[{"id":192482,"href":"https:\/\/www.hoymercedes.com.ar\/principal\/wp-json\/wp\/v2\/posts\/192481\/revisions\/192482"}],"wp:featuredmedia":[{"embeddable":true,"href":"https:\/\/www.hoymercedes.com.ar\/principal\/wp-json\/wp\/v2\/media\/174142"}],"wp:attachment":[{"href":"https:\/\/www.hoymercedes.com.ar\/principal\/wp-json\/wp\/v2\/media?parent=192481"}],"wp:term":[{"taxonomy":"category","embeddable":true,"href":"https:\/\/www.hoymercedes.com.ar\/principal\/wp-json\/wp\/v2\/categories?post=192481"},{"taxonomy":"post_tag","embeddable":true,"href":"https:\/\/www.hoymercedes.com.ar\/principal\/wp-json\/wp\/v2\/tags?post=192481"}],"curies":[{"name":"wp","href":"https:\/\/api.w.org\/{rel}","templated":true}]}}