{"id":192489,"date":"2026-02-24T11:55:00","date_gmt":"2026-02-24T14:55:00","guid":{"rendered":"https:\/\/www.hoymercedes.com.ar\/principal\/?p=192489"},"modified":"2026-02-24T00:26:12","modified_gmt":"2026-02-24T03:26:12","slug":"carlos-mahiques-se-aparto-de-la-sala-de-casacion-que-debe-resolver-la-causa-de-la-quinta-de-pilar","status":"publish","type":"post","link":"https:\/\/www.hoymercedes.com.ar\/principal\/2026\/02\/24\/carlos-mahiques-se-aparto-de-la-sala-de-casacion-que-debe-resolver-la-causa-de-la-quinta-de-pilar\/","title":{"rendered":"Carlos Mahiques se apart\u00f3 de la sala de Casaci\u00f3n que debe resolver la causa de la quinta de Pilar"},"content":{"rendered":"\n<p>El camarista <strong>Carlos Mahiques<\/strong> present\u00f3 su renuncia a la subrogancia que ejerc\u00eda en la Sala I de la C\u00e1mara Federal de Casaci\u00f3n Penal, el tribunal que deber\u00e1 definir d\u00f3nde continuar\u00e1 la investigaci\u00f3n por la denominada \u201cquinta de Pilar\u201d.<\/p>\n\n\n\n<figure class=\"wp-block-image size-large\"><img loading=\"lazy\" decoding=\"async\" width=\"1024\" height=\"576\" data-attachment-id=\"192490\" data-permalink=\"https:\/\/www.hoymercedes.com.ar\/principal\/2026\/02\/24\/carlos-mahiques-se-aparto-de-la-sala-de-casacion-que-debe-resolver-la-causa-de-la-quinta-de-pilar\/whatsapp-image-2026-02-24-at-00-25-34\/#main\" data-orig-file=\"https:\/\/www.hoymercedes.com.ar\/principal\/wp-content\/uploads\/2026\/02\/WhatsApp-Image-2026-02-24-at-00.25.34.jpeg\" data-orig-size=\"1280,720\" data-comments-opened=\"0\" data-image-meta=\"{&quot;aperture&quot;:&quot;0&quot;,&quot;credit&quot;:&quot;&quot;,&quot;camera&quot;:&quot;&quot;,&quot;caption&quot;:&quot;&quot;,&quot;created_timestamp&quot;:&quot;0&quot;,&quot;copyright&quot;:&quot;&quot;,&quot;focal_length&quot;:&quot;0&quot;,&quot;iso&quot;:&quot;0&quot;,&quot;shutter_speed&quot;:&quot;0&quot;,&quot;title&quot;:&quot;&quot;,&quot;orientation&quot;:&quot;0&quot;}\" data-image-title=\"WhatsApp Image 2026-02-24 at 00.25.34\" data-image-description=\"\" data-image-caption=\"\" data-large-file=\"https:\/\/www.hoymercedes.com.ar\/principal\/wp-content\/uploads\/2026\/02\/WhatsApp-Image-2026-02-24-at-00.25.34-1024x576.jpeg\" src=\"https:\/\/www.hoymercedes.com.ar\/principal\/wp-content\/uploads\/2026\/02\/WhatsApp-Image-2026-02-24-at-00.25.34-1024x576.jpeg\" alt=\"\" class=\"wp-image-192490\" srcset=\"https:\/\/www.hoymercedes.com.ar\/principal\/wp-content\/uploads\/2026\/02\/WhatsApp-Image-2026-02-24-at-00.25.34-1024x576.jpeg 1024w, https:\/\/www.hoymercedes.com.ar\/principal\/wp-content\/uploads\/2026\/02\/WhatsApp-Image-2026-02-24-at-00.25.34-630x354.jpeg 630w, https:\/\/www.hoymercedes.com.ar\/principal\/wp-content\/uploads\/2026\/02\/WhatsApp-Image-2026-02-24-at-00.25.34-150x84.jpeg 150w, https:\/\/www.hoymercedes.com.ar\/principal\/wp-content\/uploads\/2026\/02\/WhatsApp-Image-2026-02-24-at-00.25.34.jpeg 1280w\" sizes=\"auto, (max-width: 1024px) 100vw, 1024px\" \/><\/figure>\n\n\n\n<p>La decisi\u00f3n fue comunicada mediante un escrito dirigido al presidente del tribunal, <strong>Diego Barroetave\u00f1a<\/strong>, y deja al magistrado fuera de la integraci\u00f3n de la sala que analizar\u00e1 el conflicto de competencia del expediente. No obstante, Mahiques seguir\u00e1 desempe\u00f1\u00e1ndose normalmente en la Sala III de la Casaci\u00f3n, donde tiene un cargo permanente.<\/p>\n\n\n\n<h3 class=\"wp-block-heading\">Los motivos que expuso<\/h3>\n\n\n\n<p>En su presentaci\u00f3n, el juez argument\u00f3 que su apartamiento responde a razones \u201cestrictamente funcionales\u201d. Se\u00f1al\u00f3 que la carga de trabajo de los pr\u00f3ximos meses \u2014agravada por el retiro de otro integrante del tribunal\u2014 podr\u00eda afectar el normal funcionamiento de la sala.<\/p>\n\n\n\n<p>La Sala I deber\u00e1 resolver si la causa por el lujoso predio de Pilar contin\u00faa en el fuero federal de Campana o vuelve al fuero Penal Econ\u00f3mico de la Ciudad de Buenos Aires, lo que definir\u00e1 qu\u00e9 juez seguir\u00e1 con la investigaci\u00f3n sobre el origen de los fondos utilizados para la compra del inmueble.<\/p>\n\n\n\n<h3 class=\"wp-block-heading\">Contexto del expediente<\/h3>\n\n\n\n<p>El caso busca determinar si los actuales titulares formales de la propiedad son sus verdaderos due\u00f1os o si el predio \u2014valuado en varios millones de d\u00f3lares\u2014 estar\u00eda vinculado al dirigente de la AFA <strong>Pablo Toviggino<\/strong>.<\/p>\n\n\n\n<p>El apartamiento de Mahiques se produjo despu\u00e9s de que trascendiera p\u00fablicamente que habr\u00eda celebrado all\u00ed su cumplea\u00f1os n\u00famero 74, situaci\u00f3n que gener\u00f3 pedidos de recusaci\u00f3n por parte de dirigentes pol\u00edticos. El magistrado no mencion\u00f3 ese episodio en su renuncia y sostuvo que su decisi\u00f3n obedece \u00fanicamente a cuestiones de trabajo.<\/p>\n","protected":false},"excerpt":{"rendered":"<p>El camarista Carlos Mahiques present\u00f3 su renuncia a la subrogancia que ejerc\u00eda en la Sala I de la C\u00e1mara Federal &#8230; <a title=\"Carlos Mahiques se apart\u00f3 de la sala de Casaci\u00f3n que debe resolver la causa de la quinta de Pilar\" class=\"read-more\" href=\"https:\/\/www.hoymercedes.com.ar\/principal\/2026\/02\/24\/carlos-mahiques-se-aparto-de-la-sala-de-casacion-que-debe-resolver-la-causa-de-la-quinta-de-pilar\/\" aria-label=\"Leer m\u00e1s sobre Carlos Mahiques se apart\u00f3 de la sala de Casaci\u00f3n que debe resolver la causa de la quinta de Pilar\">Leer m\u00e1s<\/a><\/p>\n","protected":false},"author":1,"featured_media":192490,"comment_status":"closed","ping_status":"open","sticky":false,"template":"","format":"standard","meta":{"_monsterinsights_skip_tracking":false,"_monsterinsights_sitenote_active":false,"_monsterinsights_sitenote_note":"","_monsterinsights_sitenote_category":0,"jetpack_post_was_ever_published":false,"_jetpack_newsletter_access":"","_jetpack_dont_email_post_to_subs":false,"_jetpack_newsletter_tier_id":0,"_jetpack_memberships_contains_paywalled_content":false,"_jetpack_memberships_contains_paid_content":false,"footnotes":"","jetpack_publicize_message":"","jetpack_publicize_feature_enabled":true,"jetpack_social_post_already_shared":true,"jetpack_social_options":{"image_generator_settings":{"template":"highway","default_image_id":0,"font":"","enabled":false},"version":2},"_wpas_customize_per_network":false},"categories":[8],"tags":[],"class_list":["post-192489","post","type-post","status-publish","format-standard","has-post-thumbnail","hentry","category-sociedad","generate-columns","tablet-grid-50","mobile-grid-100","grid-parent","grid-50"],"jetpack_publicize_connections":[],"jetpack_featured_media_url":"https:\/\/www.hoymercedes.com.ar\/principal\/wp-content\/uploads\/2026\/02\/WhatsApp-Image-2026-02-24-at-00.25.34.jpeg","wps_subtitle":"","jetpack_sharing_enabled":true,"_links":{"self":[{"href":"https:\/\/www.hoymercedes.com.ar\/principal\/wp-json\/wp\/v2\/posts\/192489","targetHints":{"allow":["GET"]}}],"collection":[{"href":"https:\/\/www.hoymercedes.com.ar\/principal\/wp-json\/wp\/v2\/posts"}],"about":[{"href":"https:\/\/www.hoymercedes.com.ar\/principal\/wp-json\/wp\/v2\/types\/post"}],"author":[{"embeddable":true,"href":"https:\/\/www.hoymercedes.com.ar\/principal\/wp-json\/wp\/v2\/users\/1"}],"replies":[{"embeddable":true,"href":"https:\/\/www.hoymercedes.com.ar\/principal\/wp-json\/wp\/v2\/comments?post=192489"}],"version-history":[{"count":1,"href":"https:\/\/www.hoymercedes.com.ar\/principal\/wp-json\/wp\/v2\/posts\/192489\/revisions"}],"predecessor-version":[{"id":192491,"href":"https:\/\/www.hoymercedes.com.ar\/principal\/wp-json\/wp\/v2\/posts\/192489\/revisions\/192491"}],"wp:featuredmedia":[{"embeddable":true,"href":"https:\/\/www.hoymercedes.com.ar\/principal\/wp-json\/wp\/v2\/media\/192490"}],"wp:attachment":[{"href":"https:\/\/www.hoymercedes.com.ar\/principal\/wp-json\/wp\/v2\/media?parent=192489"}],"wp:term":[{"taxonomy":"category","embeddable":true,"href":"https:\/\/www.hoymercedes.com.ar\/principal\/wp-json\/wp\/v2\/categories?post=192489"},{"taxonomy":"post_tag","embeddable":true,"href":"https:\/\/www.hoymercedes.com.ar\/principal\/wp-json\/wp\/v2\/tags?post=192489"}],"curies":[{"name":"wp","href":"https:\/\/api.w.org\/{rel}","templated":true}]}}