{"id":192492,"date":"2026-02-24T00:38:38","date_gmt":"2026-02-24T03:38:38","guid":{"rendered":"https:\/\/www.hoymercedes.com.ar\/principal\/?p=192492"},"modified":"2026-02-24T00:38:41","modified_gmt":"2026-02-24T03:38:41","slug":"grave-siniestro-vial-en-av-40-y-prolongacion-de-34","status":"publish","type":"post","link":"https:\/\/www.hoymercedes.com.ar\/principal\/2026\/02\/24\/grave-siniestro-vial-en-av-40-y-prolongacion-de-34\/","title":{"rendered":"Grave siniestro vial en Av. 40 y prolongaci\u00f3n de 34"},"content":{"rendered":"\n<figure class=\"wp-block-image size-large\"><img loading=\"lazy\" decoding=\"async\" width=\"1024\" height=\"576\" data-attachment-id=\"192493\" data-permalink=\"https:\/\/www.hoymercedes.com.ar\/principal\/2026\/02\/24\/grave-siniestro-vial-en-av-40-y-prolongacion-de-34\/siniestrovial-04-02-2026\/#main\" data-orig-file=\"https:\/\/www.hoymercedes.com.ar\/principal\/wp-content\/uploads\/2026\/02\/SiniestroVial-04.02.2026.jpg\" data-orig-size=\"1599,899\" data-comments-opened=\"0\" data-image-meta=\"{&quot;aperture&quot;:&quot;0&quot;,&quot;credit&quot;:&quot;&quot;,&quot;camera&quot;:&quot;&quot;,&quot;caption&quot;:&quot;&quot;,&quot;created_timestamp&quot;:&quot;0&quot;,&quot;copyright&quot;:&quot;&quot;,&quot;focal_length&quot;:&quot;0&quot;,&quot;iso&quot;:&quot;0&quot;,&quot;shutter_speed&quot;:&quot;0&quot;,&quot;title&quot;:&quot;&quot;,&quot;orientation&quot;:&quot;0&quot;}\" data-image-title=\"SiniestroVial-04.02.2026\" data-image-description=\"&lt;p&gt;Grave siniestro vial en Av. 40 y prolongaci\u00f3n de 34&lt;\/p&gt;\n\" data-image-caption=\"&lt;p&gt;Grave siniestro vial en Av. 40 y prolongaci\u00f3n de 34&lt;\/p&gt;\n\" data-large-file=\"https:\/\/www.hoymercedes.com.ar\/principal\/wp-content\/uploads\/2026\/02\/SiniestroVial-04.02.2026-1024x576.jpg\" src=\"https:\/\/www.hoymercedes.com.ar\/principal\/wp-content\/uploads\/2026\/02\/SiniestroVial-04.02.2026-1024x576.jpg\" alt=\"\" class=\"wp-image-192493\" srcset=\"https:\/\/www.hoymercedes.com.ar\/principal\/wp-content\/uploads\/2026\/02\/SiniestroVial-04.02.2026-1024x576.jpg 1024w, https:\/\/www.hoymercedes.com.ar\/principal\/wp-content\/uploads\/2026\/02\/SiniestroVial-04.02.2026-630x354.jpg 630w, https:\/\/www.hoymercedes.com.ar\/principal\/wp-content\/uploads\/2026\/02\/SiniestroVial-04.02.2026-150x84.jpg 150w, https:\/\/www.hoymercedes.com.ar\/principal\/wp-content\/uploads\/2026\/02\/SiniestroVial-04.02.2026-1536x864.jpg 1536w, https:\/\/www.hoymercedes.com.ar\/principal\/wp-content\/uploads\/2026\/02\/SiniestroVial-04.02.2026.jpg 1599w\" sizes=\"auto, (max-width: 1024px) 100vw, 1024px\" \/><\/figure>\n\n\n\n<p>Durante la noche de este lunes se produjo un siniestro vial en avenida 40 y 34. El hecho involucr\u00f3 a un autom\u00f3vil y una motocicleta. Intervinieron el SAME, la Polic\u00eda Comunal y agentes de la Guardia Urbana.<\/p>\n\n\n\n<p>El autom\u00f3vil es un Suzuki Baleno conducido por una joven de nuestra ciudad, mientras que la motocicleta es una Suzuki XRE 300 conducida por un hombre, tambi\u00e9n joven. Seg\u00fan se supo de manera extraoficial, actu\u00f3 la Polic\u00eda Cient\u00edfica.<\/p>\n\n\n\n<p><em>Noticia en desarrollo.<\/em><\/p>\n","protected":false},"excerpt":{"rendered":"<p>Durante la noche de este lunes se produjo un siniestro vial en avenida 40 y 34. El hecho involucr\u00f3 a &#8230; <a title=\"Grave siniestro vial en Av. 40 y prolongaci\u00f3n de 34\" class=\"read-more\" href=\"https:\/\/www.hoymercedes.com.ar\/principal\/2026\/02\/24\/grave-siniestro-vial-en-av-40-y-prolongacion-de-34\/\" aria-label=\"Leer m\u00e1s sobre Grave siniestro vial en Av. 40 y prolongaci\u00f3n de 34\">Leer m\u00e1s<\/a><\/p>\n","protected":false},"author":1,"featured_media":192493,"comment_status":"closed","ping_status":"open","sticky":false,"template":"","format":"standard","meta":{"_monsterinsights_skip_tracking":false,"_monsterinsights_sitenote_active":false,"_monsterinsights_sitenote_note":"","_monsterinsights_sitenote_category":0,"jetpack_post_was_ever_published":false,"_jetpack_newsletter_access":"","_jetpack_dont_email_post_to_subs":false,"_jetpack_newsletter_tier_id":0,"_jetpack_memberships_contains_paywalled_content":false,"_jetpack_memberships_contains_paid_content":false,"footnotes":"","jetpack_publicize_message":"","jetpack_publicize_feature_enabled":true,"jetpack_social_post_already_shared":true,"jetpack_social_options":{"image_generator_settings":{"template":"highway","default_image_id":0,"font":"","enabled":false},"version":2},"_wpas_customize_per_network":false},"categories":[85],"tags":[20994,10395],"class_list":["post-192492","post","type-post","status-publish","format-standard","has-post-thumbnail","hentry","category-policial","tag-avenida-40-y-34","tag-siniestro-vial","generate-columns","tablet-grid-50","mobile-grid-100","grid-parent","grid-50"],"jetpack_publicize_connections":[],"jetpack_featured_media_url":"https:\/\/www.hoymercedes.com.ar\/principal\/wp-content\/uploads\/2026\/02\/SiniestroVial-04.02.2026.jpg","wps_subtitle":"","jetpack_sharing_enabled":true,"_links":{"self":[{"href":"https:\/\/www.hoymercedes.com.ar\/principal\/wp-json\/wp\/v2\/posts\/192492","targetHints":{"allow":["GET"]}}],"collection":[{"href":"https:\/\/www.hoymercedes.com.ar\/principal\/wp-json\/wp\/v2\/posts"}],"about":[{"href":"https:\/\/www.hoymercedes.com.ar\/principal\/wp-json\/wp\/v2\/types\/post"}],"author":[{"embeddable":true,"href":"https:\/\/www.hoymercedes.com.ar\/principal\/wp-json\/wp\/v2\/users\/1"}],"replies":[{"embeddable":true,"href":"https:\/\/www.hoymercedes.com.ar\/principal\/wp-json\/wp\/v2\/comments?post=192492"}],"version-history":[{"count":1,"href":"https:\/\/www.hoymercedes.com.ar\/principal\/wp-json\/wp\/v2\/posts\/192492\/revisions"}],"predecessor-version":[{"id":192494,"href":"https:\/\/www.hoymercedes.com.ar\/principal\/wp-json\/wp\/v2\/posts\/192492\/revisions\/192494"}],"wp:featuredmedia":[{"embeddable":true,"href":"https:\/\/www.hoymercedes.com.ar\/principal\/wp-json\/wp\/v2\/media\/192493"}],"wp:attachment":[{"href":"https:\/\/www.hoymercedes.com.ar\/principal\/wp-json\/wp\/v2\/media?parent=192492"}],"wp:term":[{"taxonomy":"category","embeddable":true,"href":"https:\/\/www.hoymercedes.com.ar\/principal\/wp-json\/wp\/v2\/categories?post=192492"},{"taxonomy":"post_tag","embeddable":true,"href":"https:\/\/www.hoymercedes.com.ar\/principal\/wp-json\/wp\/v2\/tags?post=192492"}],"curies":[{"name":"wp","href":"https:\/\/api.w.org\/{rel}","templated":true}]}}