{"id":192500,"date":"2026-02-24T20:01:04","date_gmt":"2026-02-24T23:01:04","guid":{"rendered":"https:\/\/www.hoymercedes.com.ar\/principal\/?p=192500"},"modified":"2026-02-24T20:01:07","modified_gmt":"2026-02-24T23:01:07","slug":"gowland-se-viste-de-gala-para-celebrar-su-aniversario-con-una-gran-fiesta-popular","status":"publish","type":"post","link":"https:\/\/www.hoymercedes.com.ar\/principal\/2026\/02\/24\/gowland-se-viste-de-gala-para-celebrar-su-aniversario-con-una-gran-fiesta-popular\/","title":{"rendered":"Gowland se viste de gala para celebrar su aniversario con una gran fiesta popular"},"content":{"rendered":"\n<p>El pr\u00f3ximo s\u00e1bado 28 de febrero, el predio de la estaci\u00f3n ser\u00e1 el escenario de una jornada cargada de m\u00fasica, danza y tradici\u00f3n. Con entrada libre y gratuita, la comunidad podr\u00e1 disfrutar de shows en vivo, artesanos y una variada oferta gastron\u00f3mica, cont\u00f3 Jimena Rivas, directora de cultura y destac\u00f3 que \u201cse realiza, especialmente, con un enorme trabajo de la Comisi\u00f3n de la localidad y la Sociedad de Fomento\u201d coment\u00f3.&nbsp;<\/p>\n\n\n\n<figure class=\"wp-block-image size-large\"><img loading=\"lazy\" decoding=\"async\" width=\"1024\" height=\"684\" data-attachment-id=\"192501\" data-permalink=\"https:\/\/www.hoymercedes.com.ar\/principal\/2026\/02\/24\/gowland-se-viste-de-gala-para-celebrar-su-aniversario-con-una-gran-fiesta-popular\/g7\/#main\" data-orig-file=\"https:\/\/www.hoymercedes.com.ar\/principal\/wp-content\/uploads\/2026\/02\/G7.jpg\" data-orig-size=\"1316,879\" data-comments-opened=\"0\" data-image-meta=\"{&quot;aperture&quot;:&quot;0&quot;,&quot;credit&quot;:&quot;&quot;,&quot;camera&quot;:&quot;&quot;,&quot;caption&quot;:&quot;&quot;,&quot;created_timestamp&quot;:&quot;0&quot;,&quot;copyright&quot;:&quot;&quot;,&quot;focal_length&quot;:&quot;0&quot;,&quot;iso&quot;:&quot;0&quot;,&quot;shutter_speed&quot;:&quot;0&quot;,&quot;title&quot;:&quot;&quot;,&quot;orientation&quot;:&quot;0&quot;}\" data-image-title=\"G7\" data-image-description=\"\" data-image-caption=\"\" data-large-file=\"https:\/\/www.hoymercedes.com.ar\/principal\/wp-content\/uploads\/2026\/02\/G7-1024x684.jpg\" src=\"https:\/\/www.hoymercedes.com.ar\/principal\/wp-content\/uploads\/2026\/02\/G7-1024x684.jpg\" alt=\"\" class=\"wp-image-192501\" srcset=\"https:\/\/www.hoymercedes.com.ar\/principal\/wp-content\/uploads\/2026\/02\/G7-1024x684.jpg 1024w, https:\/\/www.hoymercedes.com.ar\/principal\/wp-content\/uploads\/2026\/02\/G7-630x421.jpg 630w, https:\/\/www.hoymercedes.com.ar\/principal\/wp-content\/uploads\/2026\/02\/G7-150x100.jpg 150w, https:\/\/www.hoymercedes.com.ar\/principal\/wp-content\/uploads\/2026\/02\/G7.jpg 1316w\" sizes=\"auto, (max-width: 1024px) 100vw, 1024px\" \/><\/figure>\n\n\n\n<p><strong>Fiesta<\/strong><\/p>\n\n\n\n<p>La localidad de Gowland se prepara para vivir una de sus jornadas m\u00e1s especiales: el festejo por su Fiesta Aniversario. El evento, que cuenta con el impulso del municipio, tendr\u00e1 lugar en el emblem\u00e1tico Predio de la Estaci\u00f3n a partir de las 19:00 horas.<\/p>\n\n\n\n<p><strong>Familiar<\/strong><\/p>\n\n\n\n<p>La propuesta busca reunir a las familias en un espacio de encuentro y celebraci\u00f3n. Para esta edici\u00f3n, se ha dise\u00f1ado una grilla art\u00edstica diversa que abarca desde el folklore hasta la cumbia, garantizando el baile y la alegr\u00eda durante toda la noche.<\/p>\n\n\n\n<p><strong>Disfrute<\/strong><\/p>\n\n\n\n<p>El escenario principal contar\u00e1 con las presentaciones del Ballet Amanecer de Pueblo y Ballet Estrella del Sur, aportando la danza tradicional, los Hermanos Arizmendi, con lo mejor de nuestro folklore, el ritmo tropical llegar\u00e1 de la mano de No Fue Nadie, 4 de Copas, Viv\u00ed y su Cumbia y K y M Cumbia.<\/p>\n\n\n\n<p><strong>Paseo<\/strong><\/p>\n\n\n\n<p>Adem\u00e1s de la m\u00fasica, el predio contar\u00e1 con un sector de Food Trucks con diversas propuestas para cenar al aire libre y el ya cl\u00e1sico paseo de artesanos, donde los productores locales exhibir\u00e1n sus trabajos a los asistentes.<\/p>\n\n\n\n<p>La invitaci\u00f3n es abierta a todo el partido de Mercedes para acompa\u00f1ar a los vecinos de Gowland en este nuevo aniversario de su fundaci\u00f3n, en un entorno seguro y festivo, este 28, desde las 19hs.<\/p>\n","protected":false},"excerpt":{"rendered":"<p>El pr\u00f3ximo s\u00e1bado 28 de febrero, el predio de la estaci\u00f3n ser\u00e1 el escenario de una jornada cargada de m\u00fasica, &#8230; <a title=\"Gowland se viste de gala para celebrar su aniversario con una gran fiesta popular\" class=\"read-more\" href=\"https:\/\/www.hoymercedes.com.ar\/principal\/2026\/02\/24\/gowland-se-viste-de-gala-para-celebrar-su-aniversario-con-una-gran-fiesta-popular\/\" aria-label=\"Leer m\u00e1s sobre Gowland se viste de gala para celebrar su aniversario con una gran fiesta popular\">Leer m\u00e1s<\/a><\/p>\n","protected":false},"author":1,"featured_media":192501,"comment_status":"closed","ping_status":"open","sticky":false,"template":"","format":"standard","meta":{"_monsterinsights_skip_tracking":false,"_monsterinsights_sitenote_active":false,"_monsterinsights_sitenote_note":"","_monsterinsights_sitenote_category":0,"jetpack_post_was_ever_published":false,"_jetpack_newsletter_access":"","_jetpack_dont_email_post_to_subs":false,"_jetpack_newsletter_tier_id":0,"_jetpack_memberships_contains_paywalled_content":false,"_jetpack_memberships_contains_paid_content":false,"footnotes":"","jetpack_publicize_message":"","jetpack_publicize_feature_enabled":true,"jetpack_social_post_already_shared":true,"jetpack_social_options":{"image_generator_settings":{"template":"highway","default_image_id":0,"font":"","enabled":false},"version":2},"_wpas_customize_per_network":false},"categories":[8],"tags":[],"class_list":["post-192500","post","type-post","status-publish","format-standard","has-post-thumbnail","hentry","category-sociedad","generate-columns","tablet-grid-50","mobile-grid-100","grid-parent","grid-50"],"jetpack_publicize_connections":[],"jetpack_featured_media_url":"https:\/\/www.hoymercedes.com.ar\/principal\/wp-content\/uploads\/2026\/02\/G7.jpg","wps_subtitle":"","jetpack_sharing_enabled":true,"_links":{"self":[{"href":"https:\/\/www.hoymercedes.com.ar\/principal\/wp-json\/wp\/v2\/posts\/192500","targetHints":{"allow":["GET"]}}],"collection":[{"href":"https:\/\/www.hoymercedes.com.ar\/principal\/wp-json\/wp\/v2\/posts"}],"about":[{"href":"https:\/\/www.hoymercedes.com.ar\/principal\/wp-json\/wp\/v2\/types\/post"}],"author":[{"embeddable":true,"href":"https:\/\/www.hoymercedes.com.ar\/principal\/wp-json\/wp\/v2\/users\/1"}],"replies":[{"embeddable":true,"href":"https:\/\/www.hoymercedes.com.ar\/principal\/wp-json\/wp\/v2\/comments?post=192500"}],"version-history":[{"count":1,"href":"https:\/\/www.hoymercedes.com.ar\/principal\/wp-json\/wp\/v2\/posts\/192500\/revisions"}],"predecessor-version":[{"id":192502,"href":"https:\/\/www.hoymercedes.com.ar\/principal\/wp-json\/wp\/v2\/posts\/192500\/revisions\/192502"}],"wp:featuredmedia":[{"embeddable":true,"href":"https:\/\/www.hoymercedes.com.ar\/principal\/wp-json\/wp\/v2\/media\/192501"}],"wp:attachment":[{"href":"https:\/\/www.hoymercedes.com.ar\/principal\/wp-json\/wp\/v2\/media?parent=192500"}],"wp:term":[{"taxonomy":"category","embeddable":true,"href":"https:\/\/www.hoymercedes.com.ar\/principal\/wp-json\/wp\/v2\/categories?post=192500"},{"taxonomy":"post_tag","embeddable":true,"href":"https:\/\/www.hoymercedes.com.ar\/principal\/wp-json\/wp\/v2\/tags?post=192500"}],"curies":[{"name":"wp","href":"https:\/\/api.w.org\/{rel}","templated":true}]}}