{"id":192503,"date":"2026-02-25T10:01:00","date_gmt":"2026-02-25T13:01:00","guid":{"rendered":"https:\/\/www.hoymercedes.com.ar\/principal\/?p=192503"},"modified":"2026-02-24T20:06:56","modified_gmt":"2026-02-24T23:06:56","slug":"se-prepara-el-primer-encuentro-de-cicloturismo-en-mercedes","status":"publish","type":"post","link":"https:\/\/www.hoymercedes.com.ar\/principal\/2026\/02\/25\/se-prepara-el-primer-encuentro-de-cicloturismo-en-mercedes\/","title":{"rendered":"Se prepara el primer Encuentro de Cicloturismo en Mercedes"},"content":{"rendered":"\n<p>La ciudad de Mercedes ser\u00e1 escenario del primer Encuentro de Cicloturismo, una propuesta deportiva y recreativa que busca reunir a amantes de la bicicleta y promover la actividad al aire libre en entornos rurales.<\/p>\n\n\n\n<figure class=\"wp-block-image size-full\"><img loading=\"lazy\" decoding=\"async\" width=\"640\" height=\"453\" data-attachment-id=\"192504\" data-permalink=\"https:\/\/www.hoymercedes.com.ar\/principal\/2026\/02\/25\/se-prepara-el-primer-encuentro-de-cicloturismo-en-mercedes\/image-254\/#main\" data-orig-file=\"https:\/\/www.hoymercedes.com.ar\/principal\/wp-content\/uploads\/2026\/02\/image-56.png\" data-orig-size=\"640,453\" data-comments-opened=\"0\" data-image-meta=\"{&quot;aperture&quot;:&quot;0&quot;,&quot;credit&quot;:&quot;&quot;,&quot;camera&quot;:&quot;&quot;,&quot;caption&quot;:&quot;&quot;,&quot;created_timestamp&quot;:&quot;0&quot;,&quot;copyright&quot;:&quot;&quot;,&quot;focal_length&quot;:&quot;0&quot;,&quot;iso&quot;:&quot;0&quot;,&quot;shutter_speed&quot;:&quot;0&quot;,&quot;title&quot;:&quot;&quot;,&quot;orientation&quot;:&quot;0&quot;}\" data-image-title=\"image\" data-image-description=\"\" data-image-caption=\"\" data-large-file=\"https:\/\/www.hoymercedes.com.ar\/principal\/wp-content\/uploads\/2026\/02\/image-56.png\" src=\"https:\/\/www.hoymercedes.com.ar\/principal\/wp-content\/uploads\/2026\/02\/image-56.png\" alt=\"\" class=\"wp-image-192504\" srcset=\"https:\/\/www.hoymercedes.com.ar\/principal\/wp-content\/uploads\/2026\/02\/image-56.png 640w, https:\/\/www.hoymercedes.com.ar\/principal\/wp-content\/uploads\/2026\/02\/image-56-630x446.png 630w, https:\/\/www.hoymercedes.com.ar\/principal\/wp-content\/uploads\/2026\/02\/image-56-150x106.png 150w\" sizes=\"auto, (max-width: 640px) 100vw, 640px\" \/><\/figure>\n\n\n\n<p>La iniciativa es impulsada por la Direcci\u00f3n de Deportes del municipio y apunta a fomentar una disciplina que viene ganando cada vez m\u00e1s adeptos en la regi\u00f3n. Seg\u00fan se inform\u00f3, la jornada ofrecer\u00e1 dos recorridos de aproximadamente 30 y 60 kil\u00f3metros por caminos rurales, pensados para distintos niveles de experiencia.<\/p>\n\n\n\n<p>El evento se desarrollar\u00e1 el 16 de abril, con concentraci\u00f3n desde las 7.30 en el predio del CEMUADRA y largada prevista para las 9.00. La organizaci\u00f3n anticip\u00f3 que habr\u00e1 servicios para los participantes, entre ellos cantina, ba\u00f1os y provisi\u00f3n de agua potable.<\/p>\n\n\n\n<p>Quienes deseen participar deber\u00e1n realizar una preinscripci\u00f3n previa, lo que adem\u00e1s permitir\u00e1 acceder al estacionamiento dentro del predio. Desde el \u00e1rea de Deportes destacaron que el encuentro busca no solo incentivar la pr\u00e1ctica del cicloturismo, sino tambi\u00e9n generar un espacio de encuentro para ciclistas de la zona y visitantes.<\/p>\n\n\n\n<p>La convocatoria est\u00e1 abierta y se espera una buena participaci\u00f3n en lo que ser\u00e1 la primera edici\u00f3n de esta propuesta deportiva en Mercedes.<\/p>\n","protected":false},"excerpt":{"rendered":"<p>La ciudad de Mercedes ser\u00e1 escenario del primer Encuentro de Cicloturismo, una propuesta deportiva y recreativa que busca reunir a &#8230; <a title=\"Se prepara el primer Encuentro de Cicloturismo en Mercedes\" class=\"read-more\" href=\"https:\/\/www.hoymercedes.com.ar\/principal\/2026\/02\/25\/se-prepara-el-primer-encuentro-de-cicloturismo-en-mercedes\/\" aria-label=\"Leer m\u00e1s sobre Se prepara el primer Encuentro de Cicloturismo en Mercedes\">Leer m\u00e1s<\/a><\/p>\n","protected":false},"author":1,"featured_media":192504,"comment_status":"closed","ping_status":"open","sticky":false,"template":"","format":"standard","meta":{"_monsterinsights_skip_tracking":false,"_monsterinsights_sitenote_active":false,"_monsterinsights_sitenote_note":"","_monsterinsights_sitenote_category":0,"jetpack_post_was_ever_published":false,"_jetpack_newsletter_access":"","_jetpack_dont_email_post_to_subs":false,"_jetpack_newsletter_tier_id":0,"_jetpack_memberships_contains_paywalled_content":false,"_jetpack_memberships_contains_paid_content":false,"footnotes":"","jetpack_publicize_message":"","jetpack_publicize_feature_enabled":true,"jetpack_social_post_already_shared":true,"jetpack_social_options":{"image_generator_settings":{"template":"highway","default_image_id":0,"font":"","enabled":false},"version":2},"_wpas_customize_per_network":false},"categories":[8],"tags":[],"class_list":["post-192503","post","type-post","status-publish","format-standard","has-post-thumbnail","hentry","category-sociedad","generate-columns","tablet-grid-50","mobile-grid-100","grid-parent","grid-50"],"jetpack_publicize_connections":[],"jetpack_featured_media_url":"https:\/\/www.hoymercedes.com.ar\/principal\/wp-content\/uploads\/2026\/02\/image-56.png","wps_subtitle":"","jetpack_sharing_enabled":true,"_links":{"self":[{"href":"https:\/\/www.hoymercedes.com.ar\/principal\/wp-json\/wp\/v2\/posts\/192503","targetHints":{"allow":["GET"]}}],"collection":[{"href":"https:\/\/www.hoymercedes.com.ar\/principal\/wp-json\/wp\/v2\/posts"}],"about":[{"href":"https:\/\/www.hoymercedes.com.ar\/principal\/wp-json\/wp\/v2\/types\/post"}],"author":[{"embeddable":true,"href":"https:\/\/www.hoymercedes.com.ar\/principal\/wp-json\/wp\/v2\/users\/1"}],"replies":[{"embeddable":true,"href":"https:\/\/www.hoymercedes.com.ar\/principal\/wp-json\/wp\/v2\/comments?post=192503"}],"version-history":[{"count":1,"href":"https:\/\/www.hoymercedes.com.ar\/principal\/wp-json\/wp\/v2\/posts\/192503\/revisions"}],"predecessor-version":[{"id":192505,"href":"https:\/\/www.hoymercedes.com.ar\/principal\/wp-json\/wp\/v2\/posts\/192503\/revisions\/192505"}],"wp:featuredmedia":[{"embeddable":true,"href":"https:\/\/www.hoymercedes.com.ar\/principal\/wp-json\/wp\/v2\/media\/192504"}],"wp:attachment":[{"href":"https:\/\/www.hoymercedes.com.ar\/principal\/wp-json\/wp\/v2\/media?parent=192503"}],"wp:term":[{"taxonomy":"category","embeddable":true,"href":"https:\/\/www.hoymercedes.com.ar\/principal\/wp-json\/wp\/v2\/categories?post=192503"},{"taxonomy":"post_tag","embeddable":true,"href":"https:\/\/www.hoymercedes.com.ar\/principal\/wp-json\/wp\/v2\/tags?post=192503"}],"curies":[{"name":"wp","href":"https:\/\/api.w.org\/{rel}","templated":true}]}}