{"id":192506,"date":"2026-02-25T11:07:00","date_gmt":"2026-02-25T14:07:00","guid":{"rendered":"https:\/\/www.hoymercedes.com.ar\/principal\/?p=192506"},"modified":"2026-02-24T20:12:16","modified_gmt":"2026-02-24T23:12:16","slug":"lucas-guinot-lanza-el-taller-spinetta-un-ciclo-virtual-para-explorar-la-obra-del-flaco","status":"publish","type":"post","link":"https:\/\/www.hoymercedes.com.ar\/principal\/2026\/02\/25\/lucas-guinot-lanza-el-taller-spinetta-un-ciclo-virtual-para-explorar-la-obra-del-flaco\/","title":{"rendered":"Lucas Guinot lanza el \u201cTaller Spinetta\u201d, un ciclo virtual para explorar la obra del Flaco"},"content":{"rendered":"\n<p>El pianista y docente mercedino Lucas Guinot pondr\u00e1 en marcha en marzo el \u201cTaller Spinetta\u201d, una propuesta online orientada a profundizar en el universo creativo de Luis Alberto Spinetta.<\/p>\n\n\n\n<figure class=\"wp-block-image size-full\"><img loading=\"lazy\" decoding=\"async\" width=\"640\" height=\"373\" data-attachment-id=\"192508\" data-permalink=\"https:\/\/www.hoymercedes.com.ar\/principal\/2026\/02\/25\/lucas-guinot-lanza-el-taller-spinetta-un-ciclo-virtual-para-explorar-la-obra-del-flaco\/image-256\/#main\" data-orig-file=\"https:\/\/www.hoymercedes.com.ar\/principal\/wp-content\/uploads\/2026\/02\/image-58.png\" data-orig-size=\"640,373\" data-comments-opened=\"0\" data-image-meta=\"{&quot;aperture&quot;:&quot;0&quot;,&quot;credit&quot;:&quot;&quot;,&quot;camera&quot;:&quot;&quot;,&quot;caption&quot;:&quot;&quot;,&quot;created_timestamp&quot;:&quot;0&quot;,&quot;copyright&quot;:&quot;&quot;,&quot;focal_length&quot;:&quot;0&quot;,&quot;iso&quot;:&quot;0&quot;,&quot;shutter_speed&quot;:&quot;0&quot;,&quot;title&quot;:&quot;&quot;,&quot;orientation&quot;:&quot;0&quot;}\" data-image-title=\"image\" data-image-description=\"\" data-image-caption=\"\" data-large-file=\"https:\/\/www.hoymercedes.com.ar\/principal\/wp-content\/uploads\/2026\/02\/image-58.png\" src=\"https:\/\/www.hoymercedes.com.ar\/principal\/wp-content\/uploads\/2026\/02\/image-58.png\" alt=\"\" class=\"wp-image-192508\" srcset=\"https:\/\/www.hoymercedes.com.ar\/principal\/wp-content\/uploads\/2026\/02\/image-58.png 640w, https:\/\/www.hoymercedes.com.ar\/principal\/wp-content\/uploads\/2026\/02\/image-58-630x367.png 630w, https:\/\/www.hoymercedes.com.ar\/principal\/wp-content\/uploads\/2026\/02\/image-58-150x87.png 150w\" sizes=\"auto, (max-width: 640px) 100vw, 640px\" \/><\/figure>\n\n\n\n<p>La iniciativa consistir\u00e1 en cuatro encuentros virtuales en vivo, pensados para analizar, transcribir y apreciar distintas canciones del emblem\u00e1tico m\u00fasico argentino. Seg\u00fan se inform\u00f3, las clases quedar\u00e1n grabadas para quienes deseen volver a ver el contenido posteriormente.<\/p>\n\n\n\n<p>El espacio est\u00e1 dirigido tanto a m\u00fasicos como al p\u00fablico en general interesado en comprender la obra del \u201cFlaco\u201d desde una mirada integral, buscando generar un acercamiento que combine reflexi\u00f3n y disfrute musical.<\/p>\n\n\n\n<p>Quienes deseen participar pueden solicitar informaci\u00f3n e inscribirse a trav\u00e9s de mensaje privado o escribiendo al correo electr\u00f3nico <a>lucasguinot@gmail.com<\/a><\/p>\n","protected":false},"excerpt":{"rendered":"<p>El pianista y docente mercedino Lucas Guinot pondr\u00e1 en marcha en marzo el \u201cTaller Spinetta\u201d, una propuesta online orientada a &#8230; <a title=\"Lucas Guinot lanza el \u201cTaller Spinetta\u201d, un ciclo virtual para explorar la obra del Flaco\" class=\"read-more\" href=\"https:\/\/www.hoymercedes.com.ar\/principal\/2026\/02\/25\/lucas-guinot-lanza-el-taller-spinetta-un-ciclo-virtual-para-explorar-la-obra-del-flaco\/\" aria-label=\"Leer m\u00e1s sobre Lucas Guinot lanza el \u201cTaller Spinetta\u201d, un ciclo virtual para explorar la obra del Flaco\">Leer m\u00e1s<\/a><\/p>\n","protected":false},"author":1,"featured_media":192508,"comment_status":"closed","ping_status":"open","sticky":false,"template":"","format":"standard","meta":{"_monsterinsights_skip_tracking":false,"_monsterinsights_sitenote_active":false,"_monsterinsights_sitenote_note":"","_monsterinsights_sitenote_category":0,"jetpack_post_was_ever_published":false,"_jetpack_newsletter_access":"","_jetpack_dont_email_post_to_subs":false,"_jetpack_newsletter_tier_id":0,"_jetpack_memberships_contains_paywalled_content":false,"_jetpack_memberships_contains_paid_content":false,"footnotes":"","jetpack_publicize_message":"","jetpack_publicize_feature_enabled":true,"jetpack_social_post_already_shared":true,"jetpack_social_options":{"image_generator_settings":{"template":"highway","default_image_id":0,"font":"","enabled":false},"version":2},"_wpas_customize_per_network":false},"categories":[104],"tags":[],"class_list":["post-192506","post","type-post","status-publish","format-standard","has-post-thumbnail","hentry","category-cultura","generate-columns","tablet-grid-50","mobile-grid-100","grid-parent","grid-50"],"jetpack_publicize_connections":[],"jetpack_featured_media_url":"https:\/\/www.hoymercedes.com.ar\/principal\/wp-content\/uploads\/2026\/02\/image-58.png","wps_subtitle":"","jetpack_sharing_enabled":true,"_links":{"self":[{"href":"https:\/\/www.hoymercedes.com.ar\/principal\/wp-json\/wp\/v2\/posts\/192506","targetHints":{"allow":["GET"]}}],"collection":[{"href":"https:\/\/www.hoymercedes.com.ar\/principal\/wp-json\/wp\/v2\/posts"}],"about":[{"href":"https:\/\/www.hoymercedes.com.ar\/principal\/wp-json\/wp\/v2\/types\/post"}],"author":[{"embeddable":true,"href":"https:\/\/www.hoymercedes.com.ar\/principal\/wp-json\/wp\/v2\/users\/1"}],"replies":[{"embeddable":true,"href":"https:\/\/www.hoymercedes.com.ar\/principal\/wp-json\/wp\/v2\/comments?post=192506"}],"version-history":[{"count":1,"href":"https:\/\/www.hoymercedes.com.ar\/principal\/wp-json\/wp\/v2\/posts\/192506\/revisions"}],"predecessor-version":[{"id":192509,"href":"https:\/\/www.hoymercedes.com.ar\/principal\/wp-json\/wp\/v2\/posts\/192506\/revisions\/192509"}],"wp:featuredmedia":[{"embeddable":true,"href":"https:\/\/www.hoymercedes.com.ar\/principal\/wp-json\/wp\/v2\/media\/192508"}],"wp:attachment":[{"href":"https:\/\/www.hoymercedes.com.ar\/principal\/wp-json\/wp\/v2\/media?parent=192506"}],"wp:term":[{"taxonomy":"category","embeddable":true,"href":"https:\/\/www.hoymercedes.com.ar\/principal\/wp-json\/wp\/v2\/categories?post=192506"},{"taxonomy":"post_tag","embeddable":true,"href":"https:\/\/www.hoymercedes.com.ar\/principal\/wp-json\/wp\/v2\/tags?post=192506"}],"curies":[{"name":"wp","href":"https:\/\/api.w.org\/{rel}","templated":true}]}}