{"id":192513,"date":"2026-02-25T13:18:00","date_gmt":"2026-02-25T16:18:00","guid":{"rendered":"https:\/\/www.hoymercedes.com.ar\/principal\/?p=192513"},"modified":"2026-02-24T20:23:09","modified_gmt":"2026-02-24T23:23:09","slug":"trenes-argentinos-habilita-el-viaje-con-la-posibilidad-de-viajar-con-mascotas","status":"publish","type":"post","link":"https:\/\/www.hoymercedes.com.ar\/principal\/2026\/02\/25\/trenes-argentinos-habilita-el-viaje-con-la-posibilidad-de-viajar-con-mascotas\/","title":{"rendered":"Trenes Argentinos habilita el viaje con la posibilidad de viajar con mascotas"},"content":{"rendered":"\n<p><strong>Trenes Argentinos informa que ya se encuentra habilitada la venta de pasajes de larga distancia hacia Bragado, Jun\u00edn y Mar del Plata con la posibilidad de viajar con mascotas, una decisi\u00f3n que mejora la experiencia de los pasajeros y acompa\u00f1a las medidas impulsadas en esta l\u00ednea por la Secretar\u00eda de Transporte<\/strong>. La nueva modalidad ya est\u00e1 en vigencia en el servicio a Rosario.<\/p>\n\n\n\n<figure class=\"wp-block-image size-large\"><img loading=\"lazy\" decoding=\"async\" width=\"1024\" height=\"573\" data-attachment-id=\"192514\" data-permalink=\"https:\/\/www.hoymercedes.com.ar\/principal\/2026\/02\/25\/trenes-argentinos-habilita-el-viaje-con-la-posibilidad-de-viajar-con-mascotas\/image-258\/#main\" data-orig-file=\"https:\/\/www.hoymercedes.com.ar\/principal\/wp-content\/uploads\/2026\/02\/image-60.png\" data-orig-size=\"1366,765\" data-comments-opened=\"0\" data-image-meta=\"{&quot;aperture&quot;:&quot;0&quot;,&quot;credit&quot;:&quot;&quot;,&quot;camera&quot;:&quot;&quot;,&quot;caption&quot;:&quot;&quot;,&quot;created_timestamp&quot;:&quot;0&quot;,&quot;copyright&quot;:&quot;&quot;,&quot;focal_length&quot;:&quot;0&quot;,&quot;iso&quot;:&quot;0&quot;,&quot;shutter_speed&quot;:&quot;0&quot;,&quot;title&quot;:&quot;&quot;,&quot;orientation&quot;:&quot;0&quot;}\" data-image-title=\"image\" data-image-description=\"\" data-image-caption=\"\" data-large-file=\"https:\/\/www.hoymercedes.com.ar\/principal\/wp-content\/uploads\/2026\/02\/image-60-1024x573.png\" src=\"https:\/\/www.hoymercedes.com.ar\/principal\/wp-content\/uploads\/2026\/02\/image-60-1024x573.png\" alt=\"\" class=\"wp-image-192514\" srcset=\"https:\/\/www.hoymercedes.com.ar\/principal\/wp-content\/uploads\/2026\/02\/image-60-1024x573.png 1024w, https:\/\/www.hoymercedes.com.ar\/principal\/wp-content\/uploads\/2026\/02\/image-60-630x353.png 630w, https:\/\/www.hoymercedes.com.ar\/principal\/wp-content\/uploads\/2026\/02\/image-60-150x84.png 150w, https:\/\/www.hoymercedes.com.ar\/principal\/wp-content\/uploads\/2026\/02\/image-60.png 1366w\" sizes=\"auto, (max-width: 1024px) 100vw, 1024px\" \/><\/figure>\n\n\n\n<p><br>A partir de esta iniciativa, los pasajeros podr\u00e1n trasladarse con perros o gatos mayores a tres meses de edad, en los coches de primera especialmente habilitados, bajo condiciones que garantizan la seguridad, la higiene, tanto para las mascotas como para los pasajeros.<\/p>\n\n\n\n<p>Se permitir\u00e1 <strong>un cupo de ocho mascotas por formaci\u00f3n, y estar\u00e1 disponible en aquellos servicios cuya duraci\u00f3n programada no supere las ocho horas de viaje, permitiendo de esta manera que m\u00e1s personas puedan trasladarse sin necesidad de dejar sus animales al cuidado de terceros.<\/strong><\/p>\n\n\n\n<p>De acuerdo a la reglamentaci\u00f3n, las mascotas deber\u00e1n viajar \u00fanicamente entre cabeceras, sin descender en las estaciones intermedias y permanecer durante el trayecto en un transport\u00edn cerrado con un tama\u00f1o m\u00e1ximo de 48 cm x 45 cm. El viaje ser\u00e1 en un asiento contiguo al del pasajero responsable de la mascota.<\/p>\n\n\n\n<p>Adem\u00e1s, de manera preventiva se solicita que, para el viaje,<strong>&nbsp;deber\u00e1 contar con libreta de vacunaci\u00f3n<\/strong>&nbsp;(incluyendo vacuna antirr\u00e1bica vigente),&nbsp;<strong>certificado de salud impreso y original, correa, bozal, chapa identificatoria y un kit de limpieza.<\/strong><\/p>\n\n\n\n<p>El control de la documentaci\u00f3n, la firma del reglamento y la verificaci\u00f3n de las condiciones de traslado se realizar\u00e1 durante el preembarque por parte del personal ferroviario.<\/p>\n\n\n\n<p>El pasaje para viajar junto a la mascota contar\u00e1 con un valor especial que se podr\u00e1 consultar a trav\u00e9s de este link https:\/\/www.argentina.gob.ar\/transporte\/trenes-argentinos\/viaja-con-tu-mascota y estar\u00e1 sujeto a la disponibilidad de cupos. Se podr\u00e1 adquirir a trav\u00e9s de la web de Trenes Argentinos o en las boleter\u00edas habilitadas.<\/p>\n\n\n\n<p><strong>Buenos Aires-Bragado (para marzo)<\/strong><br>Salen tres servicios semanales desde Once los lunes, mi\u00e9rcoles y viernes a las 18:35 y de Bragado los lunes, mi\u00e9rcoles y viernes a la 1:50.<\/p>\n\n\n\n<p>La tarifa de los pasajes van desde los 7.500 en primera y desde 9.000 pesos en categor\u00eda pullman.<br>El servicio se detiene en 7 estaciones del recorrido: Haedo, Luj\u00e1n, Mercedes, Suipacha, Chivilcoy, Vaccarezza y Mechita.<\/p>\n\n\n\n<p><strong>Buenos Aires-Jun\u00edn (para marzo)<\/strong><br>Sale un servicio diario que parte de Retiro a las 18:15 y retorna a la 1:10 de lunes a s\u00e1bados y a la 1:31 domingos y feriados.<\/p>\n\n\n\n<p>El precio de los pasajes del tren a Jun\u00edn se modificar\u00e1 de acuerdo al d\u00eda en el que el pasajero desee realizar el viaje. Habr\u00e1 dos bandas tarifarias. Para conocer el valor de cada pasaje se podr\u00e1 ingresar a https:\/\/www.argentina.gob.ar\/sites\/default\/files\/_buenos_aires_-_junin_2025-07-01_-_web_1080_x_1920_px.pdf<\/p>\n\n\n\n<p>El servicio se detiene en 10 estaciones del recorrido de ida: Jos\u00e9 C. Paz, Pilar, Mercedes P, Franklin, Rivas, Castilla, Rawson, Cucha Cucha, Chacabuco y O\u00b4Higgins: sumando la estaci\u00f3n S\u00e1enz Pe\u00f1a, en su itinerario de regreso.<\/p>\n","protected":false},"excerpt":{"rendered":"<p>Trenes Argentinos informa que ya se encuentra habilitada la venta de pasajes de larga distancia hacia Bragado, Jun\u00edn y Mar &#8230; <a title=\"Trenes Argentinos habilita el viaje con la posibilidad de viajar con mascotas\" class=\"read-more\" href=\"https:\/\/www.hoymercedes.com.ar\/principal\/2026\/02\/25\/trenes-argentinos-habilita-el-viaje-con-la-posibilidad-de-viajar-con-mascotas\/\" aria-label=\"Leer m\u00e1s sobre Trenes Argentinos habilita el viaje con la posibilidad de viajar con mascotas\">Leer m\u00e1s<\/a><\/p>\n","protected":false},"author":1,"featured_media":192514,"comment_status":"closed","ping_status":"open","sticky":false,"template":"","format":"standard","meta":{"_monsterinsights_skip_tracking":false,"_monsterinsights_sitenote_active":false,"_monsterinsights_sitenote_note":"","_monsterinsights_sitenote_category":0,"jetpack_post_was_ever_published":false,"_jetpack_newsletter_access":"","_jetpack_dont_email_post_to_subs":false,"_jetpack_newsletter_tier_id":0,"_jetpack_memberships_contains_paywalled_content":false,"_jetpack_memberships_contains_paid_content":false,"footnotes":"","jetpack_publicize_message":"","jetpack_publicize_feature_enabled":true,"jetpack_social_post_already_shared":true,"jetpack_social_options":{"image_generator_settings":{"template":"highway","default_image_id":0,"font":"","enabled":false},"version":2},"_wpas_customize_per_network":false},"categories":[8],"tags":[],"class_list":["post-192513","post","type-post","status-publish","format-standard","has-post-thumbnail","hentry","category-sociedad","generate-columns","tablet-grid-50","mobile-grid-100","grid-parent","grid-50"],"jetpack_publicize_connections":[],"jetpack_featured_media_url":"https:\/\/www.hoymercedes.com.ar\/principal\/wp-content\/uploads\/2026\/02\/image-60.png","wps_subtitle":"","jetpack_sharing_enabled":true,"_links":{"self":[{"href":"https:\/\/www.hoymercedes.com.ar\/principal\/wp-json\/wp\/v2\/posts\/192513","targetHints":{"allow":["GET"]}}],"collection":[{"href":"https:\/\/www.hoymercedes.com.ar\/principal\/wp-json\/wp\/v2\/posts"}],"about":[{"href":"https:\/\/www.hoymercedes.com.ar\/principal\/wp-json\/wp\/v2\/types\/post"}],"author":[{"embeddable":true,"href":"https:\/\/www.hoymercedes.com.ar\/principal\/wp-json\/wp\/v2\/users\/1"}],"replies":[{"embeddable":true,"href":"https:\/\/www.hoymercedes.com.ar\/principal\/wp-json\/wp\/v2\/comments?post=192513"}],"version-history":[{"count":1,"href":"https:\/\/www.hoymercedes.com.ar\/principal\/wp-json\/wp\/v2\/posts\/192513\/revisions"}],"predecessor-version":[{"id":192515,"href":"https:\/\/www.hoymercedes.com.ar\/principal\/wp-json\/wp\/v2\/posts\/192513\/revisions\/192515"}],"wp:featuredmedia":[{"embeddable":true,"href":"https:\/\/www.hoymercedes.com.ar\/principal\/wp-json\/wp\/v2\/media\/192514"}],"wp:attachment":[{"href":"https:\/\/www.hoymercedes.com.ar\/principal\/wp-json\/wp\/v2\/media?parent=192513"}],"wp:term":[{"taxonomy":"category","embeddable":true,"href":"https:\/\/www.hoymercedes.com.ar\/principal\/wp-json\/wp\/v2\/categories?post=192513"},{"taxonomy":"post_tag","embeddable":true,"href":"https:\/\/www.hoymercedes.com.ar\/principal\/wp-json\/wp\/v2\/tags?post=192513"}],"curies":[{"name":"wp","href":"https:\/\/api.w.org\/{rel}","templated":true}]}}