{"id":192516,"date":"2026-02-25T14:23:00","date_gmt":"2026-02-25T17:23:00","guid":{"rendered":"https:\/\/www.hoymercedes.com.ar\/principal\/?p=192516"},"modified":"2026-02-24T20:29:04","modified_gmt":"2026-02-24T23:29:04","slug":"el-gobierno-anuncio-un-nuevo-aumento-del-19-en-los-peajes-de-rutas-nacionales","status":"publish","type":"post","link":"https:\/\/www.hoymercedes.com.ar\/principal\/2026\/02\/25\/el-gobierno-anuncio-un-nuevo-aumento-del-19-en-los-peajes-de-rutas-nacionales\/","title":{"rendered":"El Gobierno anunci\u00f3 un nuevo aumento del 19% en los peajes de rutas nacionales"},"content":{"rendered":"\n<p>El\u00a0<strong>Gobierno\u00a0<\/strong>de\u00a0<strong>Javier Milei\u00a0<\/strong>dispuso un aumento de hasta el 19% en los\u00a0<strong>peajes\u00a0<\/strong>de\u00a0<strong>rutas nacionales\u00a0<\/strong>concesionadas, medida que fue aprobada por la\u00a0<strong>Direcci\u00f3n Nacional de Vialidad\u00a0<\/strong>y que comenzar\u00e1 a regir esta misma semana en los tramos administrados por\u00a0<strong>Corredores Viales S.A.<\/strong>, en el marco del\u00a0proceso de privatizaci\u00f3n que atraviesa la compa\u00f1\u00eda.<\/p>\n\n\n\n<figure class=\"wp-block-image size-full\"><img loading=\"lazy\" decoding=\"async\" width=\"1024\" height=\"680\" data-attachment-id=\"192517\" data-permalink=\"https:\/\/www.hoymercedes.com.ar\/principal\/2026\/02\/25\/el-gobierno-anuncio-un-nuevo-aumento-del-19-en-los-peajes-de-rutas-nacionales\/image-259\/#main\" data-orig-file=\"https:\/\/www.hoymercedes.com.ar\/principal\/wp-content\/uploads\/2026\/02\/image-61.png\" data-orig-size=\"1024,680\" data-comments-opened=\"0\" data-image-meta=\"{&quot;aperture&quot;:&quot;0&quot;,&quot;credit&quot;:&quot;&quot;,&quot;camera&quot;:&quot;&quot;,&quot;caption&quot;:&quot;&quot;,&quot;created_timestamp&quot;:&quot;0&quot;,&quot;copyright&quot;:&quot;&quot;,&quot;focal_length&quot;:&quot;0&quot;,&quot;iso&quot;:&quot;0&quot;,&quot;shutter_speed&quot;:&quot;0&quot;,&quot;title&quot;:&quot;&quot;,&quot;orientation&quot;:&quot;0&quot;}\" data-image-title=\"image\" data-image-description=\"\" data-image-caption=\"\" data-large-file=\"https:\/\/www.hoymercedes.com.ar\/principal\/wp-content\/uploads\/2026\/02\/image-61.png\" src=\"https:\/\/www.hoymercedes.com.ar\/principal\/wp-content\/uploads\/2026\/02\/image-61.png\" alt=\"\" class=\"wp-image-192517\" srcset=\"https:\/\/www.hoymercedes.com.ar\/principal\/wp-content\/uploads\/2026\/02\/image-61.png 1024w, https:\/\/www.hoymercedes.com.ar\/principal\/wp-content\/uploads\/2026\/02\/image-61-630x418.png 630w, https:\/\/www.hoymercedes.com.ar\/principal\/wp-content\/uploads\/2026\/02\/image-61-150x100.png 150w\" sizes=\"auto, (max-width: 1024px) 100vw, 1024px\" \/><\/figure>\n\n\n\n<p>Es preciso mencionar que, la actualizaci\u00f3n tarifaria de los\u00a0<strong>peajes\u00a0<\/strong>fue formalizada mediante la\u00a0<strong>Resoluci\u00f3n 248\/2026\u00a0<\/strong>publicada en el\u00a0<strong>Bolet\u00edn Oficial<\/strong>, luego de cumplirse el procedimiento de\u00a0<strong>Elaboraci\u00f3n Participativa de Normas<\/strong>, instancia prevista para que la ciudadan\u00eda pudiera expresar su opini\u00f3n antes de la aprobaci\u00f3n definitiva de los nuevos cuadros.<\/p>\n\n\n\n<p>En tanto, el texto oficial indica que el pedido de aumento para los&nbsp;<strong>peajes&nbsp;<\/strong>de&nbsp;<strong>rutas nacionales&nbsp;<\/strong>fue presentado por la concesionaria&nbsp;<strong>Corredores Viales S.A.<\/strong>, que solicit\u00f3 la revisi\u00f3n de tarifas correspondientes a los&nbsp;<strong>Tramos I al X&nbsp;<\/strong>de la red vial bajo su administraci\u00f3n.<\/p>\n\n\n\n<p>Tras evaluar la propuesta, que eleva el precio m\u00ednimo para autos a $1.500, la&nbsp;<strong>Direcci\u00f3n Nacional de Vialidad&nbsp;<\/strong>consider\u00f3 apropiada la implementaci\u00f3n de la actualizaci\u00f3n y elabor\u00f3 los proyectos de cuadros tarifarios que finalmente fueron aprobados una vez concluida la consulta p\u00fablica.<\/p>\n\n\n\n<p>En tanto, uno de los principales cambios que introduce esta actualizaci\u00f3n es la eliminaci\u00f3n de la diferencia entre el pago en efectivo y el sistema autom\u00e1tico, ya que los usuarios de&nbsp;<strong>TelePASE&nbsp;<\/strong>dejar\u00e1n de contar con el descuento diferencial que exist\u00eda hasta ahora y abonar\u00e1n el mismo monto que quienes paguen de manera manual, independientemente de la franja horaria o la categor\u00eda vehicular.<\/p>\n\n\n\n<p>Por caso, el&nbsp;<strong>aumento&nbsp;<\/strong>en los&nbsp;<strong>peajes&nbsp;<\/strong>alcanza a los diez tramos concesionados por&nbsp;<strong>Corredores Viales S.A.<\/strong>, que comprenden una parte significativa de las autopistas y rutas nacionales con impuesto en el pa\u00eds, y se aplica en un contexto en el que la empresa estatal se encuentra en pleno proceso de privatizaci\u00f3n.<\/p>\n\n\n\n<p>Con esta decisi\u00f3n, que comenzar\u00e1 a regir desde el&nbsp;<strong>jueves 26 de febrero<\/strong>, los nuevos cuadros impactar\u00e1n en miles de usuarios que transitan a diario por&nbsp;<strong>rutas nacionales&nbsp;<\/strong>con&nbsp;<strong>peaje<\/strong>, al tiempo que se redefine el esquema de cobro sin distinci\u00f3n entre modalidades de pago, lo que modifica de lleno una pr\u00e1ctica que, hasta ahora, incentivaba el uso del sistema electr\u00f3nico.<\/p>\n\n\n\n<h2 class=\"wp-block-heading\" id=\"aumento-de-los-peajes-como-quedan-las-nuevas-tarifas-para-la-autopista-ricchieri\">Aumento de los peajes: como quedan las nuevas tarifas para la Autopista Ricchieri<\/h2>\n\n\n\n<ul class=\"wp-block-list\">\n<li>Motocicletas: $650 \u2013 Hora pico: $750\u00a0<\/li>\n\n\n\n<li>Veh\u00edculos de hasta 2 ejes y hasta 2,10 metros de altura: $1.300 \u2013 Hora pico: $1.500\u00a0<\/li>\n\n\n\n<li>Veh\u00edculos de hasta 2 ejes y m\u00e1s de 2,10 metros de altura o rueda doble: $2.600 \u2013 Hora pico: $3.000\u00a0<\/li>\n\n\n\n<li>Veh\u00edculos de 3 o 4 ejes y hasta 2,10 metros de altura: $2.600 \u2013 Hora pico: $3.000\u00a0<\/li>\n\n\n\n<li>Veh\u00edculos de 3 o 4 ejes y m\u00e1s de 2,10 metros de altura o rueda doble: $3.900\u00a0 \u2013 Hora pico: $4.500\u00a0<\/li>\n\n\n\n<li>Veh\u00edculos de 5 o 6 ejes: $5.200 \u2013 Hora pico: $6.000<\/li>\n\n\n\n<li>Veh\u00edculos de m\u00e1s de 6 ejes: $6.500 \u2013 Hora pico: $7.500<\/li>\n<\/ul>\n\n\n\n<h2 class=\"wp-block-heading\" id=\"aumento-de-los-peajes-los-nuevos-valores-para-rutas-nacionales\">Aumento de los peajes: los nuevos valores para rutas nacionales<\/h2>\n\n\n\n<ul class=\"wp-block-list\">\n<li>Veh\u00edculos de hasta 2 ejes y hasta 2,30 metros de altura: $1.500\u00a0<\/li>\n\n\n\n<li>Veh\u00edculos de hasta 2 ejes y m\u00e1s de 2,30 metros de altura o rueda doble: $3.000<\/li>\n\n\n\n<li>Veh\u00edculos de 3 o 4 ejes y hasta 2,30 metros de altura: $4.500\u00a0\u00a0<\/li>\n\n\n\n<li>Veh\u00edculos de 3 o 4 ejes y m\u00e1s de 2,30 metros de altura o rueda doble: $6.000\u00a0<\/li>\n\n\n\n<li>Veh\u00edculos de 5 o 6 ejes: $7.500<\/li>\n\n\n\n<li>Veh\u00edculos de m\u00e1s de 6 ejes: $9.000<\/li>\n<\/ul>\n","protected":false},"excerpt":{"rendered":"<p>El\u00a0Gobierno\u00a0de\u00a0Javier Milei\u00a0dispuso un aumento de hasta el 19% en los\u00a0peajes\u00a0de\u00a0rutas nacionales\u00a0concesionadas, medida que fue aprobada por la\u00a0Direcci\u00f3n Nacional de Vialidad\u00a0y &#8230; <a title=\"El Gobierno anunci\u00f3 un nuevo aumento del 19% en los peajes de rutas nacionales\" class=\"read-more\" href=\"https:\/\/www.hoymercedes.com.ar\/principal\/2026\/02\/25\/el-gobierno-anuncio-un-nuevo-aumento-del-19-en-los-peajes-de-rutas-nacionales\/\" aria-label=\"Leer m\u00e1s sobre El Gobierno anunci\u00f3 un nuevo aumento del 19% en los peajes de rutas nacionales\">Leer m\u00e1s<\/a><\/p>\n","protected":false},"author":1,"featured_media":192517,"comment_status":"closed","ping_status":"open","sticky":false,"template":"","format":"standard","meta":{"_monsterinsights_skip_tracking":false,"_monsterinsights_sitenote_active":false,"_monsterinsights_sitenote_note":"","_monsterinsights_sitenote_category":0,"jetpack_post_was_ever_published":false,"_jetpack_newsletter_access":"","_jetpack_dont_email_post_to_subs":false,"_jetpack_newsletter_tier_id":0,"_jetpack_memberships_contains_paywalled_content":false,"_jetpack_memberships_contains_paid_content":false,"footnotes":"","jetpack_publicize_message":"","jetpack_publicize_feature_enabled":true,"jetpack_social_post_already_shared":true,"jetpack_social_options":{"image_generator_settings":{"template":"highway","default_image_id":0,"font":"","enabled":false},"version":2},"_wpas_customize_per_network":false},"categories":[8],"tags":[],"class_list":["post-192516","post","type-post","status-publish","format-standard","has-post-thumbnail","hentry","category-sociedad","generate-columns","tablet-grid-50","mobile-grid-100","grid-parent","grid-50"],"jetpack_publicize_connections":[],"jetpack_featured_media_url":"https:\/\/www.hoymercedes.com.ar\/principal\/wp-content\/uploads\/2026\/02\/image-61.png","wps_subtitle":"","jetpack_sharing_enabled":true,"_links":{"self":[{"href":"https:\/\/www.hoymercedes.com.ar\/principal\/wp-json\/wp\/v2\/posts\/192516","targetHints":{"allow":["GET"]}}],"collection":[{"href":"https:\/\/www.hoymercedes.com.ar\/principal\/wp-json\/wp\/v2\/posts"}],"about":[{"href":"https:\/\/www.hoymercedes.com.ar\/principal\/wp-json\/wp\/v2\/types\/post"}],"author":[{"embeddable":true,"href":"https:\/\/www.hoymercedes.com.ar\/principal\/wp-json\/wp\/v2\/users\/1"}],"replies":[{"embeddable":true,"href":"https:\/\/www.hoymercedes.com.ar\/principal\/wp-json\/wp\/v2\/comments?post=192516"}],"version-history":[{"count":1,"href":"https:\/\/www.hoymercedes.com.ar\/principal\/wp-json\/wp\/v2\/posts\/192516\/revisions"}],"predecessor-version":[{"id":192518,"href":"https:\/\/www.hoymercedes.com.ar\/principal\/wp-json\/wp\/v2\/posts\/192516\/revisions\/192518"}],"wp:featuredmedia":[{"embeddable":true,"href":"https:\/\/www.hoymercedes.com.ar\/principal\/wp-json\/wp\/v2\/media\/192517"}],"wp:attachment":[{"href":"https:\/\/www.hoymercedes.com.ar\/principal\/wp-json\/wp\/v2\/media?parent=192516"}],"wp:term":[{"taxonomy":"category","embeddable":true,"href":"https:\/\/www.hoymercedes.com.ar\/principal\/wp-json\/wp\/v2\/categories?post=192516"},{"taxonomy":"post_tag","embeddable":true,"href":"https:\/\/www.hoymercedes.com.ar\/principal\/wp-json\/wp\/v2\/tags?post=192516"}],"curies":[{"name":"wp","href":"https:\/\/api.w.org\/{rel}","templated":true}]}}