{"id":19252,"date":"2013-01-06T21:48:44","date_gmt":"2013-01-06T21:48:44","guid":{"rendered":"http:\/\/www.hoymercedes.com.ar\/principal\/?p=19252"},"modified":"2013-01-06T21:48:56","modified_gmt":"2013-01-06T21:48:56","slug":"nuevo-monobloque-el-cuarto-en-el-concejo-deliberante","status":"publish","type":"post","link":"https:\/\/www.hoymercedes.com.ar\/principal\/2013\/01\/06\/nuevo-monobloque-el-cuarto-en-el-concejo-deliberante\/","title":{"rendered":"Nuevo monobloque, el cuarto, en el Concejo Deliberante"},"content":{"rendered":"<p><em><strong>La\u00a0definici\u00f3n\u00a0de Fito Pr\u00edncipi da una situaci\u00f3n de divisi\u00f3n nueva en el Cuerpo Deliberativo. Se suma un nuevo monobloque o utilizaci\u00f3n de banca en t\u00e9rminos de individuos y no partidario, aunque, en este caso, no porque s\u00f3lo haya un representante de dicha fuerza, sino, por desprendimiento de una existente.<\/strong><\/em><\/p>\n<p>Actualmente el Cuerpo Deliberativo tiene a In\u00e9s Ghione, Jos\u00e9 Ramos y Jos\u00e9 Cestari como miembros de bloques \u00fanicos. Se suma ahora Fito Pr\u00edncipi que al desprenderse del selvismo crea una nueva divisi\u00f3n donde la especulaci\u00f3n hace pensar que no necesariamente ser\u00e1 totalmente oposici\u00f3n sino que har\u00eda equilibrio en relaci\u00f3n a cada punto tem\u00e1tico.<\/p>\n<p>El caso de Rodolfo Pr\u00edncipi dar\u00e1 pr\u00f3ximamente muchas p\u00e1ginas pol\u00edticas. Se ver\u00e1 cu\u00e1l ser\u00e1 su futuro, si participar\u00e1 del Frente Mercedino, si crear\u00e1 fuerza pol\u00edtica propia, o empezar\u00e1 un camino que le quitar\u00e1 participaci\u00f3n pol\u00edtica sosteniendo su perfil m\u00e9dico por sobre el pol\u00edtico. El futuro y el paso de los d\u00edas mostrar\u00e1n la respuesta certera.<\/p>\n<p>A partir de las sesiones del 2013, de esta forma, el Concejo Deliberante tendr\u00e1 una nueva forma de organizarse en t\u00e9rminos de bloques.<\/p>\n<p>&nbsp;<\/p>\n","protected":false},"excerpt":{"rendered":"<p>La\u00a0definici\u00f3n\u00a0de Fito Pr\u00edncipi da una situaci\u00f3n de divisi\u00f3n nueva en el Cuerpo Deliberativo. Se suma un nuevo monobloque o utilizaci\u00f3n &#8230; <a title=\"Nuevo monobloque, el cuarto, en el Concejo Deliberante\" class=\"read-more\" href=\"https:\/\/www.hoymercedes.com.ar\/principal\/2013\/01\/06\/nuevo-monobloque-el-cuarto-en-el-concejo-deliberante\/\" aria-label=\"Leer m\u00e1s sobre Nuevo monobloque, el cuarto, en el Concejo Deliberante\">Leer m\u00e1s<\/a><\/p>\n","protected":false},"author":1,"featured_media":0,"comment_status":"open","ping_status":"open","sticky":false,"template":"","format":"standard","meta":{"_monsterinsights_skip_tracking":false,"_monsterinsights_sitenote_active":false,"_monsterinsights_sitenote_note":"","_monsterinsights_sitenote_category":0,"jetpack_post_was_ever_published":false,"_jetpack_newsletter_access":"","_jetpack_dont_email_post_to_subs":false,"_jetpack_newsletter_tier_id":0,"_jetpack_memberships_contains_paywalled_content":false,"_jetpack_memberships_contains_paid_content":false,"footnotes":"","jetpack_publicize_message":"","jetpack_publicize_feature_enabled":true,"jetpack_social_post_already_shared":false,"jetpack_social_options":{"image_generator_settings":{"template":"highway","default_image_id":0,"font":"","enabled":false},"version":2},"_wpas_customize_per_network":false},"categories":[5],"tags":[236,532],"class_list":["post-19252","post","type-post","status-publish","format-standard","hentry","category-politica","tag-concejo-deliberante","tag-fito-principi","generate-columns","tablet-grid-50","mobile-grid-100","grid-parent","grid-50"],"jetpack_publicize_connections":[],"jetpack_featured_media_url":"","wps_subtitle":"","jetpack_sharing_enabled":true,"_links":{"self":[{"href":"https:\/\/www.hoymercedes.com.ar\/principal\/wp-json\/wp\/v2\/posts\/19252","targetHints":{"allow":["GET"]}}],"collection":[{"href":"https:\/\/www.hoymercedes.com.ar\/principal\/wp-json\/wp\/v2\/posts"}],"about":[{"href":"https:\/\/www.hoymercedes.com.ar\/principal\/wp-json\/wp\/v2\/types\/post"}],"author":[{"embeddable":true,"href":"https:\/\/www.hoymercedes.com.ar\/principal\/wp-json\/wp\/v2\/users\/1"}],"replies":[{"embeddable":true,"href":"https:\/\/www.hoymercedes.com.ar\/principal\/wp-json\/wp\/v2\/comments?post=19252"}],"version-history":[{"count":0,"href":"https:\/\/www.hoymercedes.com.ar\/principal\/wp-json\/wp\/v2\/posts\/19252\/revisions"}],"wp:attachment":[{"href":"https:\/\/www.hoymercedes.com.ar\/principal\/wp-json\/wp\/v2\/media?parent=19252"}],"wp:term":[{"taxonomy":"category","embeddable":true,"href":"https:\/\/www.hoymercedes.com.ar\/principal\/wp-json\/wp\/v2\/categories?post=19252"},{"taxonomy":"post_tag","embeddable":true,"href":"https:\/\/www.hoymercedes.com.ar\/principal\/wp-json\/wp\/v2\/tags?post=19252"}],"curies":[{"name":"wp","href":"https:\/\/api.w.org\/{rel}","templated":true}]}}