{"id":192520,"date":"2026-02-25T15:31:00","date_gmt":"2026-02-25T18:31:00","guid":{"rendered":"https:\/\/www.hoymercedes.com.ar\/principal\/?p=192520"},"modified":"2026-02-24T20:32:57","modified_gmt":"2026-02-24T23:32:57","slug":"ustarroz-encabezo-entrega-de-certificaciones-productivas-a-familias-mercedinas","status":"publish","type":"post","link":"https:\/\/www.hoymercedes.com.ar\/principal\/2026\/02\/25\/ustarroz-encabezo-entrega-de-certificaciones-productivas-a-familias-mercedinas\/","title":{"rendered":"Ustarroz encabez\u00f3 entrega de certificaciones productivas a familias mercedinas"},"content":{"rendered":"\n<p>El intendente Juan Ustarroz encabez\u00f3 un encuentro en la Estaci\u00f3n Experimental Mercedes junto a representantes del Ministerio de Desarrollo Agrario de la Provincia de Buenos Aires y la direcci\u00f3n de producci\u00f3n local donde 15 emprendedores mercedinos lograron su certificaci\u00f3n y habilitaci\u00f3n para las \u201cpeque\u00f1as unidades productivas\u201d que llevan a cabo.<\/p>\n\n\n\n<figure class=\"wp-block-image size-large\"><img loading=\"lazy\" decoding=\"async\" width=\"1024\" height=\"682\" data-attachment-id=\"192521\" data-permalink=\"https:\/\/www.hoymercedes.com.ar\/principal\/2026\/02\/25\/ustarroz-encabezo-entrega-de-certificaciones-productivas-a-familias-mercedinas\/produccion-2\/#main\" data-orig-file=\"https:\/\/www.hoymercedes.com.ar\/principal\/wp-content\/uploads\/2026\/02\/Produccion.jpg\" data-orig-size=\"1319,879\" data-comments-opened=\"0\" data-image-meta=\"{&quot;aperture&quot;:&quot;0&quot;,&quot;credit&quot;:&quot;&quot;,&quot;camera&quot;:&quot;&quot;,&quot;caption&quot;:&quot;&quot;,&quot;created_timestamp&quot;:&quot;0&quot;,&quot;copyright&quot;:&quot;&quot;,&quot;focal_length&quot;:&quot;0&quot;,&quot;iso&quot;:&quot;0&quot;,&quot;shutter_speed&quot;:&quot;0&quot;,&quot;title&quot;:&quot;&quot;,&quot;orientation&quot;:&quot;0&quot;}\" data-image-title=\"Produccion\" data-image-description=\"\" data-image-caption=\"\" data-large-file=\"https:\/\/www.hoymercedes.com.ar\/principal\/wp-content\/uploads\/2026\/02\/Produccion-1024x682.jpg\" src=\"https:\/\/www.hoymercedes.com.ar\/principal\/wp-content\/uploads\/2026\/02\/Produccion-1024x682.jpg\" alt=\"\" class=\"wp-image-192521\" srcset=\"https:\/\/www.hoymercedes.com.ar\/principal\/wp-content\/uploads\/2026\/02\/Produccion-1024x682.jpg 1024w, https:\/\/www.hoymercedes.com.ar\/principal\/wp-content\/uploads\/2026\/02\/Produccion-630x420.jpg 630w, https:\/\/www.hoymercedes.com.ar\/principal\/wp-content\/uploads\/2026\/02\/Produccion-150x100.jpg 150w, https:\/\/www.hoymercedes.com.ar\/principal\/wp-content\/uploads\/2026\/02\/Produccion.jpg 1319w\" sizes=\"auto, (max-width: 1024px) 100vw, 1024px\" \/><\/figure>\n\n\n\n<p><strong>Encuentro<\/strong><\/p>\n\n\n\n<p>La reuni\u00f3n tuvo lugar en el \u00e1mbito de la Estaci\u00f3n Experimental de Gowland, con la presencia de 15 representantes mercedinos que desarrollan \u201cpeque\u00f1as unidades productivas\u201d y los cuales ahora, con la certificaci\u00f3n de PUPPAs y otorgamiento de pr\u00e9stamos para sus emprendimientos tendr\u00e1n mayor acceso al \u201cMercado Bonaerense\u201d que recorre todo el territorio bonaerense, como as\u00ed tambi\u00e9n ingreso potencialmente m\u00e1s sencillo en cadenas comerciales y negocios.<\/p>\n\n\n\n<p><strong>Satisfacci\u00f3n<\/strong><\/p>\n\n\n\n<p>El intendente&nbsp;<strong>Juan I. Ustarroz<\/strong>&nbsp;destac\u00f3 \u201cla importancia de este logro para las y los productores mercedinos, los aqu\u00ed presente como los que ya han conseguido este paso tan importante\u201d y \u201cratificando el trabajo dedicado, comprometido y serio que vienen efectuando y obtienen ahora este merecido reconocimiento\u201d sostuvo entre otros conceptos.<\/p>\n\n\n\n<p>En la misma l\u00ednea,&nbsp;<strong>Mart\u00edn Boragno<\/strong>, director de producci\u00f3n, destac\u00f3 la enorme tarea que realizan \u201clas y los productores y el trabajo solidario de, incluso, se parte del proceso de ingreso de nuevas unidades productivas a estos programas de la provincia tan importantes\u201d<\/p>\n\n\n\n<p><strong>PBA<\/strong><\/p>\n\n\n\n<p>Javier Cernadas, director provincial de Alimentos y Mercados Agroalimentarios, coment\u00f3 que \u201centregamos nuevas habilitaciones del Ministerio de Desarrollo Agrario a peque\u00f1as unidades productivas de alimentos artesanales, firmamos nuevos cr\u00e9ditos del fondo agrario provincia en marcha y lanzamos una convocatoria para PUPAAs que quieran participar de una nueva feria de Mercados Bonaerenses\u201d&nbsp; y dijo \u201cdesde la gesti\u00f3n de Axel Kicillof y Javier Rodr\u00edguez seguimos acompa\u00f1ando a los peque\u00f1os y medianos productores en este contexto dif\u00edcil que nos toca atravesar con la convicci\u00f3n de que otro camino es posible\u201d<\/p>\n\n\n\n<p><strong>Presencia<\/strong><\/p>\n\n\n\n<p>Estuvo prsente el secretario de ecomon\u00eda, Dr David Valerga, la integrante del \u00e1rea de producci\u00f3n, Y\u00e9sica D\u00edaz, Ezequiel Wainer, director Provincial de Agricultura Familiar, Emiliano Cucciufo, director Provincial de Innovaci\u00f3n y Vinculaci\u00f3n Tecnol\u00f3gica, Valeria<\/p>\n\n\n\n<p>Ontiveros, directora de Industrias y Productos Alimenticios y especialmente las y los beneficiarios, que representaban distintos rubros, como cerveza artesanal, panificados, conservas, entre otras producciones locales.<\/p>\n","protected":false},"excerpt":{"rendered":"<p>El intendente Juan Ustarroz encabez\u00f3 un encuentro en la Estaci\u00f3n Experimental Mercedes junto a representantes del Ministerio de Desarrollo Agrario &#8230; <a title=\"Ustarroz encabez\u00f3 entrega de certificaciones productivas a familias mercedinas\" class=\"read-more\" href=\"https:\/\/www.hoymercedes.com.ar\/principal\/2026\/02\/25\/ustarroz-encabezo-entrega-de-certificaciones-productivas-a-familias-mercedinas\/\" aria-label=\"Leer m\u00e1s sobre Ustarroz encabez\u00f3 entrega de certificaciones productivas a familias mercedinas\">Leer m\u00e1s<\/a><\/p>\n","protected":false},"author":1,"featured_media":192521,"comment_status":"closed","ping_status":"open","sticky":false,"template":"","format":"standard","meta":{"_monsterinsights_skip_tracking":false,"_monsterinsights_sitenote_active":false,"_monsterinsights_sitenote_note":"","_monsterinsights_sitenote_category":0,"jetpack_post_was_ever_published":false,"_jetpack_newsletter_access":"","_jetpack_dont_email_post_to_subs":false,"_jetpack_newsletter_tier_id":0,"_jetpack_memberships_contains_paywalled_content":false,"_jetpack_memberships_contains_paid_content":false,"footnotes":"","jetpack_publicize_message":"","jetpack_publicize_feature_enabled":true,"jetpack_social_post_already_shared":true,"jetpack_social_options":{"image_generator_settings":{"template":"highway","default_image_id":0,"font":"","enabled":false},"version":2},"_wpas_customize_per_network":false},"categories":[8],"tags":[],"class_list":["post-192520","post","type-post","status-publish","format-standard","has-post-thumbnail","hentry","category-sociedad","generate-columns","tablet-grid-50","mobile-grid-100","grid-parent","grid-50"],"jetpack_publicize_connections":[],"jetpack_featured_media_url":"https:\/\/www.hoymercedes.com.ar\/principal\/wp-content\/uploads\/2026\/02\/Produccion.jpg","wps_subtitle":"","jetpack_sharing_enabled":true,"_links":{"self":[{"href":"https:\/\/www.hoymercedes.com.ar\/principal\/wp-json\/wp\/v2\/posts\/192520","targetHints":{"allow":["GET"]}}],"collection":[{"href":"https:\/\/www.hoymercedes.com.ar\/principal\/wp-json\/wp\/v2\/posts"}],"about":[{"href":"https:\/\/www.hoymercedes.com.ar\/principal\/wp-json\/wp\/v2\/types\/post"}],"author":[{"embeddable":true,"href":"https:\/\/www.hoymercedes.com.ar\/principal\/wp-json\/wp\/v2\/users\/1"}],"replies":[{"embeddable":true,"href":"https:\/\/www.hoymercedes.com.ar\/principal\/wp-json\/wp\/v2\/comments?post=192520"}],"version-history":[{"count":1,"href":"https:\/\/www.hoymercedes.com.ar\/principal\/wp-json\/wp\/v2\/posts\/192520\/revisions"}],"predecessor-version":[{"id":192522,"href":"https:\/\/www.hoymercedes.com.ar\/principal\/wp-json\/wp\/v2\/posts\/192520\/revisions\/192522"}],"wp:featuredmedia":[{"embeddable":true,"href":"https:\/\/www.hoymercedes.com.ar\/principal\/wp-json\/wp\/v2\/media\/192521"}],"wp:attachment":[{"href":"https:\/\/www.hoymercedes.com.ar\/principal\/wp-json\/wp\/v2\/media?parent=192520"}],"wp:term":[{"taxonomy":"category","embeddable":true,"href":"https:\/\/www.hoymercedes.com.ar\/principal\/wp-json\/wp\/v2\/categories?post=192520"},{"taxonomy":"post_tag","embeddable":true,"href":"https:\/\/www.hoymercedes.com.ar\/principal\/wp-json\/wp\/v2\/tags?post=192520"}],"curies":[{"name":"wp","href":"https:\/\/api.w.org\/{rel}","templated":true}]}}