{"id":192529,"date":"2026-02-25T14:57:40","date_gmt":"2026-02-25T17:57:40","guid":{"rendered":"https:\/\/www.hoymercedes.com.ar\/principal\/?p=192529"},"modified":"2026-02-25T14:57:43","modified_gmt":"2026-02-25T17:57:43","slug":"intento-de-suicidio-en-el-puente-peatonal-una-adolescente-fue-rescatada-a-tiempo","status":"publish","type":"post","link":"https:\/\/www.hoymercedes.com.ar\/principal\/2026\/02\/25\/intento-de-suicidio-en-el-puente-peatonal-una-adolescente-fue-rescatada-a-tiempo\/","title":{"rendered":"Intento de suicidio en el puente peatonal: una adolescente fue rescatada a tiempo"},"content":{"rendered":"\n<p>Durante la tarde de este martes se vivieron momentos de tensi\u00f3n en el puente peatonal ubicado sobre la ex Ruta 7 y calle Guevara, en la ciudad de Mercedes, cuando una adolescente de 14 a\u00f1os intent\u00f3 arrojarse al vac\u00edo.<\/p>\n\n\n\n<figure class=\"wp-block-image size-large\"><img loading=\"lazy\" decoding=\"async\" width=\"1024\" height=\"536\" data-attachment-id=\"192530\" data-permalink=\"https:\/\/www.hoymercedes.com.ar\/principal\/2026\/02\/25\/intento-de-suicidio-en-el-puente-peatonal-una-adolescente-fue-rescatada-a-tiempo\/whatsapp-image-2026-02-25-at-14-55-52\/#main\" data-orig-file=\"https:\/\/www.hoymercedes.com.ar\/principal\/wp-content\/uploads\/2026\/02\/WhatsApp-Image-2026-02-25-at-14.55.52.jpeg\" data-orig-size=\"1079,565\" data-comments-opened=\"0\" data-image-meta=\"{&quot;aperture&quot;:&quot;0&quot;,&quot;credit&quot;:&quot;&quot;,&quot;camera&quot;:&quot;&quot;,&quot;caption&quot;:&quot;&quot;,&quot;created_timestamp&quot;:&quot;0&quot;,&quot;copyright&quot;:&quot;&quot;,&quot;focal_length&quot;:&quot;0&quot;,&quot;iso&quot;:&quot;0&quot;,&quot;shutter_speed&quot;:&quot;0&quot;,&quot;title&quot;:&quot;&quot;,&quot;orientation&quot;:&quot;0&quot;}\" data-image-title=\"WhatsApp Image 2026-02-25 at 14.55.52\" data-image-description=\"\" data-image-caption=\"\" data-large-file=\"https:\/\/www.hoymercedes.com.ar\/principal\/wp-content\/uploads\/2026\/02\/WhatsApp-Image-2026-02-25-at-14.55.52-1024x536.jpeg\" src=\"https:\/\/www.hoymercedes.com.ar\/principal\/wp-content\/uploads\/2026\/02\/WhatsApp-Image-2026-02-25-at-14.55.52-1024x536.jpeg\" alt=\"\" class=\"wp-image-192530\" srcset=\"https:\/\/www.hoymercedes.com.ar\/principal\/wp-content\/uploads\/2026\/02\/WhatsApp-Image-2026-02-25-at-14.55.52-1024x536.jpeg 1024w, https:\/\/www.hoymercedes.com.ar\/principal\/wp-content\/uploads\/2026\/02\/WhatsApp-Image-2026-02-25-at-14.55.52-630x330.jpeg 630w, https:\/\/www.hoymercedes.com.ar\/principal\/wp-content\/uploads\/2026\/02\/WhatsApp-Image-2026-02-25-at-14.55.52-150x79.jpeg 150w, https:\/\/www.hoymercedes.com.ar\/principal\/wp-content\/uploads\/2026\/02\/WhatsApp-Image-2026-02-25-at-14.55.52.jpeg 1079w\" sizes=\"auto, (max-width: 1024px) 100vw, 1024px\" \/><\/figure>\n\n\n\n<p>Seg\u00fan se inform\u00f3, un efectivo de la Polic\u00eda Bonaerense con experiencia en rescates que circulaba por la zona advirti\u00f3 la situaci\u00f3n y actu\u00f3 de inmediato, logrando contener a la joven antes de que se concretara el hecho.<\/p>\n\n\n\n<p>Minutos despu\u00e9s arribaron al lugar otros efectivos policiales y dotaciones de Bomberos Voluntarios, quienes colaboraron en el operativo. Mediante el uso de una escalera montada sobre una unidad de bomberos, consiguieron que la menor descendiera de forma segura.<\/p>\n\n\n\n<p>Posteriormente, la adolescente fue trasladada en ambulancia al Hospital San Andr\u00e9s para su evaluaci\u00f3n y atenci\u00f3n m\u00e9dica.<\/p>\n\n\n\n<p>Fuentes consultadas indicaron que no se trata de un hecho aislado: d\u00edas atr\u00e1s, personal policial tambi\u00e9n intervino a tiempo para evitar que otra joven se arrojara desde el mismo puente. Las autoridades reiteraron la importancia de la intervenci\u00f3n temprana y del acompa\u00f1amiento ante situaciones de crisis.<\/p>\n","protected":false},"excerpt":{"rendered":"<p>Durante la tarde de este martes se vivieron momentos de tensi\u00f3n en el puente peatonal ubicado sobre la ex Ruta &#8230; <a title=\"Intento de suicidio en el puente peatonal: una adolescente fue rescatada a tiempo\" class=\"read-more\" href=\"https:\/\/www.hoymercedes.com.ar\/principal\/2026\/02\/25\/intento-de-suicidio-en-el-puente-peatonal-una-adolescente-fue-rescatada-a-tiempo\/\" aria-label=\"Leer m\u00e1s sobre Intento de suicidio en el puente peatonal: una adolescente fue rescatada a tiempo\">Leer m\u00e1s<\/a><\/p>\n","protected":false},"author":1,"featured_media":192530,"comment_status":"closed","ping_status":"open","sticky":false,"template":"","format":"standard","meta":{"_monsterinsights_skip_tracking":false,"_monsterinsights_sitenote_active":false,"_monsterinsights_sitenote_note":"","_monsterinsights_sitenote_category":0,"jetpack_post_was_ever_published":false,"_jetpack_newsletter_access":"","_jetpack_dont_email_post_to_subs":false,"_jetpack_newsletter_tier_id":0,"_jetpack_memberships_contains_paywalled_content":false,"_jetpack_memberships_contains_paid_content":false,"footnotes":"","jetpack_publicize_message":"","jetpack_publicize_feature_enabled":true,"jetpack_social_post_already_shared":true,"jetpack_social_options":{"image_generator_settings":{"template":"highway","default_image_id":0,"font":"","enabled":false},"version":2},"_wpas_customize_per_network":false},"categories":[85],"tags":[],"class_list":["post-192529","post","type-post","status-publish","format-standard","has-post-thumbnail","hentry","category-policial","generate-columns","tablet-grid-50","mobile-grid-100","grid-parent","grid-50"],"jetpack_publicize_connections":[],"jetpack_featured_media_url":"https:\/\/www.hoymercedes.com.ar\/principal\/wp-content\/uploads\/2026\/02\/WhatsApp-Image-2026-02-25-at-14.55.52.jpeg","wps_subtitle":"","jetpack_sharing_enabled":true,"_links":{"self":[{"href":"https:\/\/www.hoymercedes.com.ar\/principal\/wp-json\/wp\/v2\/posts\/192529","targetHints":{"allow":["GET"]}}],"collection":[{"href":"https:\/\/www.hoymercedes.com.ar\/principal\/wp-json\/wp\/v2\/posts"}],"about":[{"href":"https:\/\/www.hoymercedes.com.ar\/principal\/wp-json\/wp\/v2\/types\/post"}],"author":[{"embeddable":true,"href":"https:\/\/www.hoymercedes.com.ar\/principal\/wp-json\/wp\/v2\/users\/1"}],"replies":[{"embeddable":true,"href":"https:\/\/www.hoymercedes.com.ar\/principal\/wp-json\/wp\/v2\/comments?post=192529"}],"version-history":[{"count":1,"href":"https:\/\/www.hoymercedes.com.ar\/principal\/wp-json\/wp\/v2\/posts\/192529\/revisions"}],"predecessor-version":[{"id":192531,"href":"https:\/\/www.hoymercedes.com.ar\/principal\/wp-json\/wp\/v2\/posts\/192529\/revisions\/192531"}],"wp:featuredmedia":[{"embeddable":true,"href":"https:\/\/www.hoymercedes.com.ar\/principal\/wp-json\/wp\/v2\/media\/192530"}],"wp:attachment":[{"href":"https:\/\/www.hoymercedes.com.ar\/principal\/wp-json\/wp\/v2\/media?parent=192529"}],"wp:term":[{"taxonomy":"category","embeddable":true,"href":"https:\/\/www.hoymercedes.com.ar\/principal\/wp-json\/wp\/v2\/categories?post=192529"},{"taxonomy":"post_tag","embeddable":true,"href":"https:\/\/www.hoymercedes.com.ar\/principal\/wp-json\/wp\/v2\/tags?post=192529"}],"curies":[{"name":"wp","href":"https:\/\/api.w.org\/{rel}","templated":true}]}}