{"id":192535,"date":"2026-02-25T16:22:00","date_gmt":"2026-02-25T19:22:00","guid":{"rendered":"https:\/\/www.hoymercedes.com.ar\/principal\/?p=192535"},"modified":"2026-02-25T15:26:36","modified_gmt":"2026-02-25T18:26:36","slug":"murio-un-motociclista-tras-un-choque-en-la-autovia-5","status":"publish","type":"post","link":"https:\/\/www.hoymercedes.com.ar\/principal\/2026\/02\/25\/murio-un-motociclista-tras-un-choque-en-la-autovia-5\/","title":{"rendered":"Muri\u00f3 un motociclista tras un choque en la Autov\u00eda 5"},"content":{"rendered":"\n<p>Con informaci\u00f3n de El Civismo. Un tr\u00e1gico siniestro vial ocurrido el domingo por la ma\u00f1ana en la Autov\u00eda 5 dej\u00f3 como saldo la muerte de un joven motociclista de 26 a\u00f1os, vecino de Mercedes.<\/p>\n\n\n\n<figure class=\"wp-block-image size-large\"><img loading=\"lazy\" decoding=\"async\" width=\"1024\" height=\"461\" data-attachment-id=\"192536\" data-permalink=\"https:\/\/www.hoymercedes.com.ar\/principal\/2026\/02\/25\/murio-un-motociclista-tras-un-choque-en-la-autovia-5\/whatsapp-image-2026-02-25-at-15-25-33\/#main\" data-orig-file=\"https:\/\/www.hoymercedes.com.ar\/principal\/wp-content\/uploads\/2026\/02\/WhatsApp-Image-2026-02-25-at-15.25.33.jpeg\" data-orig-size=\"1600,720\" data-comments-opened=\"0\" data-image-meta=\"{&quot;aperture&quot;:&quot;0&quot;,&quot;credit&quot;:&quot;&quot;,&quot;camera&quot;:&quot;&quot;,&quot;caption&quot;:&quot;&quot;,&quot;created_timestamp&quot;:&quot;0&quot;,&quot;copyright&quot;:&quot;&quot;,&quot;focal_length&quot;:&quot;0&quot;,&quot;iso&quot;:&quot;0&quot;,&quot;shutter_speed&quot;:&quot;0&quot;,&quot;title&quot;:&quot;&quot;,&quot;orientation&quot;:&quot;0&quot;}\" data-image-title=\"WhatsApp Image 2026-02-25 at 15.25.33\" data-image-description=\"\" data-image-caption=\"\" data-large-file=\"https:\/\/www.hoymercedes.com.ar\/principal\/wp-content\/uploads\/2026\/02\/WhatsApp-Image-2026-02-25-at-15.25.33-1024x461.jpeg\" src=\"https:\/\/www.hoymercedes.com.ar\/principal\/wp-content\/uploads\/2026\/02\/WhatsApp-Image-2026-02-25-at-15.25.33-1024x461.jpeg\" alt=\"\" class=\"wp-image-192536\" srcset=\"https:\/\/www.hoymercedes.com.ar\/principal\/wp-content\/uploads\/2026\/02\/WhatsApp-Image-2026-02-25-at-15.25.33-1024x461.jpeg 1024w, https:\/\/www.hoymercedes.com.ar\/principal\/wp-content\/uploads\/2026\/02\/WhatsApp-Image-2026-02-25-at-15.25.33-630x284.jpeg 630w, https:\/\/www.hoymercedes.com.ar\/principal\/wp-content\/uploads\/2026\/02\/WhatsApp-Image-2026-02-25-at-15.25.33-150x68.jpeg 150w, https:\/\/www.hoymercedes.com.ar\/principal\/wp-content\/uploads\/2026\/02\/WhatsApp-Image-2026-02-25-at-15.25.33-1536x691.jpeg 1536w, https:\/\/www.hoymercedes.com.ar\/principal\/wp-content\/uploads\/2026\/02\/WhatsApp-Image-2026-02-25-at-15.25.33.jpeg 1600w\" sizes=\"auto, (max-width: 1024px) 100vw, 1024px\" \/><\/figure>\n\n\n\n<p>El hecho se registr\u00f3 alrededor de las 6 a la altura del kil\u00f3metro 79, en jurisdicci\u00f3n de Olivera, partido de Luj\u00e1n. Seg\u00fan fuentes policiales, personal del Comando de Patrullas acudi\u00f3 al lugar tras un llamado al 911 que alertaba sobre un accidente con una v\u00edctima fatal.<\/p>\n\n\n\n<p>Al arribar, los efectivos encontraron una motocicleta Zanella Sol de 50 cc, de color rojo y sin dominio colocado, detenida sobre la banquina del carril r\u00e1pido en sentido hacia Luj\u00e1n. A pocos metros estaba el otro veh\u00edculo involucrado, un Chevrolet Prisma conducido por un hombre de 61 a\u00f1os, quien por causas que se investigan habr\u00eda impactado contra la moto cuando ambos circulaban en la misma direcci\u00f3n.<\/p>\n\n\n\n<figure class=\"wp-block-image size-large\"><img loading=\"lazy\" decoding=\"async\" width=\"1024\" height=\"461\" data-attachment-id=\"192537\" data-permalink=\"https:\/\/www.hoymercedes.com.ar\/principal\/2026\/02\/25\/murio-un-motociclista-tras-un-choque-en-la-autovia-5\/whatsapp-image-2026-02-25-at-15-25-40\/#main\" data-orig-file=\"https:\/\/www.hoymercedes.com.ar\/principal\/wp-content\/uploads\/2026\/02\/WhatsApp-Image-2026-02-25-at-15.25.40.jpeg\" data-orig-size=\"1600,720\" data-comments-opened=\"0\" data-image-meta=\"{&quot;aperture&quot;:&quot;0&quot;,&quot;credit&quot;:&quot;&quot;,&quot;camera&quot;:&quot;&quot;,&quot;caption&quot;:&quot;&quot;,&quot;created_timestamp&quot;:&quot;0&quot;,&quot;copyright&quot;:&quot;&quot;,&quot;focal_length&quot;:&quot;0&quot;,&quot;iso&quot;:&quot;0&quot;,&quot;shutter_speed&quot;:&quot;0&quot;,&quot;title&quot;:&quot;&quot;,&quot;orientation&quot;:&quot;0&quot;}\" data-image-title=\"WhatsApp Image 2026-02-25 at 15.25.40\" data-image-description=\"\" data-image-caption=\"\" data-large-file=\"https:\/\/www.hoymercedes.com.ar\/principal\/wp-content\/uploads\/2026\/02\/WhatsApp-Image-2026-02-25-at-15.25.40-1024x461.jpeg\" src=\"https:\/\/www.hoymercedes.com.ar\/principal\/wp-content\/uploads\/2026\/02\/WhatsApp-Image-2026-02-25-at-15.25.40-1024x461.jpeg\" alt=\"\" class=\"wp-image-192537\" srcset=\"https:\/\/www.hoymercedes.com.ar\/principal\/wp-content\/uploads\/2026\/02\/WhatsApp-Image-2026-02-25-at-15.25.40-1024x461.jpeg 1024w, https:\/\/www.hoymercedes.com.ar\/principal\/wp-content\/uploads\/2026\/02\/WhatsApp-Image-2026-02-25-at-15.25.40-630x284.jpeg 630w, https:\/\/www.hoymercedes.com.ar\/principal\/wp-content\/uploads\/2026\/02\/WhatsApp-Image-2026-02-25-at-15.25.40-150x68.jpeg 150w, https:\/\/www.hoymercedes.com.ar\/principal\/wp-content\/uploads\/2026\/02\/WhatsApp-Image-2026-02-25-at-15.25.40-1536x691.jpeg 1536w, https:\/\/www.hoymercedes.com.ar\/principal\/wp-content\/uploads\/2026\/02\/WhatsApp-Image-2026-02-25-at-15.25.40.jpeg 1600w\" sizes=\"auto, (max-width: 1024px) 100vw, 1024px\" \/><\/figure>\n\n\n\n<p>La v\u00edctima fue identificada como Ezequiel Ozcoide, de 26 a\u00f1os, quien falleci\u00f3 en el lugar como consecuencia del violento impacto.<\/p>\n\n\n\n<p>La causa fue caratulada como \u201chomicidio culposo\u201d e interviene la Fiscal\u00eda N\u00ba 10. La fiscal dispuso pericias, test de alcoholemia y la extracci\u00f3n de muestras al conductor del autom\u00f3vil, adem\u00e1s del relevamiento de c\u00e1maras del peaje de Olivera para esclarecer la mec\u00e1nica del hecho.<\/p>\n\n\n\n<p>Durante varias horas la autov\u00eda permaneci\u00f3 con restricciones al tr\u00e1nsito mientras trabajaban los peritos.<\/p>\n","protected":false},"excerpt":{"rendered":"<p>Con informaci\u00f3n de El Civismo. Un tr\u00e1gico siniestro vial ocurrido el domingo por la ma\u00f1ana en la Autov\u00eda 5 dej\u00f3 &#8230; <a title=\"Muri\u00f3 un motociclista tras un choque en la Autov\u00eda 5\" class=\"read-more\" href=\"https:\/\/www.hoymercedes.com.ar\/principal\/2026\/02\/25\/murio-un-motociclista-tras-un-choque-en-la-autovia-5\/\" aria-label=\"Leer m\u00e1s sobre Muri\u00f3 un motociclista tras un choque en la Autov\u00eda 5\">Leer m\u00e1s<\/a><\/p>\n","protected":false},"author":1,"featured_media":192536,"comment_status":"closed","ping_status":"open","sticky":false,"template":"","format":"standard","meta":{"_monsterinsights_skip_tracking":false,"_monsterinsights_sitenote_active":false,"_monsterinsights_sitenote_note":"","_monsterinsights_sitenote_category":0,"jetpack_post_was_ever_published":false,"_jetpack_newsletter_access":"","_jetpack_dont_email_post_to_subs":false,"_jetpack_newsletter_tier_id":0,"_jetpack_memberships_contains_paywalled_content":false,"_jetpack_memberships_contains_paid_content":false,"footnotes":"","jetpack_publicize_message":"","jetpack_publicize_feature_enabled":true,"jetpack_social_post_already_shared":true,"jetpack_social_options":{"image_generator_settings":{"template":"highway","default_image_id":0,"font":"","enabled":false},"version":2},"_wpas_customize_per_network":false},"categories":[85],"tags":[],"class_list":["post-192535","post","type-post","status-publish","format-standard","has-post-thumbnail","hentry","category-policial","generate-columns","tablet-grid-50","mobile-grid-100","grid-parent","grid-50"],"jetpack_publicize_connections":[],"jetpack_featured_media_url":"https:\/\/www.hoymercedes.com.ar\/principal\/wp-content\/uploads\/2026\/02\/WhatsApp-Image-2026-02-25-at-15.25.33.jpeg","wps_subtitle":"","jetpack_sharing_enabled":true,"_links":{"self":[{"href":"https:\/\/www.hoymercedes.com.ar\/principal\/wp-json\/wp\/v2\/posts\/192535","targetHints":{"allow":["GET"]}}],"collection":[{"href":"https:\/\/www.hoymercedes.com.ar\/principal\/wp-json\/wp\/v2\/posts"}],"about":[{"href":"https:\/\/www.hoymercedes.com.ar\/principal\/wp-json\/wp\/v2\/types\/post"}],"author":[{"embeddable":true,"href":"https:\/\/www.hoymercedes.com.ar\/principal\/wp-json\/wp\/v2\/users\/1"}],"replies":[{"embeddable":true,"href":"https:\/\/www.hoymercedes.com.ar\/principal\/wp-json\/wp\/v2\/comments?post=192535"}],"version-history":[{"count":1,"href":"https:\/\/www.hoymercedes.com.ar\/principal\/wp-json\/wp\/v2\/posts\/192535\/revisions"}],"predecessor-version":[{"id":192538,"href":"https:\/\/www.hoymercedes.com.ar\/principal\/wp-json\/wp\/v2\/posts\/192535\/revisions\/192538"}],"wp:featuredmedia":[{"embeddable":true,"href":"https:\/\/www.hoymercedes.com.ar\/principal\/wp-json\/wp\/v2\/media\/192536"}],"wp:attachment":[{"href":"https:\/\/www.hoymercedes.com.ar\/principal\/wp-json\/wp\/v2\/media?parent=192535"}],"wp:term":[{"taxonomy":"category","embeddable":true,"href":"https:\/\/www.hoymercedes.com.ar\/principal\/wp-json\/wp\/v2\/categories?post=192535"},{"taxonomy":"post_tag","embeddable":true,"href":"https:\/\/www.hoymercedes.com.ar\/principal\/wp-json\/wp\/v2\/tags?post=192535"}],"curies":[{"name":"wp","href":"https:\/\/api.w.org\/{rel}","templated":true}]}}