{"id":192539,"date":"2026-02-25T20:22:58","date_gmt":"2026-02-25T23:22:58","guid":{"rendered":"https:\/\/www.hoymercedes.com.ar\/principal\/?p=192539"},"modified":"2026-02-25T20:23:01","modified_gmt":"2026-02-25T23:23:01","slug":"unidad-n5-conmemoro-con-nutrido-acto-sus-150-anos","status":"publish","type":"post","link":"https:\/\/www.hoymercedes.com.ar\/principal\/2026\/02\/25\/unidad-n5-conmemoro-con-nutrido-acto-sus-150-anos\/","title":{"rendered":"Unidad N\u00b05 conmemor\u00f3 con nutrido acto sus 150 a\u00f1os"},"content":{"rendered":"\n<figure class=\"wp-block-image size-large is-resized\"><img loading=\"lazy\" decoding=\"async\" width=\"1024\" height=\"683\" data-attachment-id=\"192540\" data-permalink=\"https:\/\/www.hoymercedes.com.ar\/principal\/2026\/02\/25\/unidad-n5-conmemoro-con-nutrido-acto-sus-150-anos\/a1-2\/#main\" data-orig-file=\"https:\/\/www.hoymercedes.com.ar\/principal\/wp-content\/uploads\/2026\/02\/A1.jpg\" data-orig-size=\"2048,1365\" data-comments-opened=\"0\" data-image-meta=\"{&quot;aperture&quot;:&quot;0&quot;,&quot;credit&quot;:&quot;&quot;,&quot;camera&quot;:&quot;&quot;,&quot;caption&quot;:&quot;&quot;,&quot;created_timestamp&quot;:&quot;0&quot;,&quot;copyright&quot;:&quot;&quot;,&quot;focal_length&quot;:&quot;0&quot;,&quot;iso&quot;:&quot;0&quot;,&quot;shutter_speed&quot;:&quot;0&quot;,&quot;title&quot;:&quot;&quot;,&quot;orientation&quot;:&quot;0&quot;}\" data-image-title=\"A1\" data-image-description=\"\" data-image-caption=\"\" data-large-file=\"https:\/\/www.hoymercedes.com.ar\/principal\/wp-content\/uploads\/2026\/02\/A1-1024x683.jpg\" src=\"https:\/\/www.hoymercedes.com.ar\/principal\/wp-content\/uploads\/2026\/02\/A1-1024x683.jpg\" alt=\"\" class=\"wp-image-192540\" style=\"width:1058px;height:auto\" srcset=\"https:\/\/www.hoymercedes.com.ar\/principal\/wp-content\/uploads\/2026\/02\/A1-1024x683.jpg 1024w, https:\/\/www.hoymercedes.com.ar\/principal\/wp-content\/uploads\/2026\/02\/A1-630x420.jpg 630w, https:\/\/www.hoymercedes.com.ar\/principal\/wp-content\/uploads\/2026\/02\/A1-150x100.jpg 150w, https:\/\/www.hoymercedes.com.ar\/principal\/wp-content\/uploads\/2026\/02\/A1-1536x1024.jpg 1536w, https:\/\/www.hoymercedes.com.ar\/principal\/wp-content\/uploads\/2026\/02\/A1.jpg 2048w\" sizes=\"auto, (max-width: 1024px) 100vw, 1024px\" \/><\/figure>\n\n\n\n<p>La Unidad N\u00b0 5 de Mercedes, un pilar fundamental en la historia carcelaria de nuestro pa\u00eds por ser uno de los primeros establecimientos en funcionamiento a nivel nacional, celebr\u00f3 este martes su 150\u00b0 aniversario. El evento consisti\u00f3 en un emotivo acto donde se galardon\u00f3 a un destacado grupo de trabajadores, quienes estuvieron acompa\u00f1ados por sus familiares en una jornada que combin\u00f3 el prestigio institucional con el reconocimiento a la trayectoria humana.<\/p>\n\n\n\n<p>Durante la ceremonia de ascenso, las autoridades destacaron que el cambio de jerarqu\u00edas no representa un simple tr\u00e1mite administrativo, sino que funciona como una confirmaci\u00f3n del trabajo de excelencia realizado por el personal. En este sentido, el Inspector Mayor Roberto Frade, Director de la Unidad, se dirigi\u00f3 al p\u00fablico para resaltar la vocaci\u00f3n de servicio y el firme compromiso con la sociedad que la entidad ha practicado de manera ininterrumpida desde sus primeros tiempos.<\/p>\n\n\n\n<p>El acto cont\u00f3 con la presencia del Jefe del Servicio Penitenciario Provincial, <strong>Dr. Xavier Arenses,<\/strong> quien transmiti\u00f3 el reconocimiento del Ministro de Justicia y Derechos Humanos, Dr. Juan Mart\u00edn Mena, y del Gobernador Axel Kicillof. Arenses extendi\u00f3 el saludo especialmente a los ex directores presentes, valorando que hayan entregado su vida y su esfuerzo junto al personal para mantener la unidad de pie y jerarquizar a la instituci\u00f3n a lo largo de las d\u00e9cadas.<\/p>\n\n\n\n<p>Por su parte, el Intendente <strong>Juan Ignacio Ustarroz<\/strong> acompa\u00f1\u00f3 la celebraci\u00f3n y record\u00f3 el fuerte v\u00ednculo que une a la Unidad con el municipio de Mercedes. El jefe comunal hizo hincapi\u00e9 en el trabajo social que se desarrolla de forma conjunta, destacando la asistencia a comedores y los programas solidarios que se gestan dentro de los muros. <strong>Ustarroz <\/strong>se\u00f1al\u00f3 que existe una labor fundamental en los talleres de la Unidad que muchas veces la ciudadan\u00eda desconoce, pero que resulta vital para la comunidad local.<\/p>\n\n\n\n<p>Finalmente, el Intendente cerr\u00f3 su intervenci\u00f3n reconociendo la importancia de mantener la esperanza y la solidaridad en tiempos dif\u00edciles. Subray\u00f3 que la unidad y el trabajo mancomunado entre las diversas entidades presentes son el camino para seguir fortaleciendo el tejido social de la ciudad, tomando como ejemplo la historia de compromiso que representa este sesquicentenario de la instituci\u00f3n penitenciaria.<\/p>\n\n\n\n<figure class=\"wp-block-image size-large is-resized\"><img loading=\"lazy\" decoding=\"async\" width=\"1024\" height=\"683\" data-attachment-id=\"192541\" data-permalink=\"https:\/\/www.hoymercedes.com.ar\/principal\/2026\/02\/25\/unidad-n5-conmemoro-con-nutrido-acto-sus-150-anos\/a2-2\/#main\" data-orig-file=\"https:\/\/www.hoymercedes.com.ar\/principal\/wp-content\/uploads\/2026\/02\/A2.jpg\" data-orig-size=\"2048,1365\" data-comments-opened=\"0\" data-image-meta=\"{&quot;aperture&quot;:&quot;0&quot;,&quot;credit&quot;:&quot;&quot;,&quot;camera&quot;:&quot;&quot;,&quot;caption&quot;:&quot;&quot;,&quot;created_timestamp&quot;:&quot;0&quot;,&quot;copyright&quot;:&quot;&quot;,&quot;focal_length&quot;:&quot;0&quot;,&quot;iso&quot;:&quot;0&quot;,&quot;shutter_speed&quot;:&quot;0&quot;,&quot;title&quot;:&quot;&quot;,&quot;orientation&quot;:&quot;0&quot;}\" data-image-title=\"A2\" data-image-description=\"\" data-image-caption=\"\" data-large-file=\"https:\/\/www.hoymercedes.com.ar\/principal\/wp-content\/uploads\/2026\/02\/A2-1024x683.jpg\" src=\"https:\/\/www.hoymercedes.com.ar\/principal\/wp-content\/uploads\/2026\/02\/A2-1024x683.jpg\" alt=\"\" class=\"wp-image-192541\" style=\"width:1059px;height:auto\" srcset=\"https:\/\/www.hoymercedes.com.ar\/principal\/wp-content\/uploads\/2026\/02\/A2-1024x683.jpg 1024w, https:\/\/www.hoymercedes.com.ar\/principal\/wp-content\/uploads\/2026\/02\/A2-630x420.jpg 630w, https:\/\/www.hoymercedes.com.ar\/principal\/wp-content\/uploads\/2026\/02\/A2-150x100.jpg 150w, https:\/\/www.hoymercedes.com.ar\/principal\/wp-content\/uploads\/2026\/02\/A2-1536x1024.jpg 1536w, https:\/\/www.hoymercedes.com.ar\/principal\/wp-content\/uploads\/2026\/02\/A2.jpg 2048w\" sizes=\"auto, (max-width: 1024px) 100vw, 1024px\" \/><\/figure>\n\n\n\n<p>Foto: Facebook municipalidad<\/p>\n","protected":false},"excerpt":{"rendered":"<p>La Unidad N\u00b0 5 de Mercedes, un pilar fundamental en la historia carcelaria de nuestro pa\u00eds por ser uno de &#8230; <a title=\"Unidad N\u00b05 conmemor\u00f3 con nutrido acto sus 150 a\u00f1os\" class=\"read-more\" href=\"https:\/\/www.hoymercedes.com.ar\/principal\/2026\/02\/25\/unidad-n5-conmemoro-con-nutrido-acto-sus-150-anos\/\" aria-label=\"Leer m\u00e1s sobre Unidad N\u00b05 conmemor\u00f3 con nutrido acto sus 150 a\u00f1os\">Leer m\u00e1s<\/a><\/p>\n","protected":false},"author":1,"featured_media":0,"comment_status":"closed","ping_status":"open","sticky":false,"template":"","format":"standard","meta":{"_monsterinsights_skip_tracking":false,"_monsterinsights_sitenote_active":false,"_monsterinsights_sitenote_note":"","_monsterinsights_sitenote_category":0,"jetpack_post_was_ever_published":false,"_jetpack_newsletter_access":"","_jetpack_dont_email_post_to_subs":false,"_jetpack_newsletter_tier_id":0,"_jetpack_memberships_contains_paywalled_content":false,"_jetpack_memberships_contains_paid_content":false,"footnotes":"","jetpack_publicize_message":"","jetpack_publicize_feature_enabled":true,"jetpack_social_post_already_shared":true,"jetpack_social_options":{"image_generator_settings":{"template":"highway","default_image_id":0,"font":"","enabled":false},"version":2},"_wpas_customize_per_network":false},"categories":[8],"tags":[20995,20996,424],"class_list":["post-192539","post","type-post","status-publish","format-standard","hentry","category-sociedad","tag-aniversario-unidad-n5","tag-roberto-frede","tag-ustarroz","generate-columns","tablet-grid-50","mobile-grid-100","grid-parent","grid-50"],"jetpack_publicize_connections":[],"jetpack_featured_media_url":"","wps_subtitle":"Instituciones","jetpack_sharing_enabled":true,"_links":{"self":[{"href":"https:\/\/www.hoymercedes.com.ar\/principal\/wp-json\/wp\/v2\/posts\/192539","targetHints":{"allow":["GET"]}}],"collection":[{"href":"https:\/\/www.hoymercedes.com.ar\/principal\/wp-json\/wp\/v2\/posts"}],"about":[{"href":"https:\/\/www.hoymercedes.com.ar\/principal\/wp-json\/wp\/v2\/types\/post"}],"author":[{"embeddable":true,"href":"https:\/\/www.hoymercedes.com.ar\/principal\/wp-json\/wp\/v2\/users\/1"}],"replies":[{"embeddable":true,"href":"https:\/\/www.hoymercedes.com.ar\/principal\/wp-json\/wp\/v2\/comments?post=192539"}],"version-history":[{"count":2,"href":"https:\/\/www.hoymercedes.com.ar\/principal\/wp-json\/wp\/v2\/posts\/192539\/revisions"}],"predecessor-version":[{"id":192543,"href":"https:\/\/www.hoymercedes.com.ar\/principal\/wp-json\/wp\/v2\/posts\/192539\/revisions\/192543"}],"wp:attachment":[{"href":"https:\/\/www.hoymercedes.com.ar\/principal\/wp-json\/wp\/v2\/media?parent=192539"}],"wp:term":[{"taxonomy":"category","embeddable":true,"href":"https:\/\/www.hoymercedes.com.ar\/principal\/wp-json\/wp\/v2\/categories?post=192539"},{"taxonomy":"post_tag","embeddable":true,"href":"https:\/\/www.hoymercedes.com.ar\/principal\/wp-json\/wp\/v2\/tags?post=192539"}],"curies":[{"name":"wp","href":"https:\/\/api.w.org\/{rel}","templated":true}]}}