{"id":192544,"date":"2026-02-25T21:04:13","date_gmt":"2026-02-26T00:04:13","guid":{"rendered":"https:\/\/www.hoymercedes.com.ar\/principal\/?p=192544"},"modified":"2026-02-26T13:32:18","modified_gmt":"2026-02-26T16:32:18","slug":"joven-mercedino-grave-tras-siniestro-vial","status":"publish","type":"post","link":"https:\/\/www.hoymercedes.com.ar\/principal\/2026\/02\/25\/joven-mercedino-grave-tras-siniestro-vial\/","title":{"rendered":"Joven mercedino grave tras siniestro vial"},"content":{"rendered":"\n<p>Un siniestro vial de gravedad se produjo involucrando a un joven de 14 a\u00f1os en calle 14 entre 103 y 105. El menos debi\u00f3 ser hospitalizado y posteriormente trasladado a una instancia de mayor complejidad m\u00e9dica.<\/p>\n\n\n\n<p>El otro involucrado en el siniestro es un hombre de 42 a\u00f1os.<\/p>\n\n\n\n<p>Seg\u00fan se supo el mayor iba en un Ford K mientras que el menor lo hac\u00eda en una motocicleta 110cc.<\/p>\n\n\n\n<p>Intervino el SAME, Polic\u00eda Comunal y Cient\u00edfica. Aparentemente ten\u00eda un fuerte golpe en su cabeza, que es lo que llev\u00f3 a la necesaria atenci\u00f3n m\u00e9dica siendo el nosocomio local el encargado de las primeras acciones sanitarias.<\/p>\n\n\n\n<p>El hecho qued\u00f3 a instancias de la U.F.I N\u00b04.<\/p>\n","protected":false},"excerpt":{"rendered":"<p>Un siniestro vial de gravedad se produjo involucrando a un joven de 14 a\u00f1os en calle 14 entre 103 y &#8230; <a title=\"Joven mercedino grave tras siniestro vial\" class=\"read-more\" href=\"https:\/\/www.hoymercedes.com.ar\/principal\/2026\/02\/25\/joven-mercedino-grave-tras-siniestro-vial\/\" aria-label=\"Leer m\u00e1s sobre Joven mercedino grave tras siniestro vial\">Leer m\u00e1s<\/a><\/p>\n","protected":false},"author":1,"featured_media":191587,"comment_status":"closed","ping_status":"open","sticky":false,"template":"","format":"standard","meta":{"_monsterinsights_skip_tracking":false,"_monsterinsights_sitenote_active":false,"_monsterinsights_sitenote_note":"","_monsterinsights_sitenote_category":0,"jetpack_post_was_ever_published":false,"_jetpack_newsletter_access":"","_jetpack_dont_email_post_to_subs":false,"_jetpack_newsletter_tier_id":0,"_jetpack_memberships_contains_paywalled_content":false,"_jetpack_memberships_contains_paid_content":false,"footnotes":"","jetpack_publicize_message":"","jetpack_publicize_feature_enabled":true,"jetpack_social_post_already_shared":true,"jetpack_social_options":{"image_generator_settings":{"template":"highway","default_image_id":0,"font":"","enabled":false},"version":2},"_wpas_customize_per_network":false},"categories":[85],"tags":[295,626,10395],"class_list":["post-192544","post","type-post","status-publish","format-standard","has-post-thumbnail","hentry","category-policial","tag-hospital","tag-seguridad-vial","tag-siniestro-vial","generate-columns","tablet-grid-50","mobile-grid-100","grid-parent","grid-50"],"jetpack_publicize_connections":[],"jetpack_featured_media_url":"https:\/\/www.hoymercedes.com.ar\/principal\/wp-content\/uploads\/2026\/02\/Hospital-1.jpeg","wps_subtitle":"","jetpack_sharing_enabled":true,"_links":{"self":[{"href":"https:\/\/www.hoymercedes.com.ar\/principal\/wp-json\/wp\/v2\/posts\/192544","targetHints":{"allow":["GET"]}}],"collection":[{"href":"https:\/\/www.hoymercedes.com.ar\/principal\/wp-json\/wp\/v2\/posts"}],"about":[{"href":"https:\/\/www.hoymercedes.com.ar\/principal\/wp-json\/wp\/v2\/types\/post"}],"author":[{"embeddable":true,"href":"https:\/\/www.hoymercedes.com.ar\/principal\/wp-json\/wp\/v2\/users\/1"}],"replies":[{"embeddable":true,"href":"https:\/\/www.hoymercedes.com.ar\/principal\/wp-json\/wp\/v2\/comments?post=192544"}],"version-history":[{"count":2,"href":"https:\/\/www.hoymercedes.com.ar\/principal\/wp-json\/wp\/v2\/posts\/192544\/revisions"}],"predecessor-version":[{"id":192565,"href":"https:\/\/www.hoymercedes.com.ar\/principal\/wp-json\/wp\/v2\/posts\/192544\/revisions\/192565"}],"wp:featuredmedia":[{"embeddable":true,"href":"https:\/\/www.hoymercedes.com.ar\/principal\/wp-json\/wp\/v2\/media\/191587"}],"wp:attachment":[{"href":"https:\/\/www.hoymercedes.com.ar\/principal\/wp-json\/wp\/v2\/media?parent=192544"}],"wp:term":[{"taxonomy":"category","embeddable":true,"href":"https:\/\/www.hoymercedes.com.ar\/principal\/wp-json\/wp\/v2\/categories?post=192544"},{"taxonomy":"post_tag","embeddable":true,"href":"https:\/\/www.hoymercedes.com.ar\/principal\/wp-json\/wp\/v2\/tags?post=192544"}],"curies":[{"name":"wp","href":"https:\/\/api.w.org\/{rel}","templated":true}]}}