{"id":192549,"date":"2026-02-26T11:55:56","date_gmt":"2026-02-26T14:55:56","guid":{"rendered":"https:\/\/www.hoymercedes.com.ar\/principal\/?p=192549"},"modified":"2026-02-26T11:56:02","modified_gmt":"2026-02-26T14:56:02","slug":"principio-de-incendio-en-fabrica-fue-rapidamente-sofocado","status":"publish","type":"post","link":"https:\/\/www.hoymercedes.com.ar\/principal\/2026\/02\/26\/principio-de-incendio-en-fabrica-fue-rapidamente-sofocado\/","title":{"rendered":"Principio de incendio en f\u00e1brica fue r\u00e1pidamente sofocado"},"content":{"rendered":"\n<p>Personal de la empresa Sanmart\u00edn logr\u00f3 r\u00e1pidamente sofocar un incendio que se produjo en uno de sus espacios productivos. El personal de los Bomberos Voluntarios fue hasta el lugar.<\/p>\n\n\n\n<figure class=\"wp-block-image size-full\"><img loading=\"lazy\" decoding=\"async\" width=\"640\" height=\"360\" data-attachment-id=\"192550\" data-permalink=\"https:\/\/www.hoymercedes.com.ar\/principal\/2026\/02\/26\/principio-de-incendio-en-fabrica-fue-rapidamente-sofocado\/whatsapp-image-2026-02-26-at-11-54-21\/#main\" data-orig-file=\"https:\/\/www.hoymercedes.com.ar\/principal\/wp-content\/uploads\/2026\/02\/WhatsApp-Image-2026-02-26-at-11.54.21.jpeg\" data-orig-size=\"640,360\" data-comments-opened=\"0\" data-image-meta=\"{&quot;aperture&quot;:&quot;0&quot;,&quot;credit&quot;:&quot;&quot;,&quot;camera&quot;:&quot;&quot;,&quot;caption&quot;:&quot;&quot;,&quot;created_timestamp&quot;:&quot;0&quot;,&quot;copyright&quot;:&quot;&quot;,&quot;focal_length&quot;:&quot;0&quot;,&quot;iso&quot;:&quot;0&quot;,&quot;shutter_speed&quot;:&quot;0&quot;,&quot;title&quot;:&quot;&quot;,&quot;orientation&quot;:&quot;0&quot;}\" data-image-title=\"WhatsApp Image 2026-02-26 at 11.54.21\" data-image-description=\"\" data-image-caption=\"\" data-large-file=\"https:\/\/www.hoymercedes.com.ar\/principal\/wp-content\/uploads\/2026\/02\/WhatsApp-Image-2026-02-26-at-11.54.21.jpeg\" src=\"https:\/\/www.hoymercedes.com.ar\/principal\/wp-content\/uploads\/2026\/02\/WhatsApp-Image-2026-02-26-at-11.54.21.jpeg\" alt=\"\" class=\"wp-image-192550\" srcset=\"https:\/\/www.hoymercedes.com.ar\/principal\/wp-content\/uploads\/2026\/02\/WhatsApp-Image-2026-02-26-at-11.54.21.jpeg 640w, https:\/\/www.hoymercedes.com.ar\/principal\/wp-content\/uploads\/2026\/02\/WhatsApp-Image-2026-02-26-at-11.54.21-630x354.jpeg 630w, https:\/\/www.hoymercedes.com.ar\/principal\/wp-content\/uploads\/2026\/02\/WhatsApp-Image-2026-02-26-at-11.54.21-150x84.jpeg 150w\" sizes=\"auto, (max-width: 640px) 100vw, 640px\" \/><\/figure>\n\n\n\n<p><br>Seg\u00fan se supo, los Bomberos recibieron la alerta en horas de la ma\u00f1ana de este jueves mientras la f\u00e1brica estaba en sus habituales acciones productivas.<\/p>\n\n\n\n<p><br>Al llegar al lugar, encontraron que los operarios, r\u00e1pidos y atentos, hab\u00edan logrado controlar y sofocar el principio de incendio, que, como se sabe, puede ser peligroso en este tipo de unidades productivas.<\/p>\n\n\n\n<p><br>Finalmente, nada pas\u00f3 a mayores y las tareas continuaron con normalidad.<\/p>\n","protected":false},"excerpt":{"rendered":"<p>Personal de la empresa Sanmart\u00edn logr\u00f3 r\u00e1pidamente sofocar un incendio que se produjo en uno de sus espacios productivos. El &#8230; <a title=\"Principio de incendio en f\u00e1brica fue r\u00e1pidamente sofocado\" class=\"read-more\" href=\"https:\/\/www.hoymercedes.com.ar\/principal\/2026\/02\/26\/principio-de-incendio-en-fabrica-fue-rapidamente-sofocado\/\" aria-label=\"Leer m\u00e1s sobre Principio de incendio en f\u00e1brica fue r\u00e1pidamente sofocado\">Leer m\u00e1s<\/a><\/p>\n","protected":false},"author":1,"featured_media":192550,"comment_status":"closed","ping_status":"open","sticky":false,"template":"","format":"standard","meta":{"_monsterinsights_skip_tracking":false,"_monsterinsights_sitenote_active":false,"_monsterinsights_sitenote_note":"","_monsterinsights_sitenote_category":0,"jetpack_post_was_ever_published":false,"_jetpack_newsletter_access":"","_jetpack_dont_email_post_to_subs":false,"_jetpack_newsletter_tier_id":0,"_jetpack_memberships_contains_paywalled_content":false,"_jetpack_memberships_contains_paid_content":false,"footnotes":"","jetpack_publicize_message":"","jetpack_publicize_feature_enabled":true,"jetpack_social_post_already_shared":true,"jetpack_social_options":{"image_generator_settings":{"template":"highway","default_image_id":0,"font":"","enabled":false},"version":2},"_wpas_customize_per_network":false},"categories":[85],"tags":[],"class_list":["post-192549","post","type-post","status-publish","format-standard","has-post-thumbnail","hentry","category-policial","generate-columns","tablet-grid-50","mobile-grid-100","grid-parent","grid-50"],"jetpack_publicize_connections":[],"jetpack_featured_media_url":"https:\/\/www.hoymercedes.com.ar\/principal\/wp-content\/uploads\/2026\/02\/WhatsApp-Image-2026-02-26-at-11.54.21.jpeg","wps_subtitle":"","jetpack_sharing_enabled":true,"_links":{"self":[{"href":"https:\/\/www.hoymercedes.com.ar\/principal\/wp-json\/wp\/v2\/posts\/192549","targetHints":{"allow":["GET"]}}],"collection":[{"href":"https:\/\/www.hoymercedes.com.ar\/principal\/wp-json\/wp\/v2\/posts"}],"about":[{"href":"https:\/\/www.hoymercedes.com.ar\/principal\/wp-json\/wp\/v2\/types\/post"}],"author":[{"embeddable":true,"href":"https:\/\/www.hoymercedes.com.ar\/principal\/wp-json\/wp\/v2\/users\/1"}],"replies":[{"embeddable":true,"href":"https:\/\/www.hoymercedes.com.ar\/principal\/wp-json\/wp\/v2\/comments?post=192549"}],"version-history":[{"count":1,"href":"https:\/\/www.hoymercedes.com.ar\/principal\/wp-json\/wp\/v2\/posts\/192549\/revisions"}],"predecessor-version":[{"id":192551,"href":"https:\/\/www.hoymercedes.com.ar\/principal\/wp-json\/wp\/v2\/posts\/192549\/revisions\/192551"}],"wp:featuredmedia":[{"embeddable":true,"href":"https:\/\/www.hoymercedes.com.ar\/principal\/wp-json\/wp\/v2\/media\/192550"}],"wp:attachment":[{"href":"https:\/\/www.hoymercedes.com.ar\/principal\/wp-json\/wp\/v2\/media?parent=192549"}],"wp:term":[{"taxonomy":"category","embeddable":true,"href":"https:\/\/www.hoymercedes.com.ar\/principal\/wp-json\/wp\/v2\/categories?post=192549"},{"taxonomy":"post_tag","embeddable":true,"href":"https:\/\/www.hoymercedes.com.ar\/principal\/wp-json\/wp\/v2\/tags?post=192549"}],"curies":[{"name":"wp","href":"https:\/\/api.w.org\/{rel}","templated":true}]}}