{"id":192562,"date":"2026-02-26T15:25:00","date_gmt":"2026-02-26T18:25:00","guid":{"rendered":"https:\/\/www.hoymercedes.com.ar\/principal\/?p=192562"},"modified":"2026-02-26T12:27:22","modified_gmt":"2026-02-26T15:27:22","slug":"judiciales-bonaerenses-arrancan-marzo-con-paro-total-de-actividades","status":"publish","type":"post","link":"https:\/\/www.hoymercedes.com.ar\/principal\/2026\/02\/26\/judiciales-bonaerenses-arrancan-marzo-con-paro-total-de-actividades\/","title":{"rendered":"Judiciales bonaerenses arrancan marzo con paro total de actividades"},"content":{"rendered":"\n<p>Los trabajadores del Poder Judicial de la provincia de Buenos Aires iniciar\u00e1n marzo con una medida de fuerza que implicar\u00e1 la paralizaci\u00f3n completa de tareas, en el marco del conflicto salarial que mantienen con el gobierno provincial.<\/p>\n\n\n\n<figure class=\"wp-block-image size-full\"><img loading=\"lazy\" decoding=\"async\" width=\"800\" height=\"450\" data-attachment-id=\"192563\" data-permalink=\"https:\/\/www.hoymercedes.com.ar\/principal\/2026\/02\/26\/judiciales-bonaerenses-arrancan-marzo-con-paro-total-de-actividades\/image-262\/#main\" data-orig-file=\"https:\/\/www.hoymercedes.com.ar\/principal\/wp-content\/uploads\/2026\/02\/image-64.png\" data-orig-size=\"800,450\" data-comments-opened=\"0\" data-image-meta=\"{&quot;aperture&quot;:&quot;0&quot;,&quot;credit&quot;:&quot;&quot;,&quot;camera&quot;:&quot;&quot;,&quot;caption&quot;:&quot;&quot;,&quot;created_timestamp&quot;:&quot;0&quot;,&quot;copyright&quot;:&quot;&quot;,&quot;focal_length&quot;:&quot;0&quot;,&quot;iso&quot;:&quot;0&quot;,&quot;shutter_speed&quot;:&quot;0&quot;,&quot;title&quot;:&quot;&quot;,&quot;orientation&quot;:&quot;0&quot;}\" data-image-title=\"image\" data-image-description=\"\" data-image-caption=\"\" data-large-file=\"https:\/\/www.hoymercedes.com.ar\/principal\/wp-content\/uploads\/2026\/02\/image-64.png\" src=\"https:\/\/www.hoymercedes.com.ar\/principal\/wp-content\/uploads\/2026\/02\/image-64.png\" alt=\"\" class=\"wp-image-192563\" srcset=\"https:\/\/www.hoymercedes.com.ar\/principal\/wp-content\/uploads\/2026\/02\/image-64.png 800w, https:\/\/www.hoymercedes.com.ar\/principal\/wp-content\/uploads\/2026\/02\/image-64-630x354.png 630w, https:\/\/www.hoymercedes.com.ar\/principal\/wp-content\/uploads\/2026\/02\/image-64-150x84.png 150w\" sizes=\"auto, (max-width: 800px) 100vw, 800px\" \/><\/figure>\n\n\n\n<p>La decisi\u00f3n fue tomada por las asambleas de la Asociaci\u00f3n Judicial Bonaerense (AJB) en las 20 departamentales, donde se ratific\u00f3 de manera un\u00e1nime el rechazo a la \u00faltima propuesta paritaria. El ofrecimiento oficial contemplaba un incremento del 3% para febrero, porcentaje que el gremio consider\u00f3 insuficiente frente a la inflaci\u00f3n y a la p\u00e9rdida de poder adquisitivo acumulada.<\/p>\n\n\n\n<p>Con ese escenario, los representantes sindicales otorgaron mandato a la conducci\u00f3n provincial para avanzar con un paro total de actividades y reclamar una nueva oferta que permita recomponer los salarios del sector. La medida podr\u00eda coordinarse con otros gremios estatales bonaerenses si no hay avances en la negociaci\u00f3n.<\/p>\n\n\n\n<p>Desde la AJB remarcaron adem\u00e1s que el plan de lucha se enmarca en un conjunto m\u00e1s amplio de reclamos vinculados a la recuperaci\u00f3n del ingreso y a la defensa de las condiciones laborales. Tambi\u00e9n expresaron preocupaci\u00f3n por el impacto que podr\u00edan tener reformas en materia laboral sobre la negociaci\u00f3n colectiva en el \u00e1mbito p\u00fablico.<\/p>\n\n\n\n<p>De no mediar una nueva convocatoria paritaria con una propuesta superadora, el inicio de marzo encontrar\u00e1 a la Justicia bonaerense con actividad fuertemente resentida por la protesta.<\/p>\n","protected":false},"excerpt":{"rendered":"<p>Los trabajadores del Poder Judicial de la provincia de Buenos Aires iniciar\u00e1n marzo con una medida de fuerza que implicar\u00e1 &#8230; <a title=\"Judiciales bonaerenses arrancan marzo con paro total de actividades\" class=\"read-more\" href=\"https:\/\/www.hoymercedes.com.ar\/principal\/2026\/02\/26\/judiciales-bonaerenses-arrancan-marzo-con-paro-total-de-actividades\/\" aria-label=\"Leer m\u00e1s sobre Judiciales bonaerenses arrancan marzo con paro total de actividades\">Leer m\u00e1s<\/a><\/p>\n","protected":false},"author":1,"featured_media":192563,"comment_status":"closed","ping_status":"open","sticky":false,"template":"","format":"standard","meta":{"_monsterinsights_skip_tracking":false,"_monsterinsights_sitenote_active":false,"_monsterinsights_sitenote_note":"","_monsterinsights_sitenote_category":0,"jetpack_post_was_ever_published":false,"_jetpack_newsletter_access":"","_jetpack_dont_email_post_to_subs":false,"_jetpack_newsletter_tier_id":0,"_jetpack_memberships_contains_paywalled_content":false,"_jetpack_memberships_contains_paid_content":false,"footnotes":"","jetpack_publicize_message":"","jetpack_publicize_feature_enabled":true,"jetpack_social_post_already_shared":true,"jetpack_social_options":{"image_generator_settings":{"template":"highway","default_image_id":0,"font":"","enabled":false},"version":2},"_wpas_customize_per_network":false},"categories":[8],"tags":[],"class_list":["post-192562","post","type-post","status-publish","format-standard","has-post-thumbnail","hentry","category-sociedad","generate-columns","tablet-grid-50","mobile-grid-100","grid-parent","grid-50"],"jetpack_publicize_connections":[],"jetpack_featured_media_url":"https:\/\/www.hoymercedes.com.ar\/principal\/wp-content\/uploads\/2026\/02\/image-64.png","wps_subtitle":"","jetpack_sharing_enabled":true,"_links":{"self":[{"href":"https:\/\/www.hoymercedes.com.ar\/principal\/wp-json\/wp\/v2\/posts\/192562","targetHints":{"allow":["GET"]}}],"collection":[{"href":"https:\/\/www.hoymercedes.com.ar\/principal\/wp-json\/wp\/v2\/posts"}],"about":[{"href":"https:\/\/www.hoymercedes.com.ar\/principal\/wp-json\/wp\/v2\/types\/post"}],"author":[{"embeddable":true,"href":"https:\/\/www.hoymercedes.com.ar\/principal\/wp-json\/wp\/v2\/users\/1"}],"replies":[{"embeddable":true,"href":"https:\/\/www.hoymercedes.com.ar\/principal\/wp-json\/wp\/v2\/comments?post=192562"}],"version-history":[{"count":1,"href":"https:\/\/www.hoymercedes.com.ar\/principal\/wp-json\/wp\/v2\/posts\/192562\/revisions"}],"predecessor-version":[{"id":192564,"href":"https:\/\/www.hoymercedes.com.ar\/principal\/wp-json\/wp\/v2\/posts\/192562\/revisions\/192564"}],"wp:featuredmedia":[{"embeddable":true,"href":"https:\/\/www.hoymercedes.com.ar\/principal\/wp-json\/wp\/v2\/media\/192563"}],"wp:attachment":[{"href":"https:\/\/www.hoymercedes.com.ar\/principal\/wp-json\/wp\/v2\/media?parent=192562"}],"wp:term":[{"taxonomy":"category","embeddable":true,"href":"https:\/\/www.hoymercedes.com.ar\/principal\/wp-json\/wp\/v2\/categories?post=192562"},{"taxonomy":"post_tag","embeddable":true,"href":"https:\/\/www.hoymercedes.com.ar\/principal\/wp-json\/wp\/v2\/tags?post=192562"}],"curies":[{"name":"wp","href":"https:\/\/api.w.org\/{rel}","templated":true}]}}