{"id":192597,"date":"2026-02-28T11:44:02","date_gmt":"2026-02-28T14:44:02","guid":{"rendered":"https:\/\/www.hoymercedes.com.ar\/principal\/?p=192597"},"modified":"2026-02-28T11:44:05","modified_gmt":"2026-02-28T14:44:05","slug":"finde-con-el-clasico-camino-de-los-bodegones","status":"publish","type":"post","link":"https:\/\/www.hoymercedes.com.ar\/principal\/2026\/02\/28\/finde-con-el-clasico-camino-de-los-bodegones\/","title":{"rendered":"Finde con el cl\u00e1sico \u00bb Camino de los Bodegones\u00bb"},"content":{"rendered":"\n<p>Este fin de semana, el ciclo que une gastronom\u00eda y espect\u00e1culos recorre Tom\u00e1s Jofr\u00e9 y el casco urbano. La iniciativa destaca el \u00e9xito del trabajo articulado entre el sector p\u00fablico y el privado para dinamizar la econom\u00eda local.<\/p>\n\n\n\n<figure class=\"wp-block-image size-large\"><img loading=\"lazy\" decoding=\"async\" width=\"1024\" height=\"1024\" data-attachment-id=\"192598\" data-permalink=\"https:\/\/www.hoymercedes.com.ar\/principal\/2026\/02\/28\/finde-con-el-clasico-camino-de-los-bodegones\/ca1-2\/#main\" data-orig-file=\"https:\/\/www.hoymercedes.com.ar\/principal\/wp-content\/uploads\/2026\/02\/CA1.jpg\" data-orig-size=\"1066,1066\" data-comments-opened=\"0\" data-image-meta=\"{&quot;aperture&quot;:&quot;0&quot;,&quot;credit&quot;:&quot;&quot;,&quot;camera&quot;:&quot;&quot;,&quot;caption&quot;:&quot;&quot;,&quot;created_timestamp&quot;:&quot;0&quot;,&quot;copyright&quot;:&quot;&quot;,&quot;focal_length&quot;:&quot;0&quot;,&quot;iso&quot;:&quot;0&quot;,&quot;shutter_speed&quot;:&quot;0&quot;,&quot;title&quot;:&quot;&quot;,&quot;orientation&quot;:&quot;0&quot;}\" data-image-title=\"CA1\" data-image-description=\"\" data-image-caption=\"\" data-large-file=\"https:\/\/www.hoymercedes.com.ar\/principal\/wp-content\/uploads\/2026\/02\/CA1-1024x1024.jpg\" src=\"https:\/\/www.hoymercedes.com.ar\/principal\/wp-content\/uploads\/2026\/02\/CA1-1024x1024.jpg\" alt=\"\" class=\"wp-image-192598\" srcset=\"https:\/\/www.hoymercedes.com.ar\/principal\/wp-content\/uploads\/2026\/02\/CA1-1024x1024.jpg 1024w, https:\/\/www.hoymercedes.com.ar\/principal\/wp-content\/uploads\/2026\/02\/CA1-620x620.jpg 620w, https:\/\/www.hoymercedes.com.ar\/principal\/wp-content\/uploads\/2026\/02\/CA1-150x150.jpg 150w, https:\/\/www.hoymercedes.com.ar\/principal\/wp-content\/uploads\/2026\/02\/CA1.jpg 1066w\" sizes=\"auto, (max-width: 1024px) 100vw, 1024px\" \/><\/figure>\n\n\n\n<p>La Municipalidad de Mercedes contin\u00faa con el desarrollo del exitoso ciclo&nbsp;<strong>\u00abCamino de los Bodegones\u00bb<\/strong>, una propuesta que se ha consolidado como un pilar fundamental de la agenda cultural y tur\u00edstica de la regi\u00f3n. El programa no solo ofrece una opci\u00f3n de esparcimiento para los vecinos, sino que funciona como una&nbsp;<strong>herramienta clave del apoyo al comercio local, el arte y el encuentro de familias y amigos<\/strong>, fruto de una labor estrat\u00e9gica entre el&nbsp;<strong>Estado municipal y los prestadores privados<\/strong>.<\/p>\n\n\n\n<p>El cronograma de este \u00faltimo fin de semana de febrero se dividi\u00f3 en dos escenarios emblem\u00e1ticos: el&nbsp;<strong>Viernes 27 en Tom\u00e1s Jofr\u00e9) l<\/strong>a jornada comenz\u00f3 a las 21:00 hs en el hist\u00f3rico&nbsp;<strong>Restaurante Silvano<\/strong>. El p\u00fablico pudo disfrutar del talento del reconocido artista folcl\u00f3rico&nbsp;<strong>Franco Ram\u00edrez<\/strong>, seguido por la presentaci\u00f3n del grupo&nbsp;<strong>3 de Copas<\/strong>, en una noche que resalt\u00f3 las ra\u00edces criollas de nuestra zona.<\/p>\n\n\n\n<figure class=\"wp-block-image size-large\"><img loading=\"lazy\" decoding=\"async\" width=\"1024\" height=\"1024\" data-attachment-id=\"192599\" data-permalink=\"https:\/\/www.hoymercedes.com.ar\/principal\/2026\/02\/28\/finde-con-el-clasico-camino-de-los-bodegones\/ca2-2\/#main\" data-orig-file=\"https:\/\/www.hoymercedes.com.ar\/principal\/wp-content\/uploads\/2026\/02\/CA2.jpg\" data-orig-size=\"1066,1066\" data-comments-opened=\"0\" data-image-meta=\"{&quot;aperture&quot;:&quot;0&quot;,&quot;credit&quot;:&quot;&quot;,&quot;camera&quot;:&quot;&quot;,&quot;caption&quot;:&quot;&quot;,&quot;created_timestamp&quot;:&quot;0&quot;,&quot;copyright&quot;:&quot;&quot;,&quot;focal_length&quot;:&quot;0&quot;,&quot;iso&quot;:&quot;0&quot;,&quot;shutter_speed&quot;:&quot;0&quot;,&quot;title&quot;:&quot;&quot;,&quot;orientation&quot;:&quot;0&quot;}\" data-image-title=\"CA2\" data-image-description=\"\" data-image-caption=\"\" data-large-file=\"https:\/\/www.hoymercedes.com.ar\/principal\/wp-content\/uploads\/2026\/02\/CA2-1024x1024.jpg\" src=\"https:\/\/www.hoymercedes.com.ar\/principal\/wp-content\/uploads\/2026\/02\/CA2-1024x1024.jpg\" alt=\"\" class=\"wp-image-192599\" srcset=\"https:\/\/www.hoymercedes.com.ar\/principal\/wp-content\/uploads\/2026\/02\/CA2-1024x1024.jpg 1024w, https:\/\/www.hoymercedes.com.ar\/principal\/wp-content\/uploads\/2026\/02\/CA2-620x620.jpg 620w, https:\/\/www.hoymercedes.com.ar\/principal\/wp-content\/uploads\/2026\/02\/CA2-150x150.jpg 150w, https:\/\/www.hoymercedes.com.ar\/principal\/wp-content\/uploads\/2026\/02\/CA2.jpg 1066w\" sizes=\"auto, (max-width: 1024px) 100vw, 1024px\" \/><\/figure>\n\n\n\n<p><strong>Ya durante este s\u00e1bado 28 en calle 26 y 41 l<\/strong>a actividad se traslada esta noche a&nbsp;<strong>Bistr\u00f3<\/strong>&nbsp;a partir de las 21:00 hs. La propuesta musical contar\u00e1 con el&nbsp;<strong>Tr\u00edo Canali Bastida Delk<\/strong>&nbsp;y un cierre especial de&nbsp;<strong>Sebasti\u00e1n Giovanetone y amigos<\/strong>, garantizando un ambiente festivo y familiar en Bistr\u00f3 Rest\u00f3 Bar.<\/p>\n\n\n\n<p>A trav\u00e9s de este ciclo, se invita a redescubrir los sabores t\u00edpicos de Mercedes en un marco de encuentro y celebraci\u00f3n.<\/p>\n\n\n\n<figure class=\"wp-block-image size-large\"><img loading=\"lazy\" decoding=\"async\" width=\"1024\" height=\"1024\" data-attachment-id=\"192600\" data-permalink=\"https:\/\/www.hoymercedes.com.ar\/principal\/2026\/02\/28\/finde-con-el-clasico-camino-de-los-bodegones\/ca3\/#main\" data-orig-file=\"https:\/\/www.hoymercedes.com.ar\/principal\/wp-content\/uploads\/2026\/02\/CA3.jpg\" data-orig-size=\"1066,1066\" data-comments-opened=\"0\" data-image-meta=\"{&quot;aperture&quot;:&quot;0&quot;,&quot;credit&quot;:&quot;&quot;,&quot;camera&quot;:&quot;&quot;,&quot;caption&quot;:&quot;&quot;,&quot;created_timestamp&quot;:&quot;0&quot;,&quot;copyright&quot;:&quot;&quot;,&quot;focal_length&quot;:&quot;0&quot;,&quot;iso&quot;:&quot;0&quot;,&quot;shutter_speed&quot;:&quot;0&quot;,&quot;title&quot;:&quot;&quot;,&quot;orientation&quot;:&quot;0&quot;}\" data-image-title=\"CA3\" data-image-description=\"\" data-image-caption=\"\" data-large-file=\"https:\/\/www.hoymercedes.com.ar\/principal\/wp-content\/uploads\/2026\/02\/CA3-1024x1024.jpg\" src=\"https:\/\/www.hoymercedes.com.ar\/principal\/wp-content\/uploads\/2026\/02\/CA3-1024x1024.jpg\" alt=\"\" class=\"wp-image-192600\" srcset=\"https:\/\/www.hoymercedes.com.ar\/principal\/wp-content\/uploads\/2026\/02\/CA3-1024x1024.jpg 1024w, https:\/\/www.hoymercedes.com.ar\/principal\/wp-content\/uploads\/2026\/02\/CA3-620x620.jpg 620w, https:\/\/www.hoymercedes.com.ar\/principal\/wp-content\/uploads\/2026\/02\/CA3-150x150.jpg 150w, https:\/\/www.hoymercedes.com.ar\/principal\/wp-content\/uploads\/2026\/02\/CA3.jpg 1066w\" sizes=\"auto, (max-width: 1024px) 100vw, 1024px\" \/><\/figure>\n","protected":false},"excerpt":{"rendered":"<p>Este fin de semana, el ciclo que une gastronom\u00eda y espect\u00e1culos recorre Tom\u00e1s Jofr\u00e9 y el casco urbano. La iniciativa &#8230; <a title=\"Finde con el cl\u00e1sico \u00bb Camino de los Bodegones\u00bb\" class=\"read-more\" href=\"https:\/\/www.hoymercedes.com.ar\/principal\/2026\/02\/28\/finde-con-el-clasico-camino-de-los-bodegones\/\" aria-label=\"Leer m\u00e1s sobre Finde con el cl\u00e1sico \u00bb Camino de los Bodegones\u00bb\">Leer m\u00e1s<\/a><\/p>\n","protected":false},"author":1,"featured_media":192598,"comment_status":"closed","ping_status":"open","sticky":false,"template":"","format":"standard","meta":{"_monsterinsights_skip_tracking":false,"_monsterinsights_sitenote_active":false,"_monsterinsights_sitenote_note":"","_monsterinsights_sitenote_category":0,"jetpack_post_was_ever_published":false,"_jetpack_newsletter_access":"","_jetpack_dont_email_post_to_subs":false,"_jetpack_newsletter_tier_id":0,"_jetpack_memberships_contains_paywalled_content":false,"_jetpack_memberships_contains_paid_content":false,"footnotes":"","jetpack_publicize_message":"","jetpack_publicize_feature_enabled":true,"jetpack_social_post_already_shared":true,"jetpack_social_options":{"image_generator_settings":{"template":"highway","default_image_id":0,"font":"","enabled":false},"version":2},"_wpas_customize_per_network":false},"categories":[104],"tags":[],"class_list":["post-192597","post","type-post","status-publish","format-standard","has-post-thumbnail","hentry","category-cultura","generate-columns","tablet-grid-50","mobile-grid-100","grid-parent","grid-50"],"jetpack_publicize_connections":[],"jetpack_featured_media_url":"https:\/\/www.hoymercedes.com.ar\/principal\/wp-content\/uploads\/2026\/02\/CA1.jpg","wps_subtitle":"","jetpack_sharing_enabled":true,"_links":{"self":[{"href":"https:\/\/www.hoymercedes.com.ar\/principal\/wp-json\/wp\/v2\/posts\/192597","targetHints":{"allow":["GET"]}}],"collection":[{"href":"https:\/\/www.hoymercedes.com.ar\/principal\/wp-json\/wp\/v2\/posts"}],"about":[{"href":"https:\/\/www.hoymercedes.com.ar\/principal\/wp-json\/wp\/v2\/types\/post"}],"author":[{"embeddable":true,"href":"https:\/\/www.hoymercedes.com.ar\/principal\/wp-json\/wp\/v2\/users\/1"}],"replies":[{"embeddable":true,"href":"https:\/\/www.hoymercedes.com.ar\/principal\/wp-json\/wp\/v2\/comments?post=192597"}],"version-history":[{"count":1,"href":"https:\/\/www.hoymercedes.com.ar\/principal\/wp-json\/wp\/v2\/posts\/192597\/revisions"}],"predecessor-version":[{"id":192601,"href":"https:\/\/www.hoymercedes.com.ar\/principal\/wp-json\/wp\/v2\/posts\/192597\/revisions\/192601"}],"wp:featuredmedia":[{"embeddable":true,"href":"https:\/\/www.hoymercedes.com.ar\/principal\/wp-json\/wp\/v2\/media\/192598"}],"wp:attachment":[{"href":"https:\/\/www.hoymercedes.com.ar\/principal\/wp-json\/wp\/v2\/media?parent=192597"}],"wp:term":[{"taxonomy":"category","embeddable":true,"href":"https:\/\/www.hoymercedes.com.ar\/principal\/wp-json\/wp\/v2\/categories?post=192597"},{"taxonomy":"post_tag","embeddable":true,"href":"https:\/\/www.hoymercedes.com.ar\/principal\/wp-json\/wp\/v2\/tags?post=192597"}],"curies":[{"name":"wp","href":"https:\/\/api.w.org\/{rel}","templated":true}]}}