{"id":192602,"date":"2026-02-28T12:47:00","date_gmt":"2026-02-28T15:47:00","guid":{"rendered":"https:\/\/www.hoymercedes.com.ar\/principal\/?p=192602"},"modified":"2026-02-28T11:49:05","modified_gmt":"2026-02-28T14:49:05","slug":"el-consejo-escolar-destaco-el-trabajo-del-personal-en-las-escuelas-abiertas-de-verano","status":"publish","type":"post","link":"https:\/\/www.hoymercedes.com.ar\/principal\/2026\/02\/28\/el-consejo-escolar-destaco-el-trabajo-del-personal-en-las-escuelas-abiertas-de-verano\/","title":{"rendered":"El Consejo Escolar destac\u00f3 el trabajo del personal en las Escuelas Abiertas de Verano"},"content":{"rendered":"\n<p>El Consejo Escolar de Mercedes realiz\u00f3 un acto de reconocimiento destinado al personal que particip\u00f3 en la edici\u00f3n 2026 del programa Escuelas Abiertas de Verano. La actividad se llev\u00f3 a cabo el 27 de febrero en la sede del organismo y tuvo como objetivo valorar el esfuerzo de quienes sostuvieron distintas tareas durante el receso escolar.<\/p>\n\n\n\n<figure class=\"wp-block-image size-large\"><img loading=\"lazy\" decoding=\"async\" width=\"1024\" height=\"694\" data-attachment-id=\"192603\" data-permalink=\"https:\/\/www.hoymercedes.com.ar\/principal\/2026\/02\/28\/el-consejo-escolar-destaco-el-trabajo-del-personal-en-las-escuelas-abiertas-de-verano\/image-268\/#main\" data-orig-file=\"https:\/\/www.hoymercedes.com.ar\/principal\/wp-content\/uploads\/2026\/02\/image-70.png\" data-orig-size=\"1280,868\" data-comments-opened=\"0\" data-image-meta=\"{&quot;aperture&quot;:&quot;0&quot;,&quot;credit&quot;:&quot;&quot;,&quot;camera&quot;:&quot;&quot;,&quot;caption&quot;:&quot;&quot;,&quot;created_timestamp&quot;:&quot;0&quot;,&quot;copyright&quot;:&quot;&quot;,&quot;focal_length&quot;:&quot;0&quot;,&quot;iso&quot;:&quot;0&quot;,&quot;shutter_speed&quot;:&quot;0&quot;,&quot;title&quot;:&quot;&quot;,&quot;orientation&quot;:&quot;0&quot;}\" data-image-title=\"image\" data-image-description=\"\" data-image-caption=\"\" data-large-file=\"https:\/\/www.hoymercedes.com.ar\/principal\/wp-content\/uploads\/2026\/02\/image-70-1024x694.png\" src=\"https:\/\/www.hoymercedes.com.ar\/principal\/wp-content\/uploads\/2026\/02\/image-70-1024x694.png\" alt=\"\" class=\"wp-image-192603\" srcset=\"https:\/\/www.hoymercedes.com.ar\/principal\/wp-content\/uploads\/2026\/02\/image-70-1024x694.png 1024w, https:\/\/www.hoymercedes.com.ar\/principal\/wp-content\/uploads\/2026\/02\/image-70-630x427.png 630w, https:\/\/www.hoymercedes.com.ar\/principal\/wp-content\/uploads\/2026\/02\/image-70-150x102.png 150w, https:\/\/www.hoymercedes.com.ar\/principal\/wp-content\/uploads\/2026\/02\/image-70.png 1280w\" sizes=\"auto, (max-width: 1024px) 100vw, 1024px\" \/><\/figure>\n\n\n\n<p>Durante el encuentro se puso en relieve el compromiso de auxiliares, cocineras, porteros y cooperativistas, responsables del funcionamiento de los comedores y del mantenimiento de los establecimientos educativos en las diferentes sedes del distrito. En la jornada se entregaron diplomas y menciones como reconocimiento a su labor.<\/p>\n\n\n\n<p>El acto estuvo encabezado por la presidenta del Consejo Escolar, Maguy Oliva, junto a otros integrantes del cuerpo. Uno de los aspectos destacados fue el trabajo realizado dentro del proyecto \u201cCocinando en Familia\u201d, iniciativa que permiti\u00f3 aplicar el Recetario Bonaerense y reforzar la calidad nutricional de las comidas ofrecidas a los chicos participantes.<\/p>\n\n\n\n<p>Desde el organismo remarcaron que el desarrollo del programa fue posible gracias al trabajo cotidiano del personal auxiliar y cooperativista, subrayando su rol clave en la implementaci\u00f3n de propuestas educativas y de inclusi\u00f3n durante el verano. Con este acto se dio por finalizado el ciclo de actividades estivales impulsado por el sistema educativo provincial en la ciudad.<\/p>\n","protected":false},"excerpt":{"rendered":"<p>El Consejo Escolar de Mercedes realiz\u00f3 un acto de reconocimiento destinado al personal que particip\u00f3 en la edici\u00f3n 2026 del &#8230; <a title=\"El Consejo Escolar destac\u00f3 el trabajo del personal en las Escuelas Abiertas de Verano\" class=\"read-more\" href=\"https:\/\/www.hoymercedes.com.ar\/principal\/2026\/02\/28\/el-consejo-escolar-destaco-el-trabajo-del-personal-en-las-escuelas-abiertas-de-verano\/\" aria-label=\"Leer m\u00e1s sobre El Consejo Escolar destac\u00f3 el trabajo del personal en las Escuelas Abiertas de Verano\">Leer m\u00e1s<\/a><\/p>\n","protected":false},"author":1,"featured_media":192603,"comment_status":"closed","ping_status":"open","sticky":false,"template":"","format":"standard","meta":{"_monsterinsights_skip_tracking":false,"_monsterinsights_sitenote_active":false,"_monsterinsights_sitenote_note":"","_monsterinsights_sitenote_category":0,"jetpack_post_was_ever_published":false,"_jetpack_newsletter_access":"","_jetpack_dont_email_post_to_subs":false,"_jetpack_newsletter_tier_id":0,"_jetpack_memberships_contains_paywalled_content":false,"_jetpack_memberships_contains_paid_content":false,"footnotes":"","jetpack_publicize_message":"","jetpack_publicize_feature_enabled":true,"jetpack_social_post_already_shared":true,"jetpack_social_options":{"image_generator_settings":{"template":"highway","default_image_id":0,"font":"","enabled":false},"version":2},"_wpas_customize_per_network":false},"categories":[23],"tags":[],"class_list":["post-192602","post","type-post","status-publish","format-standard","has-post-thumbnail","hentry","category-educacion","generate-columns","tablet-grid-50","mobile-grid-100","grid-parent","grid-50"],"jetpack_publicize_connections":[],"jetpack_featured_media_url":"https:\/\/www.hoymercedes.com.ar\/principal\/wp-content\/uploads\/2026\/02\/image-70.png","wps_subtitle":"","jetpack_sharing_enabled":true,"_links":{"self":[{"href":"https:\/\/www.hoymercedes.com.ar\/principal\/wp-json\/wp\/v2\/posts\/192602","targetHints":{"allow":["GET"]}}],"collection":[{"href":"https:\/\/www.hoymercedes.com.ar\/principal\/wp-json\/wp\/v2\/posts"}],"about":[{"href":"https:\/\/www.hoymercedes.com.ar\/principal\/wp-json\/wp\/v2\/types\/post"}],"author":[{"embeddable":true,"href":"https:\/\/www.hoymercedes.com.ar\/principal\/wp-json\/wp\/v2\/users\/1"}],"replies":[{"embeddable":true,"href":"https:\/\/www.hoymercedes.com.ar\/principal\/wp-json\/wp\/v2\/comments?post=192602"}],"version-history":[{"count":1,"href":"https:\/\/www.hoymercedes.com.ar\/principal\/wp-json\/wp\/v2\/posts\/192602\/revisions"}],"predecessor-version":[{"id":192604,"href":"https:\/\/www.hoymercedes.com.ar\/principal\/wp-json\/wp\/v2\/posts\/192602\/revisions\/192604"}],"wp:featuredmedia":[{"embeddable":true,"href":"https:\/\/www.hoymercedes.com.ar\/principal\/wp-json\/wp\/v2\/media\/192603"}],"wp:attachment":[{"href":"https:\/\/www.hoymercedes.com.ar\/principal\/wp-json\/wp\/v2\/media?parent=192602"}],"wp:term":[{"taxonomy":"category","embeddable":true,"href":"https:\/\/www.hoymercedes.com.ar\/principal\/wp-json\/wp\/v2\/categories?post=192602"},{"taxonomy":"post_tag","embeddable":true,"href":"https:\/\/www.hoymercedes.com.ar\/principal\/wp-json\/wp\/v2\/tags?post=192602"}],"curies":[{"name":"wp","href":"https:\/\/api.w.org\/{rel}","templated":true}]}}