{"id":192605,"date":"2026-02-28T11:54:35","date_gmt":"2026-02-28T14:54:35","guid":{"rendered":"https:\/\/www.hoymercedes.com.ar\/principal\/?p=192605"},"modified":"2026-02-28T11:54:38","modified_gmt":"2026-02-28T14:54:38","slug":"convocan-a-una-asamblea-abierta-para-organizar-la-jornada-de-lucha-para-el-8m","status":"publish","type":"post","link":"https:\/\/www.hoymercedes.com.ar\/principal\/2026\/02\/28\/convocan-a-una-asamblea-abierta-para-organizar-la-jornada-de-lucha-para-el-8m\/","title":{"rendered":"Convocan a una Asamblea Abierta para organizar la jornada de lucha para el 8M"},"content":{"rendered":"\n<p>En el marco de la preparaci\u00f3n para el pr\u00f3ximo 8 de marzo, integrantes de la Asamblea de Mujeres Mercedinas convocan a un encuentro abierto con el objetivo de planificar las actividades que se realizar\u00e1n en la ciudad por el D\u00eda Internacional de la Mujer. La propuesta busca generar un espacio participativo donde puedan sumarse vecinas y organizaciones interesadas en la construcci\u00f3n colectiva de la jornada.<\/p>\n\n\n\n<figure class=\"wp-block-image size-full\"><img loading=\"lazy\" decoding=\"async\" width=\"860\" height=\"863\" data-attachment-id=\"192606\" data-permalink=\"https:\/\/www.hoymercedes.com.ar\/principal\/2026\/02\/28\/convocan-a-una-asamblea-abierta-para-organizar-la-jornada-de-lucha-para-el-8m\/image-269\/#main\" data-orig-file=\"https:\/\/www.hoymercedes.com.ar\/principal\/wp-content\/uploads\/2026\/02\/image-71.png\" data-orig-size=\"860,863\" data-comments-opened=\"0\" data-image-meta=\"{&quot;aperture&quot;:&quot;0&quot;,&quot;credit&quot;:&quot;&quot;,&quot;camera&quot;:&quot;&quot;,&quot;caption&quot;:&quot;&quot;,&quot;created_timestamp&quot;:&quot;0&quot;,&quot;copyright&quot;:&quot;&quot;,&quot;focal_length&quot;:&quot;0&quot;,&quot;iso&quot;:&quot;0&quot;,&quot;shutter_speed&quot;:&quot;0&quot;,&quot;title&quot;:&quot;&quot;,&quot;orientation&quot;:&quot;0&quot;}\" data-image-title=\"image\" data-image-description=\"\" data-image-caption=\"\" data-large-file=\"https:\/\/www.hoymercedes.com.ar\/principal\/wp-content\/uploads\/2026\/02\/image-71.png\" src=\"https:\/\/www.hoymercedes.com.ar\/principal\/wp-content\/uploads\/2026\/02\/image-71.png\" alt=\"\" class=\"wp-image-192606\" srcset=\"https:\/\/www.hoymercedes.com.ar\/principal\/wp-content\/uploads\/2026\/02\/image-71.png 860w, https:\/\/www.hoymercedes.com.ar\/principal\/wp-content\/uploads\/2026\/02\/image-71-618x620.png 618w, https:\/\/www.hoymercedes.com.ar\/principal\/wp-content\/uploads\/2026\/02\/image-71-150x150.png 150w\" sizes=\"auto, (max-width: 860px) 100vw, 860px\" \/><\/figure>\n\n\n\n<p>Ser\u00e1 este s\u00e1bado 28 de febrero a las 19:00 hs, se llevar\u00e1 a cabo la \u00faltima asamblea abierta en la Trocha (calle 42 entre 21 y 23) para ultimar detalles log\u00edsticos y pol\u00edticos.<\/p>\n\n\n\n<p>La asamblea tiene como finalidad debatir ideas, coordinar acciones y avanzar en la organizaci\u00f3n de la movilizaci\u00f3n prevista para la fecha, que cada a\u00f1o re\u00fane distintas expresiones sociales en reclamo de igualdad y derechos. Desde el colectivo impulsor remarcan la importancia de la participaci\u00f3n comunitaria para fortalecer la convocatoria y darle un car\u00e1cter amplio y representativo.<\/p>\n\n\n\n<p>El encuentro forma parte de los preparativos rumbo al 8M, una jornada que se conmemora en todo el mundo como un d\u00eda de lucha y visibilizaci\u00f3n de las demandas vinculadas a los derechos de las mujeres y diversidades.<\/p>\n\n\n\n<p><strong>Cronograma de actividades por el 8M<\/strong><\/p>\n\n\n\n<p>Las actividades centrales se llevar\u00e1n a cabo desde las 18:30 en la Plaza San Mart\u00edn, en una propuesta que combinar\u00e1 consignas de reivindicaci\u00f3n con distintas expresiones culturales.<\/p>\n\n\n\n<p><strong>Arte y cultura:<\/strong> Sobre la avenida 29 se instalar\u00e1 una exposici\u00f3n de artistas visuales, mientras que en el escenario principal habr\u00e1 presentaciones de m\u00fasicos y grupos de danza locales.<\/p>\n\n\n\n<p><strong>Econom\u00eda popular:<\/strong> La Uni\u00f3n de Trabajadores de la Tierra (UTT) participar\u00e1 con un puesto de venta de alimentos frescos y producciones regionales.<\/p>\n\n\n\n<p><strong>Marcha:<\/strong> Como parte de la jornada se realizar\u00e1 la habitual movilizaci\u00f3n por el centro de la ciudad, con un recorrido que avanzar\u00e1 por calle 29 hasta la 18 y continuar\u00e1 por la 25 hasta regresar a la plaza.<\/p>\n\n\n\n<p><strong>Cierre:<\/strong> La actividad finalizar\u00e1 con la presentaci\u00f3n de la murga uruguaya \u201cGuarda que son Flores\u201d, proveniente de la ciudad de Luj\u00e1n.<\/p>\n","protected":false},"excerpt":{"rendered":"<p>En el marco de la preparaci\u00f3n para el pr\u00f3ximo 8 de marzo, integrantes de la Asamblea de Mujeres Mercedinas convocan &#8230; <a title=\"Convocan a una Asamblea Abierta para organizar la jornada de lucha para el 8M\" class=\"read-more\" href=\"https:\/\/www.hoymercedes.com.ar\/principal\/2026\/02\/28\/convocan-a-una-asamblea-abierta-para-organizar-la-jornada-de-lucha-para-el-8m\/\" aria-label=\"Leer m\u00e1s sobre Convocan a una Asamblea Abierta para organizar la jornada de lucha para el 8M\">Leer m\u00e1s<\/a><\/p>\n","protected":false},"author":1,"featured_media":192606,"comment_status":"closed","ping_status":"open","sticky":false,"template":"","format":"standard","meta":{"_monsterinsights_skip_tracking":false,"_monsterinsights_sitenote_active":false,"_monsterinsights_sitenote_note":"","_monsterinsights_sitenote_category":0,"jetpack_post_was_ever_published":false,"_jetpack_newsletter_access":"","_jetpack_dont_email_post_to_subs":false,"_jetpack_newsletter_tier_id":0,"_jetpack_memberships_contains_paywalled_content":false,"_jetpack_memberships_contains_paid_content":false,"footnotes":"","jetpack_publicize_message":"","jetpack_publicize_feature_enabled":true,"jetpack_social_post_already_shared":true,"jetpack_social_options":{"image_generator_settings":{"template":"highway","default_image_id":0,"font":"","enabled":false},"version":2},"_wpas_customize_per_network":false},"categories":[8],"tags":[],"class_list":["post-192605","post","type-post","status-publish","format-standard","has-post-thumbnail","hentry","category-sociedad","generate-columns","tablet-grid-50","mobile-grid-100","grid-parent","grid-50"],"jetpack_publicize_connections":[],"jetpack_featured_media_url":"https:\/\/www.hoymercedes.com.ar\/principal\/wp-content\/uploads\/2026\/02\/image-71.png","wps_subtitle":"","jetpack_sharing_enabled":true,"_links":{"self":[{"href":"https:\/\/www.hoymercedes.com.ar\/principal\/wp-json\/wp\/v2\/posts\/192605","targetHints":{"allow":["GET"]}}],"collection":[{"href":"https:\/\/www.hoymercedes.com.ar\/principal\/wp-json\/wp\/v2\/posts"}],"about":[{"href":"https:\/\/www.hoymercedes.com.ar\/principal\/wp-json\/wp\/v2\/types\/post"}],"author":[{"embeddable":true,"href":"https:\/\/www.hoymercedes.com.ar\/principal\/wp-json\/wp\/v2\/users\/1"}],"replies":[{"embeddable":true,"href":"https:\/\/www.hoymercedes.com.ar\/principal\/wp-json\/wp\/v2\/comments?post=192605"}],"version-history":[{"count":1,"href":"https:\/\/www.hoymercedes.com.ar\/principal\/wp-json\/wp\/v2\/posts\/192605\/revisions"}],"predecessor-version":[{"id":192607,"href":"https:\/\/www.hoymercedes.com.ar\/principal\/wp-json\/wp\/v2\/posts\/192605\/revisions\/192607"}],"wp:featuredmedia":[{"embeddable":true,"href":"https:\/\/www.hoymercedes.com.ar\/principal\/wp-json\/wp\/v2\/media\/192606"}],"wp:attachment":[{"href":"https:\/\/www.hoymercedes.com.ar\/principal\/wp-json\/wp\/v2\/media?parent=192605"}],"wp:term":[{"taxonomy":"category","embeddable":true,"href":"https:\/\/www.hoymercedes.com.ar\/principal\/wp-json\/wp\/v2\/categories?post=192605"},{"taxonomy":"post_tag","embeddable":true,"href":"https:\/\/www.hoymercedes.com.ar\/principal\/wp-json\/wp\/v2\/tags?post=192605"}],"curies":[{"name":"wp","href":"https:\/\/api.w.org\/{rel}","templated":true}]}}