{"id":192608,"date":"2026-02-28T15:55:00","date_gmt":"2026-02-28T18:55:00","guid":{"rendered":"https:\/\/www.hoymercedes.com.ar\/principal\/?p=192608"},"modified":"2026-02-28T12:23:53","modified_gmt":"2026-02-28T15:23:53","slug":"italianos-en-mercedes-votan-referendum-judicial","status":"publish","type":"post","link":"https:\/\/www.hoymercedes.com.ar\/principal\/2026\/02\/28\/italianos-en-mercedes-votan-referendum-judicial\/","title":{"rendered":"Italianos en Mercedes votan referendum judicial"},"content":{"rendered":"\n<p>Por estos d\u00edas los mercedinos que tienen tambi\u00e9n su ciudadan\u00eda italiana y est\u00e1n inscriptos en el padr\u00f3n electoral de italianos en el exterior recibieron un sobre para votar el \u00abRefer\u00e9ndum Constitucional Confirmativo 2026\u00bb, una consulta que repercutir\u00e1 en el sistema judicial del pa\u00eds europeo. <\/p>\n\n\n\n<figure class=\"wp-block-image size-large\"><img loading=\"lazy\" decoding=\"async\" width=\"1024\" height=\"682\" data-attachment-id=\"192611\" data-permalink=\"https:\/\/www.hoymercedes.com.ar\/principal\/2026\/02\/28\/italianos-en-mercedes-votan-referendum-judicial\/image-270\/#main\" data-orig-file=\"https:\/\/www.hoymercedes.com.ar\/principal\/wp-content\/uploads\/2026\/02\/image-72.png\" data-orig-size=\"1079,719\" data-comments-opened=\"0\" data-image-meta=\"{&quot;aperture&quot;:&quot;0&quot;,&quot;credit&quot;:&quot;&quot;,&quot;camera&quot;:&quot;&quot;,&quot;caption&quot;:&quot;&quot;,&quot;created_timestamp&quot;:&quot;0&quot;,&quot;copyright&quot;:&quot;&quot;,&quot;focal_length&quot;:&quot;0&quot;,&quot;iso&quot;:&quot;0&quot;,&quot;shutter_speed&quot;:&quot;0&quot;,&quot;title&quot;:&quot;&quot;,&quot;orientation&quot;:&quot;0&quot;}\" data-image-title=\"image\" data-image-description=\"\" data-image-caption=\"\" data-large-file=\"https:\/\/www.hoymercedes.com.ar\/principal\/wp-content\/uploads\/2026\/02\/image-72-1024x682.png\" src=\"https:\/\/www.hoymercedes.com.ar\/principal\/wp-content\/uploads\/2026\/02\/image-72-1024x682.png\" alt=\"\" class=\"wp-image-192611\" srcset=\"https:\/\/www.hoymercedes.com.ar\/principal\/wp-content\/uploads\/2026\/02\/image-72-1024x682.png 1024w, https:\/\/www.hoymercedes.com.ar\/principal\/wp-content\/uploads\/2026\/02\/image-72-630x420.png 630w, https:\/\/www.hoymercedes.com.ar\/principal\/wp-content\/uploads\/2026\/02\/image-72-150x100.png 150w, https:\/\/www.hoymercedes.com.ar\/principal\/wp-content\/uploads\/2026\/02\/image-72.png 1079w\" sizes=\"auto, (max-width: 1024px) 100vw, 1024px\" \/><\/figure>\n\n\n\n<p>Los d\u00edas 22 y 23 de marzo pr\u00f3ximos,\u00a0Italia\u00a0celebrar\u00e1 un\u00a0<strong>refer\u00e9ndum nacional<\/strong>\u00a0para decidir si entra en vigencia una\u00a0reforma constitucional\u00a0que modifica el funcionamiento de su\u00a0sistema judicial. Este refer\u00e9ndum tambi\u00e9n involucra a a los italianos que viven fuera de ese pa\u00eds. Tal es el caso de los residentes en Argentina en general y en Mercedes en particular. <\/p>\n\n\n\n<p>No ser\u00e1 una elecci\u00f3n de autoridades ni una consulta partidaria, sino que se trata de una votaci\u00f3n puntual sobre un texto ya aprobado por el\u00a0Parlamento\u00a0que, al no haber alcanzado una mayor\u00eda especial, debe ser confirmado por la ciudadan\u00eda. El refer\u00e9ndum plantea una pregunta directa que consiste en\u00a0aceptar o rechazar\u00a0una reforma que reorganiza la Justicia italiana. Si gana el \u201c<strong>s\u00ed<\/strong>\u201d, el texto entra en vigor. Si gana el \u201c<strong>no<\/strong>\u201d, la\u00a0Constituci\u00f3n\u00a0permanece sin cambios. <\/p>\n\n\n\n<p><strong>Qu\u00e9 y c\u00f3mo se vota<\/strong><\/p>\n\n\n\n<p>Este refer\u00e9ndum no tiene ninguna relaci\u00f3n con temas migratorios ni con los tr\u00e1mites de nacionalidad italiana. No modifica leyes de ciudadan\u00eda, no altera requisitos para obtener el pasaporte italiano ni afecta los procesos consulares. Las discusiones y cambios recientes vinculados a la nacionalidad responden a normas y decisiones distintas, que no forman parte de esta consulta constitucional. Se recuerda entonces que el alcance del refer\u00e9ndum est\u00e1 estrictamente limitado al\u00a0<strong>funcionamiento del Poder Judicial<\/strong>.<\/p>\n\n\n\n<p>Los ciudadanos italianos residentes en Argentina que est\u00e9n\u00a0inscriptos en el padr\u00f3n de italianos en el exterior votan por correo. El consulado env\u00eda la documentaci\u00f3n al domicilio declarado y el elector devuelve su voto dentro de los plazos establecidos. Dentro del sobre que reciben se encuentra la consulta en un papel verde y el votante tiene que marcar con lapicera azul o negra sobre el recuadro de la respuesta elegida. El sobre con el voto debe ser llevado al Correo Argentino antes del 19 de marzo, 16 horas, para ser enviado al Consulado donde el italiano en el exterior est\u00e9 registrado. <\/p>\n\n\n\n<p><strong>Reforma de la Justicia<\/strong><\/p>\n\n\n\n<p>El n\u00facleo de la propuesta es la\u00a0separaci\u00f3n definitiva de las carreras de jueces y fiscales. En el sistema actual, ambos ingresan por un mismo concurso y pueden alternar funciones en los primeros a\u00f1os. La reforma establece que cada magistrado deba elegir una carrera desde el inicio y no pueda cambiarla m\u00e1s adelante.<\/p>\n\n\n\n<p>Adem\u00e1s, se propone modificar\u00a0los \u00f3rganos de\u00a0gobierno de la magistratura. Hoy existe un \u00fanico organismo que agrupa a jueces y fiscales; la reforma plantea dividirlo en dos estructuras independientes, una para cada funci\u00f3n.<\/p>\n\n\n\n<p>El texto tambi\u00e9n introduce un nuevo esquema disciplinario, con un\u00a0tribunal\u00a0espec\u00edfico para\u00a0sanciones y faltas.<br>El argumento central de la reforma es\u00a0reorganizar el sistema\u00a0para hacerlo m\u00e1s claro en sus roles y responsabilidades. Esa es la \u00fanica materia que aborda el refer\u00e9ndum.<\/p>\n\n\n\n<p>Fuente: Corredor Productivo Italia Argentina<\/p>\n","protected":false},"excerpt":{"rendered":"<p>Por estos d\u00edas los mercedinos que tienen tambi\u00e9n su ciudadan\u00eda italiana y est\u00e1n inscriptos en el padr\u00f3n electoral de italianos &#8230; <a title=\"Italianos en Mercedes votan referendum judicial\" class=\"read-more\" href=\"https:\/\/www.hoymercedes.com.ar\/principal\/2026\/02\/28\/italianos-en-mercedes-votan-referendum-judicial\/\" aria-label=\"Leer m\u00e1s sobre Italianos en Mercedes votan referendum judicial\">Leer m\u00e1s<\/a><\/p>\n","protected":false},"author":1,"featured_media":192611,"comment_status":"closed","ping_status":"open","sticky":false,"template":"","format":"standard","meta":{"_monsterinsights_skip_tracking":false,"_monsterinsights_sitenote_active":false,"_monsterinsights_sitenote_note":"","_monsterinsights_sitenote_category":0,"jetpack_post_was_ever_published":false,"_jetpack_newsletter_access":"","_jetpack_dont_email_post_to_subs":false,"_jetpack_newsletter_tier_id":0,"_jetpack_memberships_contains_paywalled_content":false,"_jetpack_memberships_contains_paid_content":false,"footnotes":"","jetpack_publicize_message":"","jetpack_publicize_feature_enabled":true,"jetpack_social_post_already_shared":true,"jetpack_social_options":{"image_generator_settings":{"template":"highway","default_image_id":0,"font":"","enabled":false},"version":2},"_wpas_customize_per_network":false},"categories":[8],"tags":[],"class_list":["post-192608","post","type-post","status-publish","format-standard","has-post-thumbnail","hentry","category-sociedad","generate-columns","tablet-grid-50","mobile-grid-100","grid-parent","grid-50"],"jetpack_publicize_connections":[],"jetpack_featured_media_url":"https:\/\/www.hoymercedes.com.ar\/principal\/wp-content\/uploads\/2026\/02\/image-72.png","wps_subtitle":"","jetpack_sharing_enabled":true,"_links":{"self":[{"href":"https:\/\/www.hoymercedes.com.ar\/principal\/wp-json\/wp\/v2\/posts\/192608","targetHints":{"allow":["GET"]}}],"collection":[{"href":"https:\/\/www.hoymercedes.com.ar\/principal\/wp-json\/wp\/v2\/posts"}],"about":[{"href":"https:\/\/www.hoymercedes.com.ar\/principal\/wp-json\/wp\/v2\/types\/post"}],"author":[{"embeddable":true,"href":"https:\/\/www.hoymercedes.com.ar\/principal\/wp-json\/wp\/v2\/users\/1"}],"replies":[{"embeddable":true,"href":"https:\/\/www.hoymercedes.com.ar\/principal\/wp-json\/wp\/v2\/comments?post=192608"}],"version-history":[{"count":1,"href":"https:\/\/www.hoymercedes.com.ar\/principal\/wp-json\/wp\/v2\/posts\/192608\/revisions"}],"predecessor-version":[{"id":192612,"href":"https:\/\/www.hoymercedes.com.ar\/principal\/wp-json\/wp\/v2\/posts\/192608\/revisions\/192612"}],"wp:featuredmedia":[{"embeddable":true,"href":"https:\/\/www.hoymercedes.com.ar\/principal\/wp-json\/wp\/v2\/media\/192611"}],"wp:attachment":[{"href":"https:\/\/www.hoymercedes.com.ar\/principal\/wp-json\/wp\/v2\/media?parent=192608"}],"wp:term":[{"taxonomy":"category","embeddable":true,"href":"https:\/\/www.hoymercedes.com.ar\/principal\/wp-json\/wp\/v2\/categories?post=192608"},{"taxonomy":"post_tag","embeddable":true,"href":"https:\/\/www.hoymercedes.com.ar\/principal\/wp-json\/wp\/v2\/tags?post=192608"}],"curies":[{"name":"wp","href":"https:\/\/api.w.org\/{rel}","templated":true}]}}