{"id":19263,"date":"2013-01-07T18:53:55","date_gmt":"2013-01-07T18:53:55","guid":{"rendered":"http:\/\/www.hoymercedes.com.ar\/principal\/?p=19263"},"modified":"2013-01-07T18:54:16","modified_gmt":"2013-01-07T18:54:16","slug":"selva-en-america-24-teniendo-presencia-nacional-video-completo","status":"publish","type":"post","link":"https:\/\/www.hoymercedes.com.ar\/principal\/2013\/01\/07\/selva-en-america-24-teniendo-presencia-nacional-video-completo\/","title":{"rendered":"Selva en \u00abAm\u00e9rica 24\u00bb teniendo presencia nacional. (Video completo)"},"content":{"rendered":"<figure id=\"attachment_19265\" aria-describedby=\"caption-attachment-19265\" style=\"width: 608px\" class=\"wp-caption aligncenter\"><a href=\"https:\/\/www.hoymercedes.com.ar\/principal\/wp-content\/uploads\/2013\/01\/selva-america24.jpg\"><img loading=\"lazy\" decoding=\"async\" data-attachment-id=\"19265\" data-permalink=\"https:\/\/www.hoymercedes.com.ar\/principal\/2013\/01\/07\/selva-en-america-24-teniendo-presencia-nacional-video-completo\/selva-america24\/#main\" data-orig-file=\"https:\/\/www.hoymercedes.com.ar\/principal\/wp-content\/uploads\/2013\/01\/selva-america24.jpg\" data-orig-size=\"618,469\" data-comments-opened=\"1\" data-image-meta=\"{&quot;aperture&quot;:&quot;0&quot;,&quot;credit&quot;:&quot;&quot;,&quot;camera&quot;:&quot;&quot;,&quot;caption&quot;:&quot;&quot;,&quot;created_timestamp&quot;:&quot;0&quot;,&quot;copyright&quot;:&quot;&quot;,&quot;focal_length&quot;:&quot;0&quot;,&quot;iso&quot;:&quot;0&quot;,&quot;shutter_speed&quot;:&quot;0&quot;,&quot;title&quot;:&quot;&quot;}\" data-image-title=\"selva-america24\" data-image-description=\"&lt;p&gt;Carlos Selva en \u00abAm\u00e9rica 24\u00bb&lt;\/p&gt;\n\" data-image-caption=\"&lt;p&gt;Carlos Selva en \u00abAm\u00e9rica 24\u00bb&lt;\/p&gt;\n\" data-large-file=\"https:\/\/www.hoymercedes.com.ar\/principal\/wp-content\/uploads\/2013\/01\/selva-america24.jpg\" class=\"size-full wp-image-19265\" alt=\"Carlos Selva en &quot;Am\u00e9rica 24&quot;\" src=\"https:\/\/www.hoymercedes.com.ar\/principal\/wp-content\/uploads\/2013\/01\/selva-america24.jpg\" width=\"618\" height=\"469\" \/><\/a><figcaption id=\"caption-attachment-19265\" class=\"wp-caption-text\">Carlos Selva en \u00abAm\u00e9rica 24\u00bb<\/figcaption><\/figure>\n<p><em><strong>Carlos Selva estuvo presente en el programa \u00abLa voz de todos\u00bb que emite la se\u00f1al de noticias por cable \u00abAm\u00e9rica 24\u00bb. \u00a0Durante casi 25 minutos Selva dialog\u00f3 sobre diversos temas, desde comunales a pol\u00edticos dentro de los diversos \u00e1mbitos\u00a0posibles.<\/strong><\/em><\/p>\n<p>La entrevista tiene como mayor atractivo ver al primer mandatario local dialogando con un medio nacional, m\u00e1s all\u00e1 de las declaraciones efectuadas, pues, son temas que los mercedinos le hemos ido oyendo en el \u00faltimo tiempo: desde La C\u00e1mpora a su relaci\u00f3n con Massa, el presupuesto 2013 y los v\u00ednculos con el gobierno nacional.<\/p>\n<p><strong>El video con la participaci\u00f3n completa:<\/strong><\/p>\n<p>&nbsp;<\/p>\n<div align=\"center\">\n<iframe loading=\"lazy\" width=\"618\" height=\"464\" src=\"http:\/\/www.youtube.com\/embed\/VV3zfScB7d8?rel=0\" frameborder=\"0\" allowfullscreen><\/iframe>\n<\/div>\n","protected":false},"excerpt":{"rendered":"<p>Carlos Selva estuvo presente en el programa \u00abLa voz de todos\u00bb que emite la se\u00f1al de noticias por cable \u00abAm\u00e9rica &#8230; <a title=\"Selva en \u00abAm\u00e9rica 24\u00bb teniendo presencia nacional. (Video completo)\" class=\"read-more\" href=\"https:\/\/www.hoymercedes.com.ar\/principal\/2013\/01\/07\/selva-en-america-24-teniendo-presencia-nacional-video-completo\/\" aria-label=\"Leer m\u00e1s sobre Selva en \u00abAm\u00e9rica 24\u00bb teniendo presencia nacional. (Video completo)\">Leer m\u00e1s<\/a><\/p>\n","protected":false},"author":1,"featured_media":0,"comment_status":"open","ping_status":"open","sticky":false,"template":"","format":"standard","meta":{"_monsterinsights_skip_tracking":false,"_monsterinsights_sitenote_active":false,"_monsterinsights_sitenote_note":"","_monsterinsights_sitenote_category":0,"jetpack_post_was_ever_published":false,"_jetpack_newsletter_access":"","_jetpack_dont_email_post_to_subs":false,"_jetpack_newsletter_tier_id":0,"_jetpack_memberships_contains_paywalled_content":false,"_jetpack_memberships_contains_paid_content":false,"footnotes":"","jetpack_publicize_message":"","jetpack_publicize_feature_enabled":true,"jetpack_social_post_already_shared":false,"jetpack_social_options":{"image_generator_settings":{"template":"highway","default_image_id":0,"font":"","enabled":false},"version":2},"_wpas_customize_per_network":false},"categories":[5],"tags":[3123,39],"class_list":["post-19263","post","type-post","status-publish","format-standard","hentry","category-politica","tag-america-24","tag-carlos-selva","generate-columns","tablet-grid-50","mobile-grid-100","grid-parent","grid-50"],"jetpack_publicize_connections":[],"jetpack_featured_media_url":"","wps_subtitle":"","jetpack_sharing_enabled":true,"_links":{"self":[{"href":"https:\/\/www.hoymercedes.com.ar\/principal\/wp-json\/wp\/v2\/posts\/19263","targetHints":{"allow":["GET"]}}],"collection":[{"href":"https:\/\/www.hoymercedes.com.ar\/principal\/wp-json\/wp\/v2\/posts"}],"about":[{"href":"https:\/\/www.hoymercedes.com.ar\/principal\/wp-json\/wp\/v2\/types\/post"}],"author":[{"embeddable":true,"href":"https:\/\/www.hoymercedes.com.ar\/principal\/wp-json\/wp\/v2\/users\/1"}],"replies":[{"embeddable":true,"href":"https:\/\/www.hoymercedes.com.ar\/principal\/wp-json\/wp\/v2\/comments?post=19263"}],"version-history":[{"count":0,"href":"https:\/\/www.hoymercedes.com.ar\/principal\/wp-json\/wp\/v2\/posts\/19263\/revisions"}],"wp:attachment":[{"href":"https:\/\/www.hoymercedes.com.ar\/principal\/wp-json\/wp\/v2\/media?parent=19263"}],"wp:term":[{"taxonomy":"category","embeddable":true,"href":"https:\/\/www.hoymercedes.com.ar\/principal\/wp-json\/wp\/v2\/categories?post=19263"},{"taxonomy":"post_tag","embeddable":true,"href":"https:\/\/www.hoymercedes.com.ar\/principal\/wp-json\/wp\/v2\/tags?post=19263"}],"curies":[{"name":"wp","href":"https:\/\/api.w.org\/{rel}","templated":true}]}}