{"id":192686,"date":"2026-03-07T15:30:00","date_gmt":"2026-03-07T18:30:00","guid":{"rendered":"https:\/\/www.hoymercedes.com.ar\/principal\/?p=192686"},"modified":"2026-03-07T15:33:10","modified_gmt":"2026-03-07T18:33:10","slug":"all-boys-celebra-113-anos-con-un-encuentro-nacional","status":"publish","type":"post","link":"https:\/\/www.hoymercedes.com.ar\/principal\/2026\/03\/07\/all-boys-celebra-113-anos-con-un-encuentro-nacional\/","title":{"rendered":"All Boys celebra 113 a\u00f1os con un encuentro de Departamentos Sociales"},"content":{"rendered":"\n<p>El venidero 14 de marzo, el Club All Boys llevar\u00e1 adelante un Encuentro Nacional de Departamentos Sociales de los clubes que pertenecen a AFA. Durante la jornada, se aprovechar\u00e1 la ocasi\u00f3n para festejar un nuevo aniversario del club cuyo referente local es Pelusa Gonz\u00e1lez. Los festejos ser\u00e1n en un sal\u00f3n de fiestas de Acceso Manuel Sanmart\u00edn. <\/p>\n\n\n<div class=\"wp-block-image\">\n<figure class=\"alignleft size-full is-resized\"><img loading=\"lazy\" decoding=\"async\" width=\"512\" height=\"640\" data-attachment-id=\"192883\" data-permalink=\"https:\/\/www.hoymercedes.com.ar\/principal\/2026\/03\/07\/all-boys-celebra-113-anos-con-un-encuentro-nacional\/image-284\/#main\" data-orig-file=\"https:\/\/www.hoymercedes.com.ar\/principal\/wp-content\/uploads\/2026\/03\/image-13.png\" data-orig-size=\"512,640\" data-comments-opened=\"0\" data-image-meta=\"{&quot;aperture&quot;:&quot;0&quot;,&quot;credit&quot;:&quot;&quot;,&quot;camera&quot;:&quot;&quot;,&quot;caption&quot;:&quot;&quot;,&quot;created_timestamp&quot;:&quot;0&quot;,&quot;copyright&quot;:&quot;&quot;,&quot;focal_length&quot;:&quot;0&quot;,&quot;iso&quot;:&quot;0&quot;,&quot;shutter_speed&quot;:&quot;0&quot;,&quot;title&quot;:&quot;&quot;,&quot;orientation&quot;:&quot;0&quot;}\" data-image-title=\"image\" data-image-description=\"\" data-image-caption=\"\" data-large-file=\"https:\/\/www.hoymercedes.com.ar\/principal\/wp-content\/uploads\/2026\/03\/image-13.png\" src=\"https:\/\/www.hoymercedes.com.ar\/principal\/wp-content\/uploads\/2026\/03\/image-13.png\" alt=\"\" class=\"wp-image-192883\" style=\"aspect-ratio:0.8000146491527906;width:444px;height:auto\" srcset=\"https:\/\/www.hoymercedes.com.ar\/principal\/wp-content\/uploads\/2026\/03\/image-13.png 512w, https:\/\/www.hoymercedes.com.ar\/principal\/wp-content\/uploads\/2026\/03\/image-13-496x620.png 496w, https:\/\/www.hoymercedes.com.ar\/principal\/wp-content\/uploads\/2026\/03\/image-13-120x150.png 120w\" sizes=\"auto, (max-width: 512px) 100vw, 512px\" \/><\/figure>\n<\/div>\n\n\n<p>En di\u00e1logo con este medio, \u00abPelusa\u00bb Gonz\u00e1lez explic\u00f3 que ese s\u00e1bado en el Encuentro los presenten formar\u00e1n parte de paneles en donde hablar\u00e1n sobre, entre otras tem\u00e1ticas, la importancia de los departamentos sociales de los clubes. As\u00edmismo, se prevee dar cuenta de la oficializaci\u00f3n de estos departamentos en todos los clubes. <\/p>\n\n\n\n<p>Gonz\u00e1lez cont\u00f3 tambi\u00e9n que estar\u00e1n los representantes del Programa de las Naciones Unidas para el Desarrollo para presentarlo ante los clubes de AFA y que cada uno de ellos puedan participar del programa. Adem\u00e1s, el referente de All Boys cont\u00f3 que estar\u00e1n participando responsables de diferentes universidades como la del Salavador, la Siglo 21 y la UNLu para exponer sobre las tareas sociales que cada una lleva adelante. <\/p>\n\n\n\n<p>\u00abEstaremos trabajando con los clubes la importancia de trabajar interinstitucionalmente\u00bb, destac\u00f3 Gonz\u00e1lez en relaci\u00f3n a la participaci\u00f3n de las casas de estudios superiores. \u00abSe trata de un espacio de reflexi\u00f3n e intercambio que busca fortalecer el rol social que cumplen los clubes junto a otras organizaciones, potenciando el impacto positivo que el deporte genera en la sociedad\u00bb.<\/p>\n\n\n\n<p>El Encuentro comenzar\u00e1 a las 8 de la ma\u00f1ana del s\u00e1bado 14 con un desayuno y un acto protocolar que contar\u00e1 con la participaci\u00f3n de la banda de Gendarmer\u00eda Nacional. Luego de los paneles y un almuerzo para los presentes que tendr\u00e1 como objetivo celebrar el 113\u00b0 aniversario de All Boys se har\u00e1 una foto grupal con los representantes de las Ligas del Interior, como la de Tucum\u00e1n, Misiones y La Pampa, as\u00ed como representantes de los equipos de Primera Divisi\u00f3n que ya confirmaron la presencia. <\/p>\n\n\n\n<p>Tambi\u00e9n se espera la participaci\u00f3n de referentes del \u00e1rea social de un club de Suiza que contar\u00e1 su propia experiencia y el programa de responsabilidad social \u201cJugando es mejor\u201d de la expresa de medios TyC Sport.<\/p>\n","protected":false},"excerpt":{"rendered":"<p>El venidero 14 de marzo, el Club All Boys llevar\u00e1 adelante un Encuentro Nacional de Departamentos Sociales de los clubes &#8230; <a title=\"All Boys celebra 113 a\u00f1os con un encuentro de Departamentos Sociales\" class=\"read-more\" href=\"https:\/\/www.hoymercedes.com.ar\/principal\/2026\/03\/07\/all-boys-celebra-113-anos-con-un-encuentro-nacional\/\" aria-label=\"Leer m\u00e1s sobre All Boys celebra 113 a\u00f1os con un encuentro de Departamentos Sociales\">Leer m\u00e1s<\/a><\/p>\n","protected":false},"author":1,"featured_media":192883,"comment_status":"closed","ping_status":"open","sticky":false,"template":"","format":"standard","meta":{"_monsterinsights_skip_tracking":false,"_monsterinsights_sitenote_active":false,"_monsterinsights_sitenote_note":"","_monsterinsights_sitenote_category":0,"jetpack_post_was_ever_published":false,"_jetpack_newsletter_access":"","_jetpack_dont_email_post_to_subs":false,"_jetpack_newsletter_tier_id":0,"_jetpack_memberships_contains_paywalled_content":false,"_jetpack_memberships_contains_paid_content":false,"footnotes":"","jetpack_publicize_message":"","jetpack_publicize_feature_enabled":true,"jetpack_social_post_already_shared":true,"jetpack_social_options":{"image_generator_settings":{"template":"highway","default_image_id":0,"font":"","enabled":false},"version":2},"_wpas_customize_per_network":false},"categories":[8],"tags":[],"class_list":["post-192686","post","type-post","status-publish","format-standard","has-post-thumbnail","hentry","category-sociedad","generate-columns","tablet-grid-50","mobile-grid-100","grid-parent","grid-50"],"jetpack_publicize_connections":[],"jetpack_featured_media_url":"https:\/\/www.hoymercedes.com.ar\/principal\/wp-content\/uploads\/2026\/03\/image-13.png","wps_subtitle":"","jetpack_sharing_enabled":true,"_links":{"self":[{"href":"https:\/\/www.hoymercedes.com.ar\/principal\/wp-json\/wp\/v2\/posts\/192686","targetHints":{"allow":["GET"]}}],"collection":[{"href":"https:\/\/www.hoymercedes.com.ar\/principal\/wp-json\/wp\/v2\/posts"}],"about":[{"href":"https:\/\/www.hoymercedes.com.ar\/principal\/wp-json\/wp\/v2\/types\/post"}],"author":[{"embeddable":true,"href":"https:\/\/www.hoymercedes.com.ar\/principal\/wp-json\/wp\/v2\/users\/1"}],"replies":[{"embeddable":true,"href":"https:\/\/www.hoymercedes.com.ar\/principal\/wp-json\/wp\/v2\/comments?post=192686"}],"version-history":[{"count":4,"href":"https:\/\/www.hoymercedes.com.ar\/principal\/wp-json\/wp\/v2\/posts\/192686\/revisions"}],"predecessor-version":[{"id":192884,"href":"https:\/\/www.hoymercedes.com.ar\/principal\/wp-json\/wp\/v2\/posts\/192686\/revisions\/192884"}],"wp:featuredmedia":[{"embeddable":true,"href":"https:\/\/www.hoymercedes.com.ar\/principal\/wp-json\/wp\/v2\/media\/192883"}],"wp:attachment":[{"href":"https:\/\/www.hoymercedes.com.ar\/principal\/wp-json\/wp\/v2\/media?parent=192686"}],"wp:term":[{"taxonomy":"category","embeddable":true,"href":"https:\/\/www.hoymercedes.com.ar\/principal\/wp-json\/wp\/v2\/categories?post=192686"},{"taxonomy":"post_tag","embeddable":true,"href":"https:\/\/www.hoymercedes.com.ar\/principal\/wp-json\/wp\/v2\/tags?post=192686"}],"curies":[{"name":"wp","href":"https:\/\/api.w.org\/{rel}","templated":true}]}}