{"id":1927,"date":"2011-01-31T07:17:20","date_gmt":"2011-01-31T07:17:20","guid":{"rendered":"http:\/\/www.hoymercedes.com.ar\/principal\/?p=1927"},"modified":"2011-01-31T07:17:20","modified_gmt":"2011-01-31T07:17:20","slug":"cuestionan-posible-participacion-del-consejo-escolar-en-el-programa-mi-tv-digital","status":"publish","type":"post","link":"https:\/\/www.hoymercedes.com.ar\/principal\/2011\/01\/31\/cuestionan-posible-participacion-del-consejo-escolar-en-el-programa-mi-tv-digital\/","title":{"rendered":"Cuestionan posible participaci\u00f3n del Consejo Escolar en el Programa Mi TV Digital"},"content":{"rendered":"<figure id=\"attachment_1929\" aria-describedby=\"caption-attachment-1929\" style=\"width: 290px\" class=\"wp-caption alignleft\"><a href=\"https:\/\/www.hoymercedes.com.ar\/principal\/wp-content\/uploads\/2011\/01\/brown.jpg\"><img loading=\"lazy\" decoding=\"async\" data-attachment-id=\"1929\" data-permalink=\"https:\/\/www.hoymercedes.com.ar\/principal\/2011\/01\/31\/cuestionan-posible-participacion-del-consejo-escolar-en-el-programa-mi-tv-digital\/brown\/#main\" data-orig-file=\"https:\/\/www.hoymercedes.com.ar\/principal\/wp-content\/uploads\/2011\/01\/brown.jpg\" data-orig-size=\"400,300\" data-comments-opened=\"1\" data-image-meta=\"{&quot;aperture&quot;:&quot;2.8&quot;,&quot;credit&quot;:&quot;&quot;,&quot;camera&quot;:&quot;COOLPIX L10&quot;,&quot;caption&quot;:&quot;&quot;,&quot;created_timestamp&quot;:&quot;1296052531&quot;,&quot;copyright&quot;:&quot;Copyright 2006&quot;,&quot;focal_length&quot;:&quot;6.2&quot;,&quot;iso&quot;:&quot;64&quot;,&quot;shutter_speed&quot;:&quot;0.033333333333333&quot;,&quot;title&quot;:&quot;&quot;}\" data-image-title=\"brown\" data-image-description=\"\" data-image-caption=\"\" data-large-file=\"https:\/\/www.hoymercedes.com.ar\/principal\/wp-content\/uploads\/2011\/01\/brown.jpg\" class=\"size-medium wp-image-1929\" title=\"brown\" src=\"https:\/\/www.hoymercedes.com.ar\/principal\/wp-content\/uploads\/2011\/01\/brown-300x225.jpg\" alt=\"\" width=\"300\" height=\"225\" srcset=\"https:\/\/www.hoymercedes.com.ar\/principal\/wp-content\/uploads\/2011\/01\/brown-300x225.jpg 300w, https:\/\/www.hoymercedes.com.ar\/principal\/wp-content\/uploads\/2011\/01\/brown.jpg 400w\" sizes=\"auto, (max-width: 300px) 100vw, 300px\" \/><\/a><figcaption id=\"caption-attachment-1929\" class=\"wp-caption-text\">Monica Brown<\/figcaption><\/figure>\n<p style=\"text-align: justify;\">La Consejera\u00a0 Escolar de Uni\u00f3n Pro M\u00f3nica Brown sostuvo ayer durante una conferencia de prensa realizada en una confiter\u00eda c\u00e9ntrica que el Consejo Escolar no era un organismo \u201cintermediario en la entrega de formularios para acceder a la TV Digital p\u00fablica de manera gratuita\u201d<\/p>\n<p style=\"text-align: justify;\">Sostuvo \u201c quiero especialmente desde esta reuni\u00f3n con los medios llegar a los directivos de los diferentes servicios educativos de nuestro Distrito ya que me han llegado preguntas relacionadas con la entrega de formularios para acceder a la TV Digital P\u00fablica y que pasar\u00e1 con dichos establecimientos educativos\u00a0 y\u00a0 si se iba a contar en las escuelas de manera gratuita el programa de Televisi\u00f3n Digital Abierta que viene desde la Presidencia de la Naci\u00f3n.<\/p>\n<p style=\"text-align: justify;\">En base a dichas inquietudes\u00a0 estuve primero en\u00a0 el Correo Argentino, luego en el ANSES y en ambos casos lo explicado es muy sencillo, toda directora de una escuela de ense\u00f1anza p\u00fablica que quiera tener en su establecimiento el servicio ya mencionado debe concurrir al Correo Argentino, pedir un formulario, llenarlo, entregarlo all\u00ed mismo ya los pocos d\u00edas recibir\u00e1 en el domicilio de la Escuela la antena y el decodificador,<\/p>\n<p style=\"text-align: justify;\">Queda en claro entonces que nuestro organismo no ser\u00e1 intermediario para ning\u00fan caso de pedido al respeto, todo se canaliza a trav\u00e9s del Correo. Nosotros en el Consejo Escolar al menos hasta el momento no contamos con formularios para entregar.<\/p>\n<p style=\"text-align: justify;\">Quise dejar aclarado este tema debido a las dudas que se han generado acerca de los lugares donde se retiran los formularios y luego donde se entregan\u201d.<\/p>\n<p style=\"text-align: justify;\">Con relaci\u00f3n a la participaci\u00f3n del presidente del Consejo Escolar, Oscar Filip\u00edn,\u00a0 en el acto realizado en el Hospital Dubarry cuando desde la comuna se present\u00f3 el nuevo sistema de TV, respondi\u00f3 \u201cno estuve en dicho acto por lo cual no tengo conocimiento de lo que pudiese haber expresado el Consejero Filip\u00edn pero reitero que nosotros no contamos con formularios para entregar, as\u00ed que no se si a partir del comienzo de\u00a0 las clases puedan existir dichos formularios en cada una de las escuelas, reitero que no lo puedo decir porque a nosotros oficialmente nunca nos ha llegado nada con relaci\u00f3n a una posible participaci\u00f3n nuestra en este Programa.<\/p>\n<p style=\"text-align: justify;\">No quisiera pensar que todo esto pueda ser un juego pol\u00edtico del oficialismo, pero de cualquier manera no ser\u00eda nada raro porque estamos en un a\u00f1o electoral.<\/p>\n<p style=\"text-align: justify;\">De cualquier manera nuestro organismo se encuentra integrado por representantes de tres partidos pol\u00edticos y sinceramente en lo personal no me gustar\u00eda que algo como esto se llegue a canalizar a trav\u00e9s de un partido, no me gustar\u00eda escuchar que tal escuela tiene la TV Digital por que se la dio el Consejero Tal de Partido Tal.<\/p>\n<p style=\"text-align: justify;\">El programa viene desde la presidencia y es para todos y no deber\u00eda utilizarse pol\u00edticamente justamente este a\u00f1o que es de elecciones. Por eso les\u00a0 estoy diciendo a los directivos de las Escuelas\u00a0 piensen que se deben acercar al Consejo Escolar o a determinado Consejero para obtener el formulario y luego los beneficios de poder recibir todo de manera gratuita, vayan al Correo y all\u00ed podr\u00e1n hacer los tr\u00e1mites necesarios tal como corresponde\u201d.<\/p>\n","protected":false},"excerpt":{"rendered":"<p>La Consejera\u00a0 Escolar de Uni\u00f3n Pro M\u00f3nica Brown sostuvo ayer durante una conferencia de prensa realizada en una confiter\u00eda c\u00e9ntrica &#8230; <a title=\"Cuestionan posible participaci\u00f3n del Consejo Escolar en el Programa Mi TV Digital\" class=\"read-more\" href=\"https:\/\/www.hoymercedes.com.ar\/principal\/2011\/01\/31\/cuestionan-posible-participacion-del-consejo-escolar-en-el-programa-mi-tv-digital\/\" aria-label=\"Leer m\u00e1s sobre Cuestionan posible participaci\u00f3n del Consejo Escolar en el Programa Mi TV Digital\">Leer m\u00e1s<\/a><\/p>\n","protected":false},"author":1,"featured_media":0,"comment_status":"open","ping_status":"open","sticky":false,"template":"","format":"standard","meta":{"_monsterinsights_skip_tracking":false,"_monsterinsights_sitenote_active":false,"_monsterinsights_sitenote_note":"","_monsterinsights_sitenote_category":0,"jetpack_post_was_ever_published":false,"_jetpack_newsletter_access":"","_jetpack_dont_email_post_to_subs":false,"_jetpack_newsletter_tier_id":0,"_jetpack_memberships_contains_paywalled_content":false,"_jetpack_memberships_contains_paid_content":false,"footnotes":"","jetpack_publicize_message":"","jetpack_publicize_feature_enabled":true,"jetpack_social_post_already_shared":false,"jetpack_social_options":{"image_generator_settings":{"template":"highway","default_image_id":0,"font":"","enabled":false},"version":2},"_wpas_customize_per_network":false},"categories":[5],"tags":[421,263],"class_list":["post-1927","post","type-post","status-publish","format-standard","hentry","category-politica","tag-monica-brown","tag-union-pro-mercedes","generate-columns","tablet-grid-50","mobile-grid-100","grid-parent","grid-50"],"jetpack_publicize_connections":[],"jetpack_featured_media_url":"","wps_subtitle":"","jetpack_sharing_enabled":true,"_links":{"self":[{"href":"https:\/\/www.hoymercedes.com.ar\/principal\/wp-json\/wp\/v2\/posts\/1927","targetHints":{"allow":["GET"]}}],"collection":[{"href":"https:\/\/www.hoymercedes.com.ar\/principal\/wp-json\/wp\/v2\/posts"}],"about":[{"href":"https:\/\/www.hoymercedes.com.ar\/principal\/wp-json\/wp\/v2\/types\/post"}],"author":[{"embeddable":true,"href":"https:\/\/www.hoymercedes.com.ar\/principal\/wp-json\/wp\/v2\/users\/1"}],"replies":[{"embeddable":true,"href":"https:\/\/www.hoymercedes.com.ar\/principal\/wp-json\/wp\/v2\/comments?post=1927"}],"version-history":[{"count":0,"href":"https:\/\/www.hoymercedes.com.ar\/principal\/wp-json\/wp\/v2\/posts\/1927\/revisions"}],"wp:attachment":[{"href":"https:\/\/www.hoymercedes.com.ar\/principal\/wp-json\/wp\/v2\/media?parent=1927"}],"wp:term":[{"taxonomy":"category","embeddable":true,"href":"https:\/\/www.hoymercedes.com.ar\/principal\/wp-json\/wp\/v2\/categories?post=1927"},{"taxonomy":"post_tag","embeddable":true,"href":"https:\/\/www.hoymercedes.com.ar\/principal\/wp-json\/wp\/v2\/tags?post=1927"}],"curies":[{"name":"wp","href":"https:\/\/api.w.org\/{rel}","templated":true}]}}