{"id":192708,"date":"2026-03-04T12:25:26","date_gmt":"2026-03-04T15:25:26","guid":{"rendered":"https:\/\/www.hoymercedes.com.ar\/principal\/?p=192708"},"modified":"2026-03-03T12:34:45","modified_gmt":"2026-03-03T15:34:45","slug":"san-andres-de-giles-avanza-con-una-pista-de-atletismo-unica-en-el-pais-video","status":"publish","type":"post","link":"https:\/\/www.hoymercedes.com.ar\/principal\/2026\/03\/04\/san-andres-de-giles-avanza-con-una-pista-de-atletismo-unica-en-el-pais-video\/","title":{"rendered":"San Andr\u00e9s de Giles avanza con una pista de atletismo \u00fanica en el pa\u00eds (video)"},"content":{"rendered":"\n<p>San Andr\u00e9s de Giles contin\u00faa dando pasos firmes en materia deportiva con la construcci\u00f3n de la denominada \u201cPista Corta\u201d, un proyecto innovador que posicionar\u00e1 a la ciudad en el mapa del atletismo nacional e internacional.<\/p>\n\n\n\n<figure class=\"wp-block-image size-full\"><img loading=\"lazy\" decoding=\"async\" width=\"705\" height=\"449\" data-attachment-id=\"192709\" data-permalink=\"https:\/\/www.hoymercedes.com.ar\/principal\/2026\/03\/04\/san-andres-de-giles-avanza-con-una-pista-de-atletismo-unica-en-el-pais-video\/screenshot-5\/#main\" data-orig-file=\"https:\/\/www.hoymercedes.com.ar\/principal\/wp-content\/uploads\/2026\/03\/IMG_9164.jpeg\" data-orig-size=\"705,449\" data-comments-opened=\"0\" data-image-meta=\"{&quot;aperture&quot;:&quot;0&quot;,&quot;credit&quot;:&quot;&quot;,&quot;camera&quot;:&quot;&quot;,&quot;caption&quot;:&quot;Screenshot&quot;,&quot;created_timestamp&quot;:&quot;1772540875&quot;,&quot;copyright&quot;:&quot;&quot;,&quot;focal_length&quot;:&quot;0&quot;,&quot;iso&quot;:&quot;0&quot;,&quot;shutter_speed&quot;:&quot;0&quot;,&quot;title&quot;:&quot;Screenshot&quot;,&quot;orientation&quot;:&quot;1&quot;}\" data-image-title=\"Screenshot\" data-image-description=\"\" data-image-caption=\"&lt;p&gt;Screenshot&lt;\/p&gt;\n\" data-large-file=\"https:\/\/www.hoymercedes.com.ar\/principal\/wp-content\/uploads\/2026\/03\/IMG_9164.jpeg\" src=\"https:\/\/www.hoymercedes.com.ar\/principal\/wp-content\/uploads\/2026\/03\/IMG_9164.jpeg\" alt=\"\" class=\"wp-image-192709\" srcset=\"https:\/\/www.hoymercedes.com.ar\/principal\/wp-content\/uploads\/2026\/03\/IMG_9164.jpeg 705w, https:\/\/www.hoymercedes.com.ar\/principal\/wp-content\/uploads\/2026\/03\/IMG_9164-630x401.jpeg 630w, https:\/\/www.hoymercedes.com.ar\/principal\/wp-content\/uploads\/2026\/03\/IMG_9164-150x96.jpeg 150w\" sizes=\"auto, (max-width: 705px) 100vw, 705px\" \/><figcaption class=\"wp-element-caption\">Screenshot<\/figcaption><\/figure>\n\n\n\n<p>La obra, que se desarrolla en las instalaciones del Club El Front\u00f3n, consiste en una pista de 200 metros dise\u00f1ada bajo el concepto de las tradicionales pistas indoor, pero construida al aire libre. Se trata de la primera de este tipo en Argentina y la segunda en toda Sudam\u00e9rica, lo que la convierte en una infraestructura in\u00e9dita en el pa\u00eds.<\/p>\n\n\n\n<p>El proyecto apunta no solo a fortalecer el desarrollo deportivo local, sino tambi\u00e9n a dejar un legado vinculado a la innovaci\u00f3n, la inclusi\u00f3n y la excelencia. Desde la instituci\u00f3n destacaron que la pista contar\u00e1 con homologaci\u00f3n oficial, lo que permitir\u00e1 la realizaci\u00f3n de torneos nacionales e internacionales con registro de marcas oficiales.<\/p>\n\n\n\n<p>De esta manera, San Andr\u00e9s de Giles busca consolidarse como un punto de referencia para el atletismo, ampliando sus posibilidades de recibir competencias de alto nivel y promoviendo el crecimiento de la disciplina en la regi\u00f3n.<\/p>\n\n\n\n<p>Quienes deseen conocer m\u00e1s detalles sobre la iniciativa pueden acceder al proyecto completo a trav\u00e9s del sitio oficial del club.<\/p>\n\n\n\n<figure class=\"wp-block-video\"><video height=\"720\" style=\"aspect-ratio: 1280 \/ 720;\" width=\"1280\" controls src=\"https:\/\/www.hoymercedes.com.ar\/principal\/wp-content\/uploads\/2026\/03\/Seguimos-avanzando-con-la-construccion-de-la-Pista-Corta-\u2764\ufe0f\ud83d\udc99\ud83c\udfc3\u200d\u2642\ufe0f\ud83c\udfc3\u200d\u2640\ufe0fUn-proyecto-unico-e-innov-2.mp4\"><\/video><\/figure>\n\n\n\n<figure class=\"wp-block-video\"><\/figure>\n\n\n\n<figure class=\"wp-block-video\"><\/figure>\n\n\n\n<figure class=\"wp-block-video\"><\/figure>\n\n\n\n<figure class=\"wp-block-video\"><\/figure>\n\n\n\n<figure class=\"wp-block-video\"><\/figure>\n\n\n\n<figure class=\"wp-block-video\"><\/figure>\n\n\n\n<figure class=\"wp-block-video\"><\/figure>\n\n\n\n<figure class=\"wp-block-video\"><\/figure>\n\n\n\n<figure class=\"wp-block-video\"><\/figure>\n\n\n\n<figure class=\"wp-block-video\"><\/figure>\n\n\n\n<figure class=\"wp-block-video\"><\/figure>\n\n\n\n<figure class=\"wp-block-video\"><\/figure>\n\n\n\n<figure class=\"wp-block-video\"><\/figure>\n\n\n\n<figure class=\"wp-block-video\"><\/figure>\n\n\n\n<p><\/p>\n","protected":false},"excerpt":{"rendered":"<p>San Andr\u00e9s de Giles contin\u00faa dando pasos firmes en materia deportiva con la construcci\u00f3n de la denominada \u201cPista Corta\u201d, un &#8230; <a title=\"San Andr\u00e9s de Giles avanza con una pista de atletismo \u00fanica en el pa\u00eds (video)\" class=\"read-more\" href=\"https:\/\/www.hoymercedes.com.ar\/principal\/2026\/03\/04\/san-andres-de-giles-avanza-con-una-pista-de-atletismo-unica-en-el-pais-video\/\" aria-label=\"Leer m\u00e1s sobre San Andr\u00e9s de Giles avanza con una pista de atletismo \u00fanica en el pa\u00eds (video)\">Leer m\u00e1s<\/a><\/p>\n","protected":false},"author":1,"featured_media":192709,"comment_status":"closed","ping_status":"open","sticky":false,"template":"","format":"standard","meta":{"_monsterinsights_skip_tracking":false,"_monsterinsights_sitenote_active":false,"_monsterinsights_sitenote_note":"","_monsterinsights_sitenote_category":0,"jetpack_post_was_ever_published":false,"_jetpack_newsletter_access":"","_jetpack_dont_email_post_to_subs":false,"_jetpack_newsletter_tier_id":0,"_jetpack_memberships_contains_paywalled_content":false,"_jetpack_memberships_contains_paid_content":false,"footnotes":"","jetpack_publicize_message":"","jetpack_publicize_feature_enabled":true,"jetpack_social_post_already_shared":true,"jetpack_social_options":{"image_generator_settings":{"template":"highway","default_image_id":0,"font":"","enabled":false},"version":2},"_wpas_customize_per_network":false},"categories":[21],"tags":[],"class_list":["post-192708","post","type-post","status-publish","format-standard","has-post-thumbnail","hentry","category-deportes","generate-columns","tablet-grid-50","mobile-grid-100","grid-parent","grid-50"],"jetpack_publicize_connections":[],"jetpack_featured_media_url":"https:\/\/www.hoymercedes.com.ar\/principal\/wp-content\/uploads\/2026\/03\/IMG_9164.jpeg","wps_subtitle":"","jetpack_sharing_enabled":true,"_links":{"self":[{"href":"https:\/\/www.hoymercedes.com.ar\/principal\/wp-json\/wp\/v2\/posts\/192708","targetHints":{"allow":["GET"]}}],"collection":[{"href":"https:\/\/www.hoymercedes.com.ar\/principal\/wp-json\/wp\/v2\/posts"}],"about":[{"href":"https:\/\/www.hoymercedes.com.ar\/principal\/wp-json\/wp\/v2\/types\/post"}],"author":[{"embeddable":true,"href":"https:\/\/www.hoymercedes.com.ar\/principal\/wp-json\/wp\/v2\/users\/1"}],"replies":[{"embeddable":true,"href":"https:\/\/www.hoymercedes.com.ar\/principal\/wp-json\/wp\/v2\/comments?post=192708"}],"version-history":[{"count":1,"href":"https:\/\/www.hoymercedes.com.ar\/principal\/wp-json\/wp\/v2\/posts\/192708\/revisions"}],"predecessor-version":[{"id":192711,"href":"https:\/\/www.hoymercedes.com.ar\/principal\/wp-json\/wp\/v2\/posts\/192708\/revisions\/192711"}],"wp:featuredmedia":[{"embeddable":true,"href":"https:\/\/www.hoymercedes.com.ar\/principal\/wp-json\/wp\/v2\/media\/192709"}],"wp:attachment":[{"href":"https:\/\/www.hoymercedes.com.ar\/principal\/wp-json\/wp\/v2\/media?parent=192708"}],"wp:term":[{"taxonomy":"category","embeddable":true,"href":"https:\/\/www.hoymercedes.com.ar\/principal\/wp-json\/wp\/v2\/categories?post=192708"},{"taxonomy":"post_tag","embeddable":true,"href":"https:\/\/www.hoymercedes.com.ar\/principal\/wp-json\/wp\/v2\/tags?post=192708"}],"curies":[{"name":"wp","href":"https:\/\/api.w.org\/{rel}","templated":true}]}}