{"id":192716,"date":"2026-03-03T16:28:00","date_gmt":"2026-03-03T19:28:00","guid":{"rendered":"https:\/\/www.hoymercedes.com.ar\/principal\/?p=192716"},"modified":"2026-03-03T15:28:08","modified_gmt":"2026-03-03T18:28:08","slug":"obispo-sheinig-de-mercedes-lujan-reunido-en-mar-del-plata","status":"publish","type":"post","link":"https:\/\/www.hoymercedes.com.ar\/principal\/2026\/03\/03\/obispo-sheinig-de-mercedes-lujan-reunido-en-mar-del-plata\/","title":{"rendered":"Obispo Scheinig de Mercedes &#8211; Luj\u00e1n, reunido en Mar del Plata"},"content":{"rendered":"\n<p>Como es tradici\u00f3n, en la ciudad de Mar del Plata, desde el martes 24 al jueves 26 de febrero, se llev\u00f3 a cabo el encuentro de los obispos de las Di\u00f3cesis de la Regi\u00f3n Pastoral Platense, entre las que se encuentran las arquidi\u00f3cesis de Bah\u00eda Blanca, La Plata y Mercedes-Luj\u00e1n; y las di\u00f3cesis de Azul, Chascom\u00fas, Mar del Plata, Santa Rosa y 9 de Julio. <\/p>\n\n\n\n<figure class=\"wp-block-image size-full\"><img loading=\"lazy\" decoding=\"async\" width=\"900\" height=\"500\" data-attachment-id=\"192717\" data-permalink=\"https:\/\/www.hoymercedes.com.ar\/principal\/2026\/03\/03\/obispo-sheinig-de-mercedes-lujan-reunido-en-mar-del-plata\/img_9166\/#main\" data-orig-file=\"https:\/\/www.hoymercedes.com.ar\/principal\/wp-content\/uploads\/2026\/03\/IMG_9166.png\" data-orig-size=\"900,500\" data-comments-opened=\"0\" data-image-meta=\"{&quot;aperture&quot;:&quot;0&quot;,&quot;credit&quot;:&quot;&quot;,&quot;camera&quot;:&quot;&quot;,&quot;caption&quot;:&quot;&quot;,&quot;created_timestamp&quot;:&quot;0&quot;,&quot;copyright&quot;:&quot;&quot;,&quot;focal_length&quot;:&quot;0&quot;,&quot;iso&quot;:&quot;0&quot;,&quot;shutter_speed&quot;:&quot;0&quot;,&quot;title&quot;:&quot;&quot;,&quot;orientation&quot;:&quot;0&quot;}\" data-image-title=\"IMG_9166\" data-image-description=\"\" data-image-caption=\"\" data-large-file=\"https:\/\/www.hoymercedes.com.ar\/principal\/wp-content\/uploads\/2026\/03\/IMG_9166.png\" src=\"https:\/\/www.hoymercedes.com.ar\/principal\/wp-content\/uploads\/2026\/03\/IMG_9166.png\" alt=\"\" class=\"wp-image-192717\" srcset=\"https:\/\/www.hoymercedes.com.ar\/principal\/wp-content\/uploads\/2026\/03\/IMG_9166.png 900w, https:\/\/www.hoymercedes.com.ar\/principal\/wp-content\/uploads\/2026\/03\/IMG_9166-630x350.png 630w, https:\/\/www.hoymercedes.com.ar\/principal\/wp-content\/uploads\/2026\/03\/IMG_9166-150x83.png 150w\" sizes=\"auto, (max-width: 900px) 100vw, 900px\" \/><\/figure>\n\n\n\n<p>Monse\u00f1or Jorge Eduardo Scheinig, delegado regional, comparti\u00f3:<\/p>\n\n\n\n<p><em>\u201c<strong>Los obispos de la Regi\u00f3n Platense, nos reunimos desde el martes 24 al jueves 26<\/strong>&nbsp;en la ciudad de Mar del Plata.<\/em><\/p>\n\n\n\n<p><em><strong>Compartimos una mirada sobre la realidad eclesial, social y pol\u00edtica e intentamos descubrir los desaf\u00edos<\/strong>propios de este momento hist\u00f3rico.<\/em><\/p>\n\n\n\n<p><em><strong>Hicimos nuestro, el mensaje de la Pastoral Social de la Regi\u00f3n<\/strong>. Lo que all\u00ed se trasmite sobre la cuesti\u00f3n del trabajo, expresa muy bien lo que dice la Doctrina Social de la Iglesia para iluminar e interpelar las situaciones que estamos viviendo hoy.<\/em><\/p>\n\n\n\n<p><em>Adem\u00e1s,&nbsp;<strong>reflexionamos sobre el dinamismo de la Conferencia Episcopal y las diversas adecuaciones que estamos llamados a hacer para ser fieles a la Misi\u00f3n de la Iglesia<\/strong>.\u201d<\/em><\/p>\n\n\n\n<p>Finalmente, el arzobispo de Mercedes-Luj\u00e1n, expres\u00f3:<\/p>\n\n\n\n<p><em>\u201c<strong>Reflexionamos sobre la mutual del clero<\/strong>. Y finalmente, a partir de los informes de las distintas \u00c1reas Pastorales de la Regi\u00f3n y sus Comisiones, compartimos nuestros pareceres y aportes.<\/em><\/p>\n\n\n\n<p><em><strong>En un clima de comuni\u00f3n, fraternidad y corresponsabilidad, nos sentimos muy agradecidos por la vida que tienen nuestras Iglesias Particulares y la inmensa cantidad de laicas y laicos<\/strong>&nbsp;que las sostienen con su generosa entrega y rezamos con perseverancia por ellas.\u201d<\/em><\/p>\n","protected":false},"excerpt":{"rendered":"<p>Como es tradici\u00f3n, en la ciudad de Mar del Plata, desde el martes 24 al jueves 26 de febrero, se &#8230; <a title=\"Obispo Scheinig de Mercedes &#8211; Luj\u00e1n, reunido en Mar del Plata\" class=\"read-more\" href=\"https:\/\/www.hoymercedes.com.ar\/principal\/2026\/03\/03\/obispo-sheinig-de-mercedes-lujan-reunido-en-mar-del-plata\/\" aria-label=\"Leer m\u00e1s sobre Obispo Scheinig de Mercedes &#8211; Luj\u00e1n, reunido en Mar del Plata\">Leer m\u00e1s<\/a><\/p>\n","protected":false},"author":1,"featured_media":192717,"comment_status":"closed","ping_status":"open","sticky":false,"template":"","format":"standard","meta":{"_monsterinsights_skip_tracking":false,"_monsterinsights_sitenote_active":false,"_monsterinsights_sitenote_note":"","_monsterinsights_sitenote_category":0,"jetpack_post_was_ever_published":false,"_jetpack_newsletter_access":"","_jetpack_dont_email_post_to_subs":false,"_jetpack_newsletter_tier_id":0,"_jetpack_memberships_contains_paywalled_content":false,"_jetpack_memberships_contains_paid_content":false,"footnotes":"","jetpack_publicize_message":"","jetpack_publicize_feature_enabled":true,"jetpack_social_post_already_shared":true,"jetpack_social_options":{"image_generator_settings":{"template":"highway","default_image_id":0,"font":"","enabled":false},"version":2},"_wpas_customize_per_network":false},"categories":[8],"tags":[],"class_list":["post-192716","post","type-post","status-publish","format-standard","has-post-thumbnail","hentry","category-sociedad","generate-columns","tablet-grid-50","mobile-grid-100","grid-parent","grid-50"],"jetpack_publicize_connections":[],"jetpack_featured_media_url":"https:\/\/www.hoymercedes.com.ar\/principal\/wp-content\/uploads\/2026\/03\/IMG_9166.png","wps_subtitle":"","jetpack_sharing_enabled":true,"_links":{"self":[{"href":"https:\/\/www.hoymercedes.com.ar\/principal\/wp-json\/wp\/v2\/posts\/192716","targetHints":{"allow":["GET"]}}],"collection":[{"href":"https:\/\/www.hoymercedes.com.ar\/principal\/wp-json\/wp\/v2\/posts"}],"about":[{"href":"https:\/\/www.hoymercedes.com.ar\/principal\/wp-json\/wp\/v2\/types\/post"}],"author":[{"embeddable":true,"href":"https:\/\/www.hoymercedes.com.ar\/principal\/wp-json\/wp\/v2\/users\/1"}],"replies":[{"embeddable":true,"href":"https:\/\/www.hoymercedes.com.ar\/principal\/wp-json\/wp\/v2\/comments?post=192716"}],"version-history":[{"count":2,"href":"https:\/\/www.hoymercedes.com.ar\/principal\/wp-json\/wp\/v2\/posts\/192716\/revisions"}],"predecessor-version":[{"id":192730,"href":"https:\/\/www.hoymercedes.com.ar\/principal\/wp-json\/wp\/v2\/posts\/192716\/revisions\/192730"}],"wp:featuredmedia":[{"embeddable":true,"href":"https:\/\/www.hoymercedes.com.ar\/principal\/wp-json\/wp\/v2\/media\/192717"}],"wp:attachment":[{"href":"https:\/\/www.hoymercedes.com.ar\/principal\/wp-json\/wp\/v2\/media?parent=192716"}],"wp:term":[{"taxonomy":"category","embeddable":true,"href":"https:\/\/www.hoymercedes.com.ar\/principal\/wp-json\/wp\/v2\/categories?post=192716"},{"taxonomy":"post_tag","embeddable":true,"href":"https:\/\/www.hoymercedes.com.ar\/principal\/wp-json\/wp\/v2\/tags?post=192716"}],"curies":[{"name":"wp","href":"https:\/\/api.w.org\/{rel}","templated":true}]}}