{"id":192727,"date":"2026-03-04T10:06:00","date_gmt":"2026-03-04T13:06:00","guid":{"rendered":"https:\/\/www.hoymercedes.com.ar\/principal\/?p=192727"},"modified":"2026-03-03T15:08:39","modified_gmt":"2026-03-03T18:08:39","slug":"vecinos-x-mercedes-busca-transparentar-las-sociedades-de-fomento","status":"publish","type":"post","link":"https:\/\/www.hoymercedes.com.ar\/principal\/2026\/03\/04\/vecinos-x-mercedes-busca-transparentar-las-sociedades-de-fomento\/","title":{"rendered":"Vecinos x Mercedes busca transparentar las Sociedades de Fomento"},"content":{"rendered":"\n<p>El bloque \u00abVecinos por Mercedes\u00bb present\u00f3 un proyecto de resoluci\u00f3n para conocer el estado institucional, jur\u00eddico y contable de todas las entidades barriales y la de la Federaci\u00f3n que las nuclea.<\/p>\n\n\n\n<figure class=\"wp-block-image size-full\"><img loading=\"lazy\" decoding=\"async\" width=\"720\" height=\"421\" data-attachment-id=\"192728\" data-permalink=\"https:\/\/www.hoymercedes.com.ar\/principal\/2026\/03\/04\/vecinos-x-mercedes-busca-transparentar-las-sociedades-de-fomento\/e7f38614-e358-4b81-a479-c2ca4cb3b914\/#main\" data-orig-file=\"https:\/\/www.hoymercedes.com.ar\/principal\/wp-content\/uploads\/2026\/03\/e7f38614-e358-4b81-a479-c2ca4cb3b914.jpeg\" data-orig-size=\"720,421\" data-comments-opened=\"0\" data-image-meta=\"{&quot;aperture&quot;:&quot;0&quot;,&quot;credit&quot;:&quot;&quot;,&quot;camera&quot;:&quot;&quot;,&quot;caption&quot;:&quot;&quot;,&quot;created_timestamp&quot;:&quot;1772560741&quot;,&quot;copyright&quot;:&quot;&quot;,&quot;focal_length&quot;:&quot;0&quot;,&quot;iso&quot;:&quot;0&quot;,&quot;shutter_speed&quot;:&quot;0&quot;,&quot;title&quot;:&quot;&quot;,&quot;orientation&quot;:&quot;0&quot;}\" data-image-title=\"e7f38614-e358-4b81-a479-c2ca4cb3b914\" data-image-description=\"\" data-image-caption=\"\" data-large-file=\"https:\/\/www.hoymercedes.com.ar\/principal\/wp-content\/uploads\/2026\/03\/e7f38614-e358-4b81-a479-c2ca4cb3b914.jpeg\" src=\"https:\/\/www.hoymercedes.com.ar\/principal\/wp-content\/uploads\/2026\/03\/e7f38614-e358-4b81-a479-c2ca4cb3b914.jpeg\" alt=\"\" class=\"wp-image-192728\" srcset=\"https:\/\/www.hoymercedes.com.ar\/principal\/wp-content\/uploads\/2026\/03\/e7f38614-e358-4b81-a479-c2ca4cb3b914.jpeg 720w, https:\/\/www.hoymercedes.com.ar\/principal\/wp-content\/uploads\/2026\/03\/e7f38614-e358-4b81-a479-c2ca4cb3b914-630x368.jpeg 630w, https:\/\/www.hoymercedes.com.ar\/principal\/wp-content\/uploads\/2026\/03\/e7f38614-e358-4b81-a479-c2ca4cb3b914-150x88.jpeg 150w\" sizes=\"auto, (max-width: 720px) 100vw, 720px\" \/><\/figure>\n\n\n\n<p>Los concejales Bernardo Zubeldia y Romanela Vautretto, integrantes del bloque \u00abVecinos por Mercedes\u00bb, elevaron un proyecto de resoluci\u00f3n ante el Honorable Concejo Deliberante solicitando al Departamento Ejecutivo un informe exhaustivo sobre la totalidad de las Sociedades de Fomento del distrito.<\/p>\n\n\n\n<p>La iniciativa surge bajo la premisa de que la transparencia y regularidad de estas instituciones son fundamentales para fortalecer el sistema democr\u00e1tico local y la participaci\u00f3n comunitaria.<\/p>\n\n\n\n<p>El pedido que deber\u00e1 ser aprobado y es dirigido a la Secretar\u00eda de Gobierno, exige precisiones sobre el estado de funcionamiento de todas las entidades que operan o hayan operado en el Partido de Mercedes, sin excepci\u00f3n alguna.<\/p>\n\n\n\n<p>El cuerpo legislativo busca obtener datos actualizados que permitan trazar un mapa real del fomento barrial.<\/p>\n\n\n\n<p>Entre los requerimientos principales para cada sociedad se destacan:<\/p>\n\n\n\n<ul class=\"wp-block-list\">\n<li>Situaci\u00f3n Jur\u00eddica e Institucional: Se solicita el estado de la personer\u00eda jur\u00eddica (vigente, en tr\u00e1mite o vencida), la n\u00f3mina actualizada de autoridades y el estado institucional actual.<\/li>\n\n\n\n<li>Procesos Electorales: El informe deber\u00e1 detallar la fecha de la \u00faltima elecci\u00f3n de autoridades, el vencimiento de los mandatos vigentes y si existen convocatorias a pr\u00f3ximos comicios.<\/li>\n\n\n\n<li>Transparencia Econ\u00f3mica: Un punto central del pedido es el detalle de los aportes municipales, subsidios o asistencia econ\u00f3mica recibida durante los \u00faltimos dos a\u00f1os, especificando montos y conceptos.<\/li>\n<\/ul>\n\n\n\n<p>El proyecto no se limita a las entidades individuales, sino que dedica un apartado exclusivo (Art\u00edculo 3\u00b0) a la Federaci\u00f3n de Sociedades de Fomento del Partido de Mercedes.<\/p>\n\n\n\n<p>Los concejales han manifestado un especial inter\u00e9s en conocer su situaci\u00f3n patrimonial, el estado dominial de su sede social y las condiciones edilicias del inmueble donde funciona.<\/p>\n\n\n\n<p>\u00abLas Sociedades de Fomento constituyen herramientas clave de organizaci\u00f3n barrial y canalizaci\u00f3n de demandas vecinales\u00bb, sostiene el documento entre sus considerandos, subrayando la facultad del Concejo para solicitar este tipo de informaci\u00f3n p\u00fablica y precisa.<\/p>\n\n\n\n<p>La resoluci\u00f3n, que ya cuenta con el ingreso administrativo correspondiente, deber\u00e1 ser tratada, aprobada y luego podr\u00eda entonces ser comunicada al Departamento Ejecutivo para su cumplimiento efectivo.<\/p>\n","protected":false},"excerpt":{"rendered":"<p>El bloque \u00abVecinos por Mercedes\u00bb present\u00f3 un proyecto de resoluci\u00f3n para conocer el estado institucional, jur\u00eddico y contable de todas &#8230; <a title=\"Vecinos x Mercedes busca transparentar las Sociedades de Fomento\" class=\"read-more\" href=\"https:\/\/www.hoymercedes.com.ar\/principal\/2026\/03\/04\/vecinos-x-mercedes-busca-transparentar-las-sociedades-de-fomento\/\" aria-label=\"Leer m\u00e1s sobre Vecinos x Mercedes busca transparentar las Sociedades de Fomento\">Leer m\u00e1s<\/a><\/p>\n","protected":false},"author":1,"featured_media":192728,"comment_status":"closed","ping_status":"open","sticky":false,"template":"","format":"standard","meta":{"_monsterinsights_skip_tracking":false,"_monsterinsights_sitenote_active":false,"_monsterinsights_sitenote_note":"","_monsterinsights_sitenote_category":0,"jetpack_post_was_ever_published":false,"_jetpack_newsletter_access":"","_jetpack_dont_email_post_to_subs":false,"_jetpack_newsletter_tier_id":0,"_jetpack_memberships_contains_paywalled_content":false,"_jetpack_memberships_contains_paid_content":false,"footnotes":"","jetpack_publicize_message":"","jetpack_publicize_feature_enabled":true,"jetpack_social_post_already_shared":true,"jetpack_social_options":{"image_generator_settings":{"template":"highway","default_image_id":0,"font":"","enabled":false},"version":2},"_wpas_customize_per_network":false},"categories":[5],"tags":[],"class_list":["post-192727","post","type-post","status-publish","format-standard","has-post-thumbnail","hentry","category-politica","generate-columns","tablet-grid-50","mobile-grid-100","grid-parent","grid-50"],"jetpack_publicize_connections":[],"jetpack_featured_media_url":"https:\/\/www.hoymercedes.com.ar\/principal\/wp-content\/uploads\/2026\/03\/e7f38614-e358-4b81-a479-c2ca4cb3b914.jpeg","wps_subtitle":"","jetpack_sharing_enabled":true,"_links":{"self":[{"href":"https:\/\/www.hoymercedes.com.ar\/principal\/wp-json\/wp\/v2\/posts\/192727","targetHints":{"allow":["GET"]}}],"collection":[{"href":"https:\/\/www.hoymercedes.com.ar\/principal\/wp-json\/wp\/v2\/posts"}],"about":[{"href":"https:\/\/www.hoymercedes.com.ar\/principal\/wp-json\/wp\/v2\/types\/post"}],"author":[{"embeddable":true,"href":"https:\/\/www.hoymercedes.com.ar\/principal\/wp-json\/wp\/v2\/users\/1"}],"replies":[{"embeddable":true,"href":"https:\/\/www.hoymercedes.com.ar\/principal\/wp-json\/wp\/v2\/comments?post=192727"}],"version-history":[{"count":1,"href":"https:\/\/www.hoymercedes.com.ar\/principal\/wp-json\/wp\/v2\/posts\/192727\/revisions"}],"predecessor-version":[{"id":192729,"href":"https:\/\/www.hoymercedes.com.ar\/principal\/wp-json\/wp\/v2\/posts\/192727\/revisions\/192729"}],"wp:featuredmedia":[{"embeddable":true,"href":"https:\/\/www.hoymercedes.com.ar\/principal\/wp-json\/wp\/v2\/media\/192728"}],"wp:attachment":[{"href":"https:\/\/www.hoymercedes.com.ar\/principal\/wp-json\/wp\/v2\/media?parent=192727"}],"wp:term":[{"taxonomy":"category","embeddable":true,"href":"https:\/\/www.hoymercedes.com.ar\/principal\/wp-json\/wp\/v2\/categories?post=192727"},{"taxonomy":"post_tag","embeddable":true,"href":"https:\/\/www.hoymercedes.com.ar\/principal\/wp-json\/wp\/v2\/tags?post=192727"}],"curies":[{"name":"wp","href":"https:\/\/api.w.org\/{rel}","templated":true}]}}