{"id":192740,"date":"2026-03-04T08:00:00","date_gmt":"2026-03-04T11:00:00","guid":{"rendered":"https:\/\/www.hoymercedes.com.ar\/principal\/?p=192740"},"modified":"2026-03-03T23:40:03","modified_gmt":"2026-03-04T02:40:03","slug":"gowland-y-agote-se-preparan-para-una-jornada-especial-por-el-8m","status":"publish","type":"post","link":"https:\/\/www.hoymercedes.com.ar\/principal\/2026\/03\/04\/gowland-y-agote-se-preparan-para-una-jornada-especial-por-el-8m\/","title":{"rendered":"Gowland y Agote se preparan para una jornada especial por el 8M"},"content":{"rendered":"\n<p>Las localidades de <strong>Gowland y Agote<\/strong> ser\u00e1n el escenario de una convocatoria comunitaria el pr\u00f3ximo <strong>6 de marzo<\/strong>, en conmemoraci\u00f3n del D\u00eda Internacional de la Mujer (<strong>#8M<\/strong>). La jornada busca reunir a las vecinas y vecinos en un espacio de visibilizaci\u00f3n y encuentro bajo una modalidad participativa. Es organizada por su Sociedad de Fomento y el Punto Digiral. <\/p>\n\n\n\n<p>El punto de encuentro ser\u00e1 el <strong>Punto Digital (calle 511 entre 504 y 506)<\/strong>, desde donde se coordinar\u00e1n las siguientes actividades:<\/p>\n\n\n\n<ul class=\"wp-block-list\">\n<li><strong>19:00 hs | Caminata Simb\u00f3lica:<\/strong> Un recorrido por las calles de la localidad para manifestar el compromiso con la fecha.<\/li>\n\n\n\n<li><strong>19:30 hs | Merienda Comunitaria:<\/strong> Al finalizar la caminata, se llevar\u00e1 a cabo un compartir en la <strong>Sociedad de Fomento<\/strong>.<\/li>\n\n\n\n<li><strong>Exposici\u00f3n:<\/strong> Durante el evento, se exhibir\u00e1 una muestra de <strong>carteler\u00eda tem\u00e1tica<\/strong> dise\u00f1ada en el marco de la lucha y las reivindicaciones del 8M.<\/li>\n<\/ul>\n\n\n\n<p>Esta iniciativa local invita a toda la zona a sumarse para reflexionar y compartir en comunidad.<\/p>\n","protected":false},"excerpt":{"rendered":"<p>Las localidades de Gowland y Agote ser\u00e1n el escenario de una convocatoria comunitaria el pr\u00f3ximo 6 de marzo, en conmemoraci\u00f3n &#8230; <a title=\"Gowland y Agote se preparan para una jornada especial por el 8M\" class=\"read-more\" href=\"https:\/\/www.hoymercedes.com.ar\/principal\/2026\/03\/04\/gowland-y-agote-se-preparan-para-una-jornada-especial-por-el-8m\/\" aria-label=\"Leer m\u00e1s sobre Gowland y Agote se preparan para una jornada especial por el 8M\">Leer m\u00e1s<\/a><\/p>\n","protected":false},"author":1,"featured_media":192741,"comment_status":"closed","ping_status":"open","sticky":false,"template":"","format":"standard","meta":{"_monsterinsights_skip_tracking":false,"_monsterinsights_sitenote_active":false,"_monsterinsights_sitenote_note":"","_monsterinsights_sitenote_category":0,"jetpack_post_was_ever_published":false,"_jetpack_newsletter_access":"","_jetpack_dont_email_post_to_subs":false,"_jetpack_newsletter_tier_id":0,"_jetpack_memberships_contains_paywalled_content":false,"_jetpack_memberships_contains_paid_content":false,"footnotes":"","jetpack_publicize_message":"","jetpack_publicize_feature_enabled":true,"jetpack_social_post_already_shared":true,"jetpack_social_options":{"image_generator_settings":{"template":"highway","default_image_id":0,"font":"","enabled":false},"version":2},"_wpas_customize_per_network":false},"categories":[8],"tags":[875,21002],"class_list":["post-192740","post","type-post","status-publish","format-standard","has-post-thumbnail","hentry","category-sociedad","tag-gowland","tag-punto-digital-gowland-agote","generate-columns","tablet-grid-50","mobile-grid-100","grid-parent","grid-50"],"jetpack_publicize_connections":[],"jetpack_featured_media_url":"https:\/\/www.hoymercedes.com.ar\/principal\/wp-content\/uploads\/2026\/03\/Sin-titulo.jpg","wps_subtitle":"","jetpack_sharing_enabled":true,"_links":{"self":[{"href":"https:\/\/www.hoymercedes.com.ar\/principal\/wp-json\/wp\/v2\/posts\/192740","targetHints":{"allow":["GET"]}}],"collection":[{"href":"https:\/\/www.hoymercedes.com.ar\/principal\/wp-json\/wp\/v2\/posts"}],"about":[{"href":"https:\/\/www.hoymercedes.com.ar\/principal\/wp-json\/wp\/v2\/types\/post"}],"author":[{"embeddable":true,"href":"https:\/\/www.hoymercedes.com.ar\/principal\/wp-json\/wp\/v2\/users\/1"}],"replies":[{"embeddable":true,"href":"https:\/\/www.hoymercedes.com.ar\/principal\/wp-json\/wp\/v2\/comments?post=192740"}],"version-history":[{"count":1,"href":"https:\/\/www.hoymercedes.com.ar\/principal\/wp-json\/wp\/v2\/posts\/192740\/revisions"}],"predecessor-version":[{"id":192742,"href":"https:\/\/www.hoymercedes.com.ar\/principal\/wp-json\/wp\/v2\/posts\/192740\/revisions\/192742"}],"wp:featuredmedia":[{"embeddable":true,"href":"https:\/\/www.hoymercedes.com.ar\/principal\/wp-json\/wp\/v2\/media\/192741"}],"wp:attachment":[{"href":"https:\/\/www.hoymercedes.com.ar\/principal\/wp-json\/wp\/v2\/media?parent=192740"}],"wp:term":[{"taxonomy":"category","embeddable":true,"href":"https:\/\/www.hoymercedes.com.ar\/principal\/wp-json\/wp\/v2\/categories?post=192740"},{"taxonomy":"post_tag","embeddable":true,"href":"https:\/\/www.hoymercedes.com.ar\/principal\/wp-json\/wp\/v2\/tags?post=192740"}],"curies":[{"name":"wp","href":"https:\/\/api.w.org\/{rel}","templated":true}]}}